{"id":122828,"date":"2020-12-30T07:30:20","date_gmt":"2020-12-30T06:30:20","guid":{"rendered":"http:\/\/www.tucomarca.com\/wordpress\/segunda\/?p=122828"},"modified":"2020-12-30T23:03:09","modified_gmt":"2020-12-30T22:03:09","slug":"els-agricultors-valencians-deixen-de-cultivar-en-2020-una-superficie-equivalent-a-cinc-camps-de-futbol-al-dia","status":"publish","type":"post","link":"https:\/\/www.tucomarca.com\/wordpress\/segunda\/ca\/els-agricultors-valencians-deixen-de-cultivar-en-2020-una-superficie-equivalent-a-cinc-camps-de-futbol-al-dia\/","title":{"rendered":"Els agricultors valencians deixen de cultivar en 2020 una superf\u00edcie equivalent a cinc camps de futbol al dia"},"content":{"rendered":"\n<p>Un estudi de l&#8217;Associaci\u00f3 Valenciana d&#8217;Agricultors (AVA-Asaja) elaborat a partir de la nova Enquesta ESYRCE del Ministeri d&#8217;Agricultura revela que la superf\u00edcie agr\u00edcola de la Comunitat Valenciana descendix en 2020 un 0,83% respecte a l&#8217;any anterior, \u00e9s a dir, en 1.335 hect\u00e0rees. Este balan\u00e7 permet concloure que els agricultors valencians deixen de cultivar 3,6 hect\u00e0rees al dia, una superf\u00edcie equivalent a cinc camps de futbol.<\/p>\n\n\n\n<p>AVA-Asaja lamenta que la Comunitat Valenciana continua ostentant el trist honor d&#8217;encap\u00e7alar el r\u00e0nquing nacional de terres agr\u00e0ries ermes amb 162.902 hect\u00e0rees. Les comunitats aut\u00f2nomes que li seguixen en superf\u00edcie no cultivada s\u00f3n castella-la Manxa (161.075 hect\u00e0rees) , Castella i Lle\u00f3 (127.297 Ha) , Andalusia (126.144 Ha) i Arag\u00f3 (108.634 Ha) , totes elles a pesar de comptar amb molta major extensi\u00f3 geogr\u00e0fica. Espanya en el seu conjunt aconseguix les 1.027.534 hect\u00e0rees ermes despr\u00e9s d&#8217;incrementar-se enguany en un 1,18%.<\/p>\n\n\n\n<p>El president d&#8217;AVA-Asaja, Crist\u00f3bal Aguado, explica que &#8220;este proc\u00e9s implacable de camps no cultivats \u00e9s conseq\u00fc\u00e8ncia directa de la insostenible crisi de rendibilitat que travessen els agricultors espanyols i, de manera encara m\u00e9s dram\u00e0tica, els agricultors valencians. \u00c9s la prova del cot\u00f3, l&#8217;evid\u00e8ncia que la cadena agroaliment\u00e0ria falla i es trenca per l&#8217;anella m\u00e9s d\u00e8bil, el del productor, perqu\u00e8 no rep preus dignes. A m\u00e9s de la superf\u00edcie abandonada, boten les alarmes per l&#8217;envelliment r\u00e8cord de la poblaci\u00f3 agr\u00e0ria -per damunt dels 63 anys de mitja en la Comunitat Valenciana- i la falta de relleu generacional al capdavant de les explotacions agropecuarias&#8221;.<\/p>\n\n\n\n<p>No obstant aix\u00f2, segons el parer d&#8217;Aguado, &#8220;la classe pol\u00edtica no vol actuar de veritat per a solucionar la situaci\u00f3 l\u00edmit del camp, ni tan sols despr\u00e9s de proclamar el seu paper essencial a l&#8217;hora de subministrar aliments durant la pand\u00e8mia del Covid-19. Els governs valenci\u00e0 i espanyol deixen morir al sector agrari sense aportar mesures de calat. Parlen molt d&#8217;emerg\u00e8ncia clim\u00e0tica per\u00f2 no defenen el futur d&#8217;un col\u00b7lectiu que \u00e9s fonamental per a preservar el territori i el medi ambient. Parlen molt de protegir l&#8217;horta per\u00f2 s&#8217;obliden de protegir a les persones que la mantenen cultivada. Parlen molt de cuidar els animals per\u00f2 es desentenen dels ramaders. Parlen molt d&#8217;agricultura per\u00f2 molt poc dels agricultores&#8221;.<\/p>\n\n\n\n<p>Els cultius valencians que m\u00e9s superf\u00edcie han perdut en 2020 s\u00f3n la vinya (1.100 hect\u00e0rees menys que en 2019) , els c\u00edtrics (556 Ha menys, que baixen 1.786 Ha en el cas de les mandarines) i el caqui (la reducci\u00f3 de 282 hect\u00e0rees suposa un punt d&#8217;inflexi\u00f3 en la seua tend\u00e8ncia a l&#8217;al\u00e7a) . Tamb\u00e9 cal destacar el retroc\u00e9s en produccions amb baixa rendibilitat com la cre\u00eflla (-82%) , la carxofa (-47%) , la ceba (-46%) , la tomaca (-16%) , el mel\u00f3 d&#8217;alger (-8%) , la bresquilla i nectarina (-7%) , l&#8217;albercoc (-6%) o la granada (-4%) . Al contrari, la demanda mundial continua elevant l&#8217;inter\u00e9s per alternatives com l&#8217;alvocater (+45%) i el kiwi (+30%). Informa, <strong>Luis Ib\u00e1\u00f1ez<\/strong>.<\/p>\n","protected":false},"excerpt":{"rendered":"<div class=\"mh-excerpt\">Un estudi de l&#8217;Associaci\u00f3 Valenciana d&#8217;Agricultors (AVA-Asaja) elaborat a partir de la nova Enquesta ESYRCE del Ministeri d&#8217;Agricultura revela que la superf\u00edcie agr\u00edcola de la Comunitat Valenciana descendix en 2020 un 0,83% respecte a l&#8217;any <a class=\"mh-excerpt-more\" href=\"https:\/\/www.tucomarca.com\/wordpress\/segunda\/ca\/els-agricultors-valencians-deixen-de-cultivar-en-2020-una-superficie-equivalent-a-cinc-camps-de-futbol-al-dia\/\" title=\"Els agricultors valencians deixen de cultivar en 2020 una superf\u00edcie equivalent a cinc camps de futbol al dia\">[+] <\/a><\/div>\n","protected":false},"author":12,"featured_media":122830,"comment_status":"open","ping_status":"open","sticky":false,"template":"","format":"standard","meta":{"footnotes":""},"categories":[10890,10951,10892,11046,10898,10904,10912,10902,10909],"tags":[85,328,2001],"class_list":{"0":"post-122828","1":"post","2":"type-post","3":"status-publish","4":"format-standard","5":"has-post-thumbnail","7":"category-ademus","8":"category-ayora-cofrentes-ca","9":"category-camp-de-turia-ca","10":"category-los-serranos-ca","11":"category-ventana-ca","12":"category-sin-categorizar-ca","13":"category-la-hoya-ca","14":"category-la-ribera-ca","15":"category-requena-utiel-ca","16":"tag-agricultura","17":"tag-ava-asaja","18":"tag-comunidad-valenciana-2"},"_links":{"self":[{"href":"https:\/\/www.tucomarca.com\/wordpress\/segunda\/ca\/wp-json\/wp\/v2\/posts\/122828","targetHints":{"allow":["GET"]}}],"collection":[{"href":"https:\/\/www.tucomarca.com\/wordpress\/segunda\/ca\/wp-json\/wp\/v2\/posts"}],"about":[{"href":"https:\/\/www.tucomarca.com\/wordpress\/segunda\/ca\/wp-json\/wp\/v2\/types\/post"}],"author":[{"embeddable":true,"href":"https:\/\/www.tucomarca.com\/wordpress\/segunda\/ca\/wp-json\/wp\/v2\/users\/12"}],"replies":[{"embeddable":true,"href":"https:\/\/www.tucomarca.com\/wordpress\/segunda\/ca\/wp-json\/wp\/v2\/comments?post=122828"}],"version-history":[{"count":0,"href":"https:\/\/www.tucomarca.com\/wordpress\/segunda\/ca\/wp-json\/wp\/v2\/posts\/122828\/revisions"}],"wp:featuredmedia":[{"embeddable":true,"href":"https:\/\/www.tucomarca.com\/wordpress\/segunda\/ca\/wp-json\/wp\/v2\/media\/122830"}],"wp:attachment":[{"href":"https:\/\/www.tucomarca.com\/wordpress\/segunda\/ca\/wp-json\/wp\/v2\/media?parent=122828"}],"wp:term":[{"taxonomy":"category","embeddable":true,"href":"https:\/\/www.tucomarca.com\/wordpress\/segunda\/ca\/wp-json\/wp\/v2\/categories?post=122828"},{"taxonomy":"post_tag","embeddable":true,"href":"https:\/\/www.tucomarca.com\/wordpress\/segunda\/ca\/wp-json\/wp\/v2\/tags?post=122828"}],"curies":[{"name":"wp","href":"https:\/\/api.w.org\/{rel}","templated":true}]}}