{"id":122845,"date":"2020-12-30T10:30:33","date_gmt":"2020-12-30T09:30:33","guid":{"rendered":"http:\/\/www.tucomarca.com\/wordpress\/segunda\/?p=122845"},"modified":"2020-12-30T23:00:58","modified_gmt":"2020-12-30T22:00:58","slug":"el-psoe-expulsa-el-regidor-de-chiva-detingut-per-violencia-masclista","status":"publish","type":"post","link":"https:\/\/www.tucomarca.com\/wordpress\/segunda\/ca\/el-psoe-expulsa-el-regidor-de-chiva-detingut-per-violencia-masclista\/","title":{"rendered":"El PSOE expulsa el regidor de Xiva detingut per viol\u00e8ncia masclista"},"content":{"rendered":"\n<h4 class=\"wp-block-heading\"><strong>El Partit Socialista ha expulsat el regidor del PSPV-PSOE en la localitat de Chiva, Norberto M\u00e1\u00f1ez, despr\u00e9s d&#8217;haver-li obert un expedient per la seua detenci\u00f3 per viol\u00e8ncia masclista contra la seua dona a finals del passat mes de novembre<\/strong><\/h4>\n\n\n\n<p>Despr\u00e9s de con\u00e9ixer-se la detenci\u00f3 per un suposat delicte de viol\u00e8ncia masclista Norberto M\u00e1\u00f1ez va ser susp\u00e9s cautelarment de milit\u00e0ncia i el partit li va obrir expedient, va anomenar un instructor del mateix i va demanar a l&#8217;edil afectat que al\u00b7legara el que considerara oport\u00fa. M\u00e1\u00f1ez \u00e9s l&#8217;\u00fanic regidor socialista de la corporaci\u00f3 municipal de Chiva.<\/p>\n\n\n\n<p>No obstant aix\u00f2, no va respondre a la sol\u00b7licitud del partit, segons ha explicat la secret\u00e0ria general del PSPV en la prov\u00edncia de Val\u00e8ncia, Mercedes Caballero, i la direcci\u00f3 provincial del PSPV que va demanar a la direcci\u00f3 federal l&#8217;expulsi\u00f3 directa, i que finalment s&#8217;ha acordat i ha sigut notificada hui.<\/p>\n","protected":false},"excerpt":{"rendered":"<div class=\"mh-excerpt\">El Partit Socialista ha expulsat el regidor del PSPV-PSOE en la localitat de Chiva, Norberto M\u00e1\u00f1ez, despr\u00e9s d&#8217;haver-li obert un expedient per la seua detenci\u00f3 per viol\u00e8ncia masclista contra la seua dona a finals del <a class=\"mh-excerpt-more\" href=\"https:\/\/www.tucomarca.com\/wordpress\/segunda\/ca\/el-psoe-expulsa-el-regidor-de-chiva-detingut-per-violencia-masclista\/\" title=\"El PSOE expulsa el regidor de Xiva detingut per viol\u00e8ncia masclista\">[+] <\/a><\/div>\n","protected":false},"author":12,"featured_media":122841,"comment_status":"open","ping_status":"open","sticky":false,"template":"","format":"standard","meta":{"footnotes":""},"categories":[10894,10904,10912,10947,10896,10897,10975],"tags":[10384,5952,62,2412],"class_list":{"0":"post-122845","1":"post","2":"type-post","3":"status-publish","4":"format-standard","5":"has-post-thumbnail","7":"category-la-comarca-ca","8":"category-sin-categorizar-ca","9":"category-la-hoya-ca","10":"category-politica","11":"category-seccion-ca","12":"category-sucesos-la-comarca-ca","13":"category-chiva-ca","14":"tag-chiva","15":"tag-la-hoya-de-bunol-chiva","16":"tag-psoe","17":"tag-pspv-psoe"},"_links":{"self":[{"href":"https:\/\/www.tucomarca.com\/wordpress\/segunda\/ca\/wp-json\/wp\/v2\/posts\/122845","targetHints":{"allow":["GET"]}}],"collection":[{"href":"https:\/\/www.tucomarca.com\/wordpress\/segunda\/ca\/wp-json\/wp\/v2\/posts"}],"about":[{"href":"https:\/\/www.tucomarca.com\/wordpress\/segunda\/ca\/wp-json\/wp\/v2\/types\/post"}],"author":[{"embeddable":true,"href":"https:\/\/www.tucomarca.com\/wordpress\/segunda\/ca\/wp-json\/wp\/v2\/users\/12"}],"replies":[{"embeddable":true,"href":"https:\/\/www.tucomarca.com\/wordpress\/segunda\/ca\/wp-json\/wp\/v2\/comments?post=122845"}],"version-history":[{"count":0,"href":"https:\/\/www.tucomarca.com\/wordpress\/segunda\/ca\/wp-json\/wp\/v2\/posts\/122845\/revisions"}],"wp:featuredmedia":[{"embeddable":true,"href":"https:\/\/www.tucomarca.com\/wordpress\/segunda\/ca\/wp-json\/wp\/v2\/media\/122841"}],"wp:attachment":[{"href":"https:\/\/www.tucomarca.com\/wordpress\/segunda\/ca\/wp-json\/wp\/v2\/media?parent=122845"}],"wp:term":[{"taxonomy":"category","embeddable":true,"href":"https:\/\/www.tucomarca.com\/wordpress\/segunda\/ca\/wp-json\/wp\/v2\/categories?post=122845"},{"taxonomy":"post_tag","embeddable":true,"href":"https:\/\/www.tucomarca.com\/wordpress\/segunda\/ca\/wp-json\/wp\/v2\/tags?post=122845"}],"curies":[{"name":"wp","href":"https:\/\/api.w.org\/{rel}","templated":true}]}}