{"id":122855,"date":"2020-12-30T08:00:56","date_gmt":"2020-12-30T07:00:56","guid":{"rendered":"http:\/\/www.tucomarca.com\/wordpress\/segunda\/?p=122855"},"modified":"2020-12-30T22:58:41","modified_gmt":"2020-12-30T21:58:41","slug":"csif-avisa-de-servicis-del-samu-sense-metge-en-la-provincia-de-valencia-i-exigix-la-cobertura-de-totes-les-places-en-les-bases","status":"publish","type":"post","link":"https:\/\/www.tucomarca.com\/wordpress\/segunda\/ca\/csif-avisa-de-servicis-del-samu-sense-metge-en-la-provincia-de-valencia-i-exigix-la-cobertura-de-totes-les-places-en-les-bases\/","title":{"rendered":"CSIF avisa de servicis del SAMU sense metge en la prov\u00edncia de Val\u00e8ncia i exigix la cobertura de totes les places en les bases"},"content":{"rendered":"\n<p>El sindicat CSIF avisa de que unitats del Servici d&#8217;Assist\u00e8ncia M\u00e8dica Urgent (SAMU) estan realitzant durant estos dies intervencions sense facultatiu. La central sindical reclama a Conselleria de Sanitat que cobrisca totes les baixes i els torns de vacacions davant d&#8217;un fet que provoca un greu deteriorament del servici a la ciutadania.<\/p>\n\n\n\n<p>La Central Sindical Independent i de Funcionaris (CSIF) explica que la situaci\u00f3 ha arribat fins a l&#8217;extrem que el passat 24 de desembre va haver-hi cinc unitats del SAMU sense metge, la qual cosa representa la quarta part del total existent en la prov\u00edncia. En concret es tractava de les que tenen base en Torrent, Manises, Hospital General, L&#8217;Alc\u00fadia i Oliva, esta \u00faltima operativa \u00fanicament dotze hores di\u00e0ries.<\/p>\n\n\n\n<p>El sindicat apunta que la falta de facultatius s&#8217;ha reprodu\u00eft altres dies, com el 21 de desembre en la base de Sueca, el 22 a Malva-rosa i L&#8217;Alc\u00fadia, el 25 en La Fe de Campanar; o el 27 de nou en La Fe i Hospital General. El 28 de desembre tamb\u00e9 es van produir car\u00e8ncies d&#8217;infermers en el CICU (Centre d&#8217;Informaci\u00f3 i Coordinaci\u00f3 d&#8217;Urg\u00e8ncies) i en alertes epidemiol\u00f2giques.<\/p>\n\n\n\n<p>La central sindical reclama a Conselleria de Sanitat que reforce les unitats SAMU amb el personal sanitari necessari, de manera que no es repetisca en pr\u00f2xims dies esta situaci\u00f3 que posa en risc la seguretat de la ciutadania i que minva la capacitat d&#8217;atenci\u00f3 dels professionals.<\/p>\n\n\n\n<p>CSIF, a m\u00e9s, ha presentat escrit davant de la Direcci\u00f3 del SAMU perqu\u00e8 no duga a terme trasllat de personal adduint necessitats del servici sense notificar-ho amb un escrit justificat al treballador afectat. La central sindical recorda a Conselleria que el concepte de &#8220;necessitats del servici&#8221; requerix d&#8217;una &#8220;descripci\u00f3 de les circumst\u00e0ncies imprevistes i una explicaci\u00f3 de la justificaci\u00f3 i motivaci\u00f3&#8221;, per la qual cosa li insistix en &#8220;una justificaci\u00f3 refor\u00e7ada si es produ\u00efx una limitaci\u00f3 de drets subjectius o interesse leg\u00edtims&#8221;.<\/p>\n","protected":false},"excerpt":{"rendered":"<div class=\"mh-excerpt\">El sindicat CSIF avisa de que unitats del Servici d&#8217;Assist\u00e8ncia M\u00e8dica Urgent (SAMU) estan realitzant durant estos dies intervencions sense facultatiu. La central sindical reclama a Conselleria de Sanitat que cobrisca totes les baixes i <a class=\"mh-excerpt-more\" href=\"https:\/\/www.tucomarca.com\/wordpress\/segunda\/ca\/csif-avisa-de-servicis-del-samu-sense-metge-en-la-provincia-de-valencia-i-exigix-la-cobertura-de-totes-les-places-en-les-bases\/\" title=\"CSIF avisa de servicis del SAMU sense metge en la prov\u00edncia de Val\u00e8ncia i exigix la cobertura de totes les places en les bases\">[+] <\/a><\/div>\n","protected":false},"author":12,"featured_media":94517,"comment_status":"open","ping_status":"open","sticky":false,"template":"","format":"standard","meta":{"footnotes":""},"categories":[11010,10898,10948,10995,10894,10902,10947,10896,10897],"tags":[10463,3640],"class_list":{"0":"post-122855","1":"post","2":"type-post","3":"status-publish","4":"format-standard","5":"has-post-thumbnail","7":"category-canal-salud","8":"category-ventana-ca","9":"category-infraestructuras-ca","10":"category-lalcudia-ca","11":"category-la-comarca-ca","12":"category-la-ribera-ca","13":"category-politica","14":"category-seccion-ca","15":"category-sucesos-la-comarca-ca","16":"tag-lalcudia","17":"tag-la-ribera-alta"},"_links":{"self":[{"href":"https:\/\/www.tucomarca.com\/wordpress\/segunda\/ca\/wp-json\/wp\/v2\/posts\/122855","targetHints":{"allow":["GET"]}}],"collection":[{"href":"https:\/\/www.tucomarca.com\/wordpress\/segunda\/ca\/wp-json\/wp\/v2\/posts"}],"about":[{"href":"https:\/\/www.tucomarca.com\/wordpress\/segunda\/ca\/wp-json\/wp\/v2\/types\/post"}],"author":[{"embeddable":true,"href":"https:\/\/www.tucomarca.com\/wordpress\/segunda\/ca\/wp-json\/wp\/v2\/users\/12"}],"replies":[{"embeddable":true,"href":"https:\/\/www.tucomarca.com\/wordpress\/segunda\/ca\/wp-json\/wp\/v2\/comments?post=122855"}],"version-history":[{"count":0,"href":"https:\/\/www.tucomarca.com\/wordpress\/segunda\/ca\/wp-json\/wp\/v2\/posts\/122855\/revisions"}],"wp:featuredmedia":[{"embeddable":true,"href":"https:\/\/www.tucomarca.com\/wordpress\/segunda\/ca\/wp-json\/wp\/v2\/media\/94517"}],"wp:attachment":[{"href":"https:\/\/www.tucomarca.com\/wordpress\/segunda\/ca\/wp-json\/wp\/v2\/media?parent=122855"}],"wp:term":[{"taxonomy":"category","embeddable":true,"href":"https:\/\/www.tucomarca.com\/wordpress\/segunda\/ca\/wp-json\/wp\/v2\/categories?post=122855"},{"taxonomy":"post_tag","embeddable":true,"href":"https:\/\/www.tucomarca.com\/wordpress\/segunda\/ca\/wp-json\/wp\/v2\/tags?post=122855"}],"curies":[{"name":"wp","href":"https:\/\/api.w.org\/{rel}","templated":true}]}}