{"id":122901,"date":"2020-12-31T07:59:02","date_gmt":"2020-12-31T06:59:02","guid":{"rendered":"http:\/\/www.tucomarca.com\/wordpress\/segunda\/?p=122901"},"modified":"2021-01-04T11:04:10","modified_gmt":"2021-01-04T10:04:10","slug":"ava-asaja-reclama-mesures-urgents-per-a-eliminar-excedents-de-vi-i-frenar-lafonament-de-preus","status":"publish","type":"post","link":"https:\/\/www.tucomarca.com\/wordpress\/segunda\/ca\/ava-asaja-reclama-mesures-urgents-per-a-eliminar-excedents-de-vi-i-frenar-lafonament-de-preus\/","title":{"rendered":"AVA-Asaja reclama mesures urgents per a eliminar excedents de vi i frenar l&#8217;afonament de preus"},"content":{"rendered":"\n<h4 class=\"wp-block-heading\"><strong>L&#8217;organitzaci\u00f3 estima en m\u00e9s de 20 milions les p\u00e8rdues que suportaran els viticultors valencians si El Govern i la Generalitat no apliquen solucions<\/strong><\/h4>\n\n\n\n<p>L&#8217;Associaci\u00f3 Valenciana d&#8217;Agricultors (AVA-ASAJA) reclama a Govern central i la Generalitat Valenciana que posin en marxa mesures de car\u00e0cter extraordinari i urgent per estabilitzar el mercat de el vi i frenar aix\u00ed l&#8217;actual enfonsament dels preus en origen. Aquesta demanda, que tamb\u00e9 es llan\u00e7a des d&#8217;altres organitzacions d&#8217;ASAJA, pren for\u00e7a despr\u00e9s que la Comissi\u00f3 Europea haja afavorit la possibilitat als estats membres d&#8217;activar mesures sobre el sector vitivin\u00edcola.<\/p>\n\n\n\n<p>Tot i l&#8217;augment de l&#8217;consum dom\u00e8stic de vi, les restriccions de canal Horeca ocasionades pel Covid-19 estan reduint les vendes i aix\u00f2 s&#8217;ha tradu\u00eft en una profunda apatia de l&#8217;mercat vitivin\u00edcola valenci\u00e0 i en una caiguda de les cotitzacions en origen que oscil\u00b7len entre el 25 i el 30%, segons varietats, en comparaci\u00f3 amb les percebudes en les mateixes dates de l&#8217;any passat, que ja eren negatives. Segons estimacions d&#8217;AVA-ASAJA, les p\u00e8rdues que suportaran els viticultors de la Comunitat Valenciana superaran amb escreix els 20 milions d&#8217;euros durant la present campanya si les administracions no apliquen solucions.<\/p>\n\n\n\n<p>La principal reivindicaci\u00f3 d&#8217;AVA-ASAJA \u00e9s l&#8217;activaci\u00f3 immediata de la destil\u00b7laci\u00f3 a trav\u00e9s d&#8217;un pressupost a part de el Programa de Suport a l&#8217;Sector Vitivin\u00edcola Espanyol (PASVE), per tal de restar excedents de ra\u00efm als cellers de cara als propers mesos i fins i tot per afrontar l&#8217;inici de la seg\u00fcent verema en unes millors condicions comercials. Els altres pa\u00efsos europeus l\u00edders en producci\u00f3 de vi -Fran\u00e7a i It\u00e0lia- ja s&#8217;han posicionat respecte a una destil\u00b7laci\u00f3 de crisi que atenu\u00ef l&#8217;impacte econ\u00f2mic de la pand\u00e8mia.<\/p>\n\n\n\n<p>AVA-ASAJA tamb\u00e9 demana que les administracions facen complir les normatives nacionals i auton\u00f2miques vigents en defensa dels viticultors. D&#8217;una banda, la recent reforma de la Llei de la Cadena Aliment\u00e0ria no s&#8217;est\u00e0 aplicant per a garantir el compliment dels contractes de compravenda, especialment l&#8217;obligaci\u00f3 de percebre uns preus que cobrisquen els costos de producci\u00f3. D&#8217;altra banda, l&#8217;organitzaci\u00f3 agr\u00e0ria demana la posada en marxa de la Llei de la Vinya i el Vi per recollir a m\u00e9s el control de la producci\u00f3 i sancionar les infraccions.<\/p>\n\n\n\n<p>El responsable de la sectorial d&#8217;el Vi d&#8217;AVA-ASAJA, Jos\u00e9 Luis Robredo, exhorta a el Govern ia la Generalitat Valenciana que &#8220;prenguin cartes en l&#8217;assumpte perqu\u00e8 la rendibilitat dels viticultors \u00e9s una ru\u00efna des de fa anys i ara el Covid-19 pot suposar el cop de gr\u00e0cia per a moltes fam\u00edlies. Les dades del Ministeri indiquen que la vinya \u00e9s el cultiu valenci\u00e0 que m\u00e9s superf\u00edcie ha deixat de cultivar-se en 2020 -amb una reducci\u00f3 de 1.100 hect\u00e0rees respecte a 2019- el que posa en evid\u00e8ncia la situaci\u00f3 l\u00edmit que travessem. La classe pol\u00edtica ha de tenir present a el sector primari, ser sensible amb ell i defensar-lo amb fets perqu\u00e8 \u00e9s primordial per a la cadena aliment\u00e0ria&#8221;.<\/p>\n\n\n\n<p><strong>Subvenci\u00f3 en l&#8217;asseguran\u00e7a<\/strong><\/p>\n\n\n\n<p>D&#8217;altra banda, AVA-ASAJA valora la decisi\u00f3 de Govern de subvencionar els rec\u00e0rrecs per sinistralitat en l&#8217;asseguran\u00e7a agr\u00e0ria, una modificaci\u00f3 legislativa que permetr\u00e0 alleujar els increments en el cost de les p\u00f2lisses en cas de patir adversitats clim\u00e0tiques. No obstant aix\u00f2, l&#8217;organitzaci\u00f3 agr\u00e0ria demana que aquest avantatge no s&#8217;apliqui nom\u00e9s a partir d&#8217;l&#8217;1 de gener de 2021, tal com va aprovar el Consell de Ministres, sin\u00f3 que cobrisquen tot el per\u00edode de contractaci\u00f3 de l&#8217;asseguran\u00e7a del ra\u00efm per a vinificaci\u00f3, que va comen\u00e7ar el 1 d&#8217;octubre, perqu\u00e8 una gran part dels viticultors van subscriure les seues p\u00f2lisses al desembre i no t\u00e9 cap sentit aquesta discriminaci\u00f3. Informa, <strong>Luis Ib\u00e1\u00f1ez.<\/strong><\/p>\n","protected":false},"excerpt":{"rendered":"<div class=\"mh-excerpt\">L&#8217;organitzaci\u00f3 estima en m\u00e9s de 20 milions les p\u00e8rdues que suportaran els viticultors valencians si El Govern i la Generalitat no apliquen solucions L&#8217;Associaci\u00f3 Valenciana d&#8217;Agricultors (AVA-ASAJA) reclama a Govern central i la Generalitat Valenciana <a class=\"mh-excerpt-more\" href=\"https:\/\/www.tucomarca.com\/wordpress\/segunda\/ca\/ava-asaja-reclama-mesures-urgents-per-a-eliminar-excedents-de-vi-i-frenar-lafonament-de-preus\/\" title=\"AVA-Asaja reclama mesures urgents per a eliminar excedents de vi i frenar l&#8217;afonament de preus\">[+] <\/a><\/div>\n","protected":false},"author":12,"featured_media":122899,"comment_status":"open","ping_status":"open","sticky":false,"template":"","format":"standard","meta":{"footnotes":""},"categories":[10905,10898,10894,10904,10902,10908,10909,10896,11047,11059],"tags":[328,10716,5215],"class_list":{"0":"post-122901","1":"post","2":"type-post","3":"status-publish","4":"format-standard","5":"has-post-thumbnail","7":"category-agricultura-la-comarca-ca","8":"category-ventana-ca","9":"category-la-comarca-ca","10":"category-sin-categorizar-ca","11":"category-la-ribera-ca","12":"category-requena-ca","13":"category-requena-utiel-ca","14":"category-seccion-ca","15":"category-turis-ca","16":"category-utiel-ca","17":"tag-ava-asaja","18":"tag-generalitat-valenciana","19":"tag-ministerio-agricultura"},"_links":{"self":[{"href":"https:\/\/www.tucomarca.com\/wordpress\/segunda\/ca\/wp-json\/wp\/v2\/posts\/122901","targetHints":{"allow":["GET"]}}],"collection":[{"href":"https:\/\/www.tucomarca.com\/wordpress\/segunda\/ca\/wp-json\/wp\/v2\/posts"}],"about":[{"href":"https:\/\/www.tucomarca.com\/wordpress\/segunda\/ca\/wp-json\/wp\/v2\/types\/post"}],"author":[{"embeddable":true,"href":"https:\/\/www.tucomarca.com\/wordpress\/segunda\/ca\/wp-json\/wp\/v2\/users\/12"}],"replies":[{"embeddable":true,"href":"https:\/\/www.tucomarca.com\/wordpress\/segunda\/ca\/wp-json\/wp\/v2\/comments?post=122901"}],"version-history":[{"count":0,"href":"https:\/\/www.tucomarca.com\/wordpress\/segunda\/ca\/wp-json\/wp\/v2\/posts\/122901\/revisions"}],"wp:featuredmedia":[{"embeddable":true,"href":"https:\/\/www.tucomarca.com\/wordpress\/segunda\/ca\/wp-json\/wp\/v2\/media\/122899"}],"wp:attachment":[{"href":"https:\/\/www.tucomarca.com\/wordpress\/segunda\/ca\/wp-json\/wp\/v2\/media?parent=122901"}],"wp:term":[{"taxonomy":"category","embeddable":true,"href":"https:\/\/www.tucomarca.com\/wordpress\/segunda\/ca\/wp-json\/wp\/v2\/categories?post=122901"},{"taxonomy":"post_tag","embeddable":true,"href":"https:\/\/www.tucomarca.com\/wordpress\/segunda\/ca\/wp-json\/wp\/v2\/tags?post=122901"}],"curies":[{"name":"wp","href":"https:\/\/api.w.org\/{rel}","templated":true}]}}