{"id":122910,"date":"2020-12-31T10:00:14","date_gmt":"2020-12-31T09:00:14","guid":{"rendered":"http:\/\/www.tucomarca.com\/wordpress\/segunda\/?p=122910"},"modified":"2021-01-04T10:36:39","modified_gmt":"2021-01-04T09:36:39","slug":"una-rosada-tiny-de-blanc-els-camps-de-requena-utiel","status":"publish","type":"post","link":"https:\/\/www.tucomarca.com\/wordpress\/segunda\/ca\/una-rosada-tiny-de-blanc-els-camps-de-requena-utiel\/","title":{"rendered":"Una rosada tiny de blanc els camps de Requena-Utiel"},"content":{"rendered":"\n<p>Continuen afectant les gebrades i les gelades a la comarca Requena-Utiel produ\u00efdes per les nits buidades amb vents freds de nord-oest. En la passada matinada s&#8217;ha produ\u00eft gel i abundant gebre.<\/p>\n\n\n\n<p>L&#8217;abundant rosada registrada, ha posat un lleuger color blanc als camps i teulades com si d&#8217;una petita nevada es tract\u00e9s.<\/p>\n\n\n\n<p>Segons dades de l&#8217;Associaci\u00f3 Valenciana de Meteorologia -Avamet- la temperatures m\u00ednimes m\u00e9s baixes de la passada matinada han estat de: -4.8 \u00b0 a la pedania requenense de Casas del R\u00edo, de -4.2 \u00b0 a Utiel, de -4.0 \u00b0 a la pedania de Los Isidros, al municipi de Requena i de -3.1 \u00b0 a Requena.<\/p>\n\n\n\n<p>Els pron\u00f2stics meteorol\u00f2gics apunten que dem\u00e0 podria haver precipitacions en forma de neu a les zones muntanyoses de la comarca. Informa, Luis Iba\u00f1ez.<\/p>\n","protected":false},"excerpt":{"rendered":"<div class=\"mh-excerpt\">Continuen afectant les gebrades i les gelades a la comarca Requena-Utiel produ\u00efdes per les nits buidades amb vents freds de nord-oest. En la passada matinada s&#8217;ha produ\u00eft gel i abundant gebre. L&#8217;abundant rosada registrada, ha <a class=\"mh-excerpt-more\" href=\"https:\/\/www.tucomarca.com\/wordpress\/segunda\/ca\/una-rosada-tiny-de-blanc-els-camps-de-requena-utiel\/\" title=\"Una rosada tiny de blanc els camps de Requena-Utiel\">[+] <\/a><\/div>\n","protected":false},"author":12,"featured_media":122909,"comment_status":"open","ping_status":"open","sticky":false,"template":"","format":"standard","meta":{"footnotes":""},"categories":[10905,10894,10908,10909,10896],"tags":[10520,10388,10387],"class_list":{"0":"post-122910","1":"post","2":"type-post","3":"status-publish","4":"format-standard","5":"has-post-thumbnail","7":"category-agricultura-la-comarca-ca","8":"category-la-comarca-ca","9":"category-requena-ca","10":"category-requena-utiel-ca","11":"category-seccion-ca","12":"tag-heladas","13":"tag-requena","14":"tag-requena-utiel"},"_links":{"self":[{"href":"https:\/\/www.tucomarca.com\/wordpress\/segunda\/ca\/wp-json\/wp\/v2\/posts\/122910","targetHints":{"allow":["GET"]}}],"collection":[{"href":"https:\/\/www.tucomarca.com\/wordpress\/segunda\/ca\/wp-json\/wp\/v2\/posts"}],"about":[{"href":"https:\/\/www.tucomarca.com\/wordpress\/segunda\/ca\/wp-json\/wp\/v2\/types\/post"}],"author":[{"embeddable":true,"href":"https:\/\/www.tucomarca.com\/wordpress\/segunda\/ca\/wp-json\/wp\/v2\/users\/12"}],"replies":[{"embeddable":true,"href":"https:\/\/www.tucomarca.com\/wordpress\/segunda\/ca\/wp-json\/wp\/v2\/comments?post=122910"}],"version-history":[{"count":0,"href":"https:\/\/www.tucomarca.com\/wordpress\/segunda\/ca\/wp-json\/wp\/v2\/posts\/122910\/revisions"}],"wp:featuredmedia":[{"embeddable":true,"href":"https:\/\/www.tucomarca.com\/wordpress\/segunda\/ca\/wp-json\/wp\/v2\/media\/122909"}],"wp:attachment":[{"href":"https:\/\/www.tucomarca.com\/wordpress\/segunda\/ca\/wp-json\/wp\/v2\/media?parent=122910"}],"wp:term":[{"taxonomy":"category","embeddable":true,"href":"https:\/\/www.tucomarca.com\/wordpress\/segunda\/ca\/wp-json\/wp\/v2\/categories?post=122910"},{"taxonomy":"post_tag","embeddable":true,"href":"https:\/\/www.tucomarca.com\/wordpress\/segunda\/ca\/wp-json\/wp\/v2\/tags?post=122910"}],"curies":[{"name":"wp","href":"https:\/\/api.w.org\/{rel}","templated":true}]}}