{"id":122918,"date":"2020-12-31T09:00:17","date_gmt":"2020-12-31T08:00:17","guid":{"rendered":"http:\/\/www.tucomarca.com\/wordpress\/segunda\/?p=122918"},"modified":"2021-01-04T10:53:42","modified_gmt":"2021-01-04T09:53:42","slug":"riba-roja-obsequia-els-treballadors-de-lajuntament-amb-una-tassa-i-una-cinta-clauer-per-a-promoure-una-societat-mes-justa-i-sostenible","status":"publish","type":"post","link":"https:\/\/www.tucomarca.com\/wordpress\/segunda\/ca\/riba-roja-obsequia-els-treballadors-de-lajuntament-amb-una-tassa-i-una-cinta-clauer-per-a-promoure-una-societat-mes-justa-i-sostenible\/","title":{"rendered":"Riba-roja obsequia els treballadors de l&#8217;ajuntament amb una tassa i una cinta-clauer per a promoure una societat m\u00e9s justa i sostenible"},"content":{"rendered":"\n<h4 class=\"wp-block-heading\"><strong>Es pretenen difondre els Objectius de Desenrotllament Sostenible (ODS)<\/strong><\/h4>\n\n\n\n<p>L&#8217;Ajuntament de Riba-roja de T\u00faria ha obsequiat amb una tassa i una cinta-clauer a tots els treballadors i funcionaris municipals com a regal nadalenc per a promoure i promocionar les directrius contingudes en els Objectius de Desenrotllament Sostenible (ODS), amb especial atenci\u00f3 a aconseguir una societat m\u00e9s justa, solid\u00e0ria i sostenible amb l&#8217;entorn.<\/p>\n\n\n\n<p>L&#8217;equip de govern de Riba-roja de T\u00faria ha pret\u00e9s d&#8217;esta manera contribuir a una major conscienciaci\u00f3 social sobre la import\u00e0ncia de consolidar la necessitat de dur a terme, a poc a poc, els Objectius de Desenrotllament Sostenible adoptats per tots els Estats membres de les Nacions Unides, els principals fins dels quals s\u00f3n posar fi a la pobresa, protegir el planeta i garantir que totes les persones puguen disfrutar d&#8217;un major progr\u00e9s i prosperitat amb la mirada posada en l&#8217;any 2030.<\/p>\n\n\n\n<p>Els treballadors i funcionaris de l&#8217;Ajuntament de Riba-roja de T\u00faria han sigut obsequiats enguany, marcat per la pand\u00e8mia del coronavirus, amb una tassa i una cinta amb funcions de clauer en l&#8217;interior de la qual es poden visualitzar anagrames dels Objectius de Desenrotllament Sostenible que permeten aconseguir algunes claus en la vida, com la pobresa zero, la fam zero i una discriminaci\u00f3 zero amb les dones i les xiquetes.<\/p>\n\n\n\n<p>Cal destacar que el ple de l&#8217;Ajuntament de Riba-roja de T\u00faria va aprovar la seua adhesi\u00f3 a la Xarxa d&#8217;Entitats Locals per a dur a terme, precisament, els ODS en la localitat per unanimitat de tots els grups pol\u00edtics. A m\u00e9s, l&#8217;aprovaci\u00f3 contempla un pla d&#8217;actuaci\u00f3 o estrat\u00e8gia local amb l&#8217;elaboraci\u00f3 d&#8217;una an\u00e0lisi de la situaci\u00f3 i un pla de localitzaci\u00f3 i implementaci\u00f3 dels ODS de l&#8217;Agenda 2030. Esta xarxa est\u00e0 inclosa, al seu torn, en la Federaci\u00f3 Espanyola de Municipis i Prov\u00edncies (FEMP) .&nbsp;<\/p>\n\n\n\n<p>L&#8217;alcalde de Riba-roja de T\u00faria, Robert Raga, ha subratllat &#8220;la implicaci\u00f3 de l&#8217;ajuntament en les labors de difusi\u00f3 i promoci\u00f3 de tots els aspectes inclosos en els objectius de desenrotllament sostenible, i per aix\u00f2 hem pret\u00e9s que a trav\u00e9s dels funcionaris es puguen visualitzar en la societat la necessitat d&#8217;aconseguir una societat m\u00e9s saludable i justa en el mundo&#8221;.<br><\/p>\n","protected":false},"excerpt":{"rendered":"<div class=\"mh-excerpt\">Es pretenen difondre els Objectius de Desenrotllament Sostenible (ODS) L&#8217;Ajuntament de Riba-roja de T\u00faria ha obsequiat amb una tassa i una cinta-clauer a tots els treballadors i funcionaris municipals com a regal nadalenc per a <a class=\"mh-excerpt-more\" href=\"https:\/\/www.tucomarca.com\/wordpress\/segunda\/ca\/riba-roja-obsequia-els-treballadors-de-lajuntament-amb-una-tassa-i-una-cinta-clauer-per-a-promoure-una-societat-mes-justa-i-sostenible\/\" title=\"Riba-roja obsequia els treballadors de l&#8217;ajuntament amb una tassa i una cinta-clauer per a promoure una societat m\u00e9s justa i sostenible\">[+] <\/a><\/div>\n","protected":false},"author":12,"featured_media":122917,"comment_status":"open","ping_status":"open","sticky":false,"template":"","format":"standard","meta":{"footnotes":""},"categories":[10892,10894,10903,10947,10906,10896],"tags":[10395,13433,8900],"class_list":{"0":"post-122918","1":"post","2":"type-post","3":"status-publish","4":"format-standard","5":"has-post-thumbnail","7":"category-camp-de-turia-ca","8":"category-la-comarca-ca","9":"category-medio-ambiente-la-comarca-ca","10":"category-politica","11":"category-riba-roja-ca","12":"category-seccion-ca","13":"tag-camp-de-turia","14":"tag-objetivos-de-desarrollo-sostenible","15":"tag-riba-roja-del-turia"},"_links":{"self":[{"href":"https:\/\/www.tucomarca.com\/wordpress\/segunda\/ca\/wp-json\/wp\/v2\/posts\/122918","targetHints":{"allow":["GET"]}}],"collection":[{"href":"https:\/\/www.tucomarca.com\/wordpress\/segunda\/ca\/wp-json\/wp\/v2\/posts"}],"about":[{"href":"https:\/\/www.tucomarca.com\/wordpress\/segunda\/ca\/wp-json\/wp\/v2\/types\/post"}],"author":[{"embeddable":true,"href":"https:\/\/www.tucomarca.com\/wordpress\/segunda\/ca\/wp-json\/wp\/v2\/users\/12"}],"replies":[{"embeddable":true,"href":"https:\/\/www.tucomarca.com\/wordpress\/segunda\/ca\/wp-json\/wp\/v2\/comments?post=122918"}],"version-history":[{"count":0,"href":"https:\/\/www.tucomarca.com\/wordpress\/segunda\/ca\/wp-json\/wp\/v2\/posts\/122918\/revisions"}],"wp:featuredmedia":[{"embeddable":true,"href":"https:\/\/www.tucomarca.com\/wordpress\/segunda\/ca\/wp-json\/wp\/v2\/media\/122917"}],"wp:attachment":[{"href":"https:\/\/www.tucomarca.com\/wordpress\/segunda\/ca\/wp-json\/wp\/v2\/media?parent=122918"}],"wp:term":[{"taxonomy":"category","embeddable":true,"href":"https:\/\/www.tucomarca.com\/wordpress\/segunda\/ca\/wp-json\/wp\/v2\/categories?post=122918"},{"taxonomy":"post_tag","embeddable":true,"href":"https:\/\/www.tucomarca.com\/wordpress\/segunda\/ca\/wp-json\/wp\/v2\/tags?post=122918"}],"curies":[{"name":"wp","href":"https:\/\/api.w.org\/{rel}","templated":true}]}}