{"id":123081,"date":"2021-01-03T18:27:54","date_gmt":"2021-01-03T17:27:54","guid":{"rendered":"http:\/\/www.tucomarca.com\/wordpress\/segunda\/?p=123081"},"modified":"2021-01-05T21:04:01","modified_gmt":"2021-01-05T20:04:01","slug":"sanitat-registra-1-098-nous-casos-de-coronavirus","status":"publish","type":"post","link":"https:\/\/www.tucomarca.com\/wordpress\/segunda\/ca\/sanitat-registra-1-098-nous-casos-de-coronavirus\/","title":{"rendered":"Sanitat registra 1.098 nous casos de coronavirus"},"content":{"rendered":"\n<h4 class=\"wp-block-heading\"><strong>Per prov\u00edncies: 62 a Castell\u00f3, 539 a Alacant i 497 a Val\u00e8ncia<\/strong><\/h4>\n\n\n\n<p>La conselleria de Sanitat Universal i Salut P\u00fablica ha registrat 1.098 nous contagis de coronavirus confirmats per prova PCR o prova d&#8217;ant\u00edgens en la Comunitat Valenciana, que situen la xifra total de positius en 149.402 persones. Per prov\u00edncies, la distribuci\u00f3 \u00e9s la seg\u00fcent: 62 a Castell\u00f3 (16.333 en total) ; 539 a Alacant (48.998 en total) , i 497 en la prov\u00edncia de Val\u00e8ncia (84.068 en total) . El nombre de casos no assignats ascendix a 3.<\/p>\n\n\n\n<p>D&#8217;altra banda, els hospitals valencians compten en estos moments amb 1.865 persones ingressades: 160 en la prov\u00edncia de Castell\u00f3, amb 26 pacients en UCI; 558 persones en la d&#8217;Alacant, amb 117 en UCI; i 1.147 en la prov\u00edncia de Val\u00e8ncia, dels quals 150 es troben en la UCI.<\/p>\n\n\n\n<p>Respecte a les defuncions per coronavirus, s&#8217;han produ\u00eft 13 des de l&#8217;\u00faltima actualitzaci\u00f3, per la qual cosa el total de defuncions \u00e9s de 2.988.<\/p>\n","protected":false},"excerpt":{"rendered":"<div class=\"mh-excerpt\">Per prov\u00edncies: 62 a Castell\u00f3, 539 a Alacant i 497 a Val\u00e8ncia La conselleria de Sanitat Universal i Salut P\u00fablica ha registrat 1.098 nous contagis de coronavirus confirmats per prova PCR o prova d&#8217;ant\u00edgens en <a class=\"mh-excerpt-more\" href=\"https:\/\/www.tucomarca.com\/wordpress\/segunda\/ca\/sanitat-registra-1-098-nous-casos-de-coronavirus\/\" title=\"Sanitat registra 1.098 nous casos de coronavirus\">[+] <\/a><\/div>\n","protected":false},"author":12,"featured_media":119485,"comment_status":"open","ping_status":"open","sticky":false,"template":"","format":"standard","meta":{"footnotes":""},"categories":[11010,12202,10898,10894,10904,10896],"tags":[12165,11939,11940],"class_list":{"0":"post-123081","1":"post","2":"type-post","3":"status-publish","4":"format-standard","5":"has-post-thumbnail","7":"category-canal-salud","8":"category-covid-19-ca","9":"category-ventana-ca","10":"category-la-comarca-ca","11":"category-sin-categorizar-ca","12":"category-seccion-ca","13":"tag-conselleria-de-sanitat-ca","14":"tag-coronavirus-ca","15":"tag-covid-19-ca"},"_links":{"self":[{"href":"https:\/\/www.tucomarca.com\/wordpress\/segunda\/ca\/wp-json\/wp\/v2\/posts\/123081","targetHints":{"allow":["GET"]}}],"collection":[{"href":"https:\/\/www.tucomarca.com\/wordpress\/segunda\/ca\/wp-json\/wp\/v2\/posts"}],"about":[{"href":"https:\/\/www.tucomarca.com\/wordpress\/segunda\/ca\/wp-json\/wp\/v2\/types\/post"}],"author":[{"embeddable":true,"href":"https:\/\/www.tucomarca.com\/wordpress\/segunda\/ca\/wp-json\/wp\/v2\/users\/12"}],"replies":[{"embeddable":true,"href":"https:\/\/www.tucomarca.com\/wordpress\/segunda\/ca\/wp-json\/wp\/v2\/comments?post=123081"}],"version-history":[{"count":0,"href":"https:\/\/www.tucomarca.com\/wordpress\/segunda\/ca\/wp-json\/wp\/v2\/posts\/123081\/revisions"}],"wp:featuredmedia":[{"embeddable":true,"href":"https:\/\/www.tucomarca.com\/wordpress\/segunda\/ca\/wp-json\/wp\/v2\/media\/119485"}],"wp:attachment":[{"href":"https:\/\/www.tucomarca.com\/wordpress\/segunda\/ca\/wp-json\/wp\/v2\/media?parent=123081"}],"wp:term":[{"taxonomy":"category","embeddable":true,"href":"https:\/\/www.tucomarca.com\/wordpress\/segunda\/ca\/wp-json\/wp\/v2\/categories?post=123081"},{"taxonomy":"post_tag","embeddable":true,"href":"https:\/\/www.tucomarca.com\/wordpress\/segunda\/ca\/wp-json\/wp\/v2\/tags?post=123081"}],"curies":[{"name":"wp","href":"https:\/\/api.w.org\/{rel}","templated":true}]}}