{"id":123213,"date":"2021-01-07T09:09:00","date_gmt":"2021-01-07T08:09:00","guid":{"rendered":"http:\/\/www.tucomarca.com\/wordpress\/segunda\/?p=123213"},"modified":"2021-01-07T15:57:15","modified_gmt":"2021-01-07T14:57:15","slug":"arcadi-espanya-ratifica-la-voluntat-de-consell-de-collaborar-en-el-projecte-per-unir-alzira-i-carcaixent-a-traves-dun-carril-ciclopeatonal","status":"publish","type":"post","link":"https:\/\/www.tucomarca.com\/wordpress\/segunda\/ca\/arcadi-espanya-ratifica-la-voluntat-de-consell-de-collaborar-en-el-projecte-per-unir-alzira-i-carcaixent-a-traves-dun-carril-ciclopeatonal\/","title":{"rendered":"Arcadi Espanya ratifica la voluntat de Consell de col\u00b7laborar en el projecte per unir Alzira i Carcaixent a trav\u00e9s d&#8217;un carril ciclopeatonal"},"content":{"rendered":"\n<h4 class=\"wp-block-heading\">El conseller d&#8217;Obres P\u00fabliques s&#8217;ha reunit amb l&#8217;alcalde de Carcaixent i l&#8217;equip de govern de l&#8217;Ajuntament<br>En aquest primer trimestre del l&#8217;any, s&#8217;iniciaran les obres per a la construcci\u00f3 d&#8217;un itinerari ciclopeatonal entre el nucli urb\u00e0 de Carcaixent i la Cogullada<\/h4>\n\n\n\n<p>El conseller de Pol\u00edtica Territorial, Obres P\u00fabliques i Mobilitat, Arcadi Espanya, ha ratificat a Carcaixent la voluntat de la Conselleria de participar en el projecte d&#8217;unir Alzira i Carcaixent de forma segura i sostenible a trav\u00e9s d&#8217;un vial amb carril ciclopeatonal.<\/p>\n\n\n\n<p>Aix\u00ed mateix, el conseller ha anunciat que, en aquest primer trimestre del l&#8217;any, s&#8217;iniciaran les obres per a la construcci\u00f3 d&#8217;un itinerari ciclopeatonal que connecti el nucli urb\u00e0 de Carcaixent amb el de la Cogullada.<\/p>\n\n\n\n<p>Despr\u00e9s de reunir-se amb l&#8217;alcalde de la localitat, Paco Salom, i l&#8217;equip de govern l&#8217;Ajuntament de Carcaixent, Arcadi Espanya ha indicat que el departament que dirigeix \u200b\u200bcol\u00b7laborar\u00e0 amb els ajuntaments de Carcaixent i Alzira perqu\u00e8 puguin connectar-se a peu, amb bicicleta o patinet en les mateixes condicions de seguretat que t\u00e9 el transport motoritzat.<\/p>\n\n\n\n<p>Pel conseller, &#8220;es tracta d&#8217;atendre una demanda dels ve\u00efns i ve\u00efnes d&#8217;aquestes dues localitats, que incidir\u00e0 directament sobre la seva qualitat de vida, facilitar\u00e0 la connexi\u00f3 entre aquestes dues importants ciutats, proporcionar\u00e0 noves alternatives a l&#8217;esport i als l&#8217;oci saludable i ajudar\u00e0 en la lluita contra el canvi clim\u00e0tic &#8220;.<\/p>\n\n\n\n<p>Segons Arcadi Espanya, &#8220;no nom\u00e9s recolzem una reivindicaci\u00f3 ciutadana, sin\u00f3 que a m\u00e9s s&#8217;emmarca en l&#8217;objectiu de la Generalitat de potenciar altres mitjans de transport per aconseguir una mobilitat m\u00e9s sostenible igual que l&#8217;itinerari ciclopeatonal que hem projectat entre el nucli urb\u00e0 de Carcaixent i la Cogullada.<\/p>\n\n\n\n<p><strong>Via ciclopeatonal entre Carcaixent i la Cogullada<\/strong><\/p>\n\n\n\n<p>En aquest sentit, Arcadi Espanya ha destacat que &#8220;aquestes actuacions s\u00f3n especialment rellevants en els entorns urbans, en qu\u00e8 han de conviure en condicions de seguretat tant dels fluxos motoritzats com els no motoritzats&#8221;.<\/p>\n\n\n\n<p>A sud de l&#8217;nucli urb\u00e0 de Carcaixent es troba la Cogullada, un dels nuclis urbans que conformen el municipi. En l&#8217;actualitat el casc urb\u00e0 de Carcaixent i la Cogullada es troben comunicats per mitj\u00e0 de vies de circulaci\u00f3 de vehicles, per\u00f2 no hi ha itinerari de vianants o ciclista que els connecti. Les obres a executar tenen l&#8217;objectiu de dotar d&#8217;accessibilitat no motoritzada a aquesta zona urbana que t\u00e9 un elevat potencial d&#8217;\u00fas.<\/p>\n\n\n\n<p>El nou itinerari que ha projectat la conselleria tindr\u00e0 el seu inici al carrer Emilio Donat, despr\u00e9s de la seva encreuament sobre el barranc de les Gaianes. Ampliant la plataforma del vial cap a l&#8217;est, l&#8217;itinerari ciclopeatonal discorrer\u00e0 cap al sud. En aquesta zona s&#8217;aprofitar\u00e0 l&#8217;espai entre el vial i la l\u00ednia de fa\u00e7ana de la parcel\u00b7la annexa.<\/p>\n\n\n\n<p>Posteriorment, l&#8217;itinerari ciclopeatonal creuar\u00e0 sobre la l\u00ednia de ferrocarril aprofitant l&#8217;estructura existent. En aquesta estructura es reduir\u00e0 l&#8217;amplada de zona destinada a l&#8217;tr\u00e0nsit de vehicles per poder dotar el nou itinerari d&#8217;un ample m\u00ednim suficient.<\/p>\n\n\n\n<p>Despr\u00e9s de creuar sobre la l\u00ednia de ferrocarril, el nou itinerari conclour\u00e0 connectant amb la prolongaci\u00f3 del carrer Major en direcci\u00f3 a la Cogullada. En aquesta zona, de nou s&#8217;aprofitar\u00e0 l&#8217;espai resultant entre el vial i el tancament de les parcel\u00b7les annexes. Al seu torn, l&#8217;actuaci\u00f3 s&#8217;ha completat amb els treballs de jardineria i enllumenat de l&#8217;\u00e0mbit.<\/p>\n\n\n\n<p>Amb aquestes actuacions, la Generalitat &#8220;fa un pas m\u00e9s en el compliment dels seus objectius prioritaris en mat\u00e8ria de mobilitat: millorar la seguretat vi\u00e0ria de les carreteres, analitzant per a aix\u00f2 tant el tr\u00e0nsit dels vehicles com dels vianants i ciclistes, integrar i millorar els entorns urbans en la seva conflu\u00e8ncia amb les carreteres i fomentar la mobilitat sostenible&#8221;, ha concl\u00f2s el conseller.<\/p>\n","protected":false},"excerpt":{"rendered":"<div class=\"mh-excerpt\">El conseller d&#8217;Obres P\u00fabliques s&#8217;ha reunit amb l&#8217;alcalde de Carcaixent i l&#8217;equip de govern de l&#8217;AjuntamentEn aquest primer trimestre del l&#8217;any, s&#8217;iniciaran les obres per a la construcci\u00f3 d&#8217;un itinerari ciclopeatonal entre el nucli urb\u00e0 <a class=\"mh-excerpt-more\" href=\"https:\/\/www.tucomarca.com\/wordpress\/segunda\/ca\/arcadi-espanya-ratifica-la-voluntat-de-consell-de-collaborar-en-el-projecte-per-unir-alzira-i-carcaixent-a-traves-dun-carril-ciclopeatonal\/\" title=\"Arcadi Espanya ratifica la voluntat de Consell de col\u00b7laborar en el projecte per unir Alzira i Carcaixent a trav\u00e9s d&#8217;un carril ciclopeatonal\">[+] <\/a><\/div>\n","protected":false},"author":12,"featured_media":123211,"comment_status":"open","ping_status":"open","sticky":false,"template":"","format":"standard","meta":{"footnotes":""},"categories":[10889,10948,10894,10902,10947,10896],"tags":[11192,11464,12361,11498,11356],"class_list":{"0":"post-123213","1":"post","2":"type-post","3":"status-publish","4":"format-standard","5":"has-post-thumbnail","7":"category-alzira-cat","8":"category-infraestructuras-ca","9":"category-la-comarca-ca","10":"category-la-ribera-ca","11":"category-politica","12":"category-seccion-ca","13":"tag-alzira-ca","14":"tag-carcaixent-ca","15":"tag-conselleria-de-politica-territorial-ca","16":"tag-generalitat-valenciana-ca","17":"tag-ribera-alta-ca"},"_links":{"self":[{"href":"https:\/\/www.tucomarca.com\/wordpress\/segunda\/ca\/wp-json\/wp\/v2\/posts\/123213","targetHints":{"allow":["GET"]}}],"collection":[{"href":"https:\/\/www.tucomarca.com\/wordpress\/segunda\/ca\/wp-json\/wp\/v2\/posts"}],"about":[{"href":"https:\/\/www.tucomarca.com\/wordpress\/segunda\/ca\/wp-json\/wp\/v2\/types\/post"}],"author":[{"embeddable":true,"href":"https:\/\/www.tucomarca.com\/wordpress\/segunda\/ca\/wp-json\/wp\/v2\/users\/12"}],"replies":[{"embeddable":true,"href":"https:\/\/www.tucomarca.com\/wordpress\/segunda\/ca\/wp-json\/wp\/v2\/comments?post=123213"}],"version-history":[{"count":0,"href":"https:\/\/www.tucomarca.com\/wordpress\/segunda\/ca\/wp-json\/wp\/v2\/posts\/123213\/revisions"}],"wp:featuredmedia":[{"embeddable":true,"href":"https:\/\/www.tucomarca.com\/wordpress\/segunda\/ca\/wp-json\/wp\/v2\/media\/123211"}],"wp:attachment":[{"href":"https:\/\/www.tucomarca.com\/wordpress\/segunda\/ca\/wp-json\/wp\/v2\/media?parent=123213"}],"wp:term":[{"taxonomy":"category","embeddable":true,"href":"https:\/\/www.tucomarca.com\/wordpress\/segunda\/ca\/wp-json\/wp\/v2\/categories?post=123213"},{"taxonomy":"post_tag","embeddable":true,"href":"https:\/\/www.tucomarca.com\/wordpress\/segunda\/ca\/wp-json\/wp\/v2\/tags?post=123213"}],"curies":[{"name":"wp","href":"https:\/\/api.w.org\/{rel}","templated":true}]}}