{"id":123252,"date":"2021-01-07T18:00:00","date_gmt":"2021-01-07T17:00:00","guid":{"rendered":"http:\/\/www.tucomarca.com\/wordpress\/segunda\/?p=123252"},"modified":"2021-01-08T19:39:37","modified_gmt":"2021-01-08T18:39:37","slug":"requena-afegeix-setembre-contagis-utiel-6-naquera-5-bunyol-3-i-turis-3-als-3-809-nous-casos-de-coronavirus-registrats-per-sanitat-a-la-comunitat","status":"publish","type":"post","link":"https:\/\/www.tucomarca.com\/wordpress\/segunda\/ca\/requena-afegeix-setembre-contagis-utiel-6-naquera-5-bunyol-3-i-turis-3-als-3-809-nous-casos-de-coronavirus-registrats-per-sanitat-a-la-comunitat\/","title":{"rendered":"Requena afegeix 9 contagis, Utiel 6, N\u00e0quera 5, Bunyol 3 i Tur\u00eds 3 als 3.809 nous casos de coronavirus registrats per Sanitat a la Comunitat"},"content":{"rendered":"\n<p>La Comunitat Valenciana ha registrat 3.809 nous casos de coronavirus confirmats per prova PCR o mitjan\u00e7ant test d&#8217;ant\u00edgens des de l&#8217;\u00faltima actualitzaci\u00f3, que situen la xifra total de positius en 159.153 persones. Per prov\u00edncies, la distribuci\u00f3 de nous positius \u00e9s la seg\u00fcent: 415 a Castell\u00f3 (17.225 en total), 1.355 a Alacant (52.629 en total) i 2.033 a la prov\u00edncia de Val\u00e8ncia (89.290 en total).<\/p>\n\n\n\n<p>Por otro lado, se han registrado 58 fallecimientos por coronavirus desde la \u00faltima actualizaci\u00f3n, por lo que el total de defunciones desde el inicio de la pandemia es de 3.174 personas: 405 en la provincia de Castell\u00f3n, 1.090 en la de Alicante y 1.679 en la de Valencia.<\/p>\n\n\n\n<p>Los hospitales valencianos tienen, actualmente, 2.254 personas ingresadas: 177 en la provincia de Castell\u00f3n, con 26 pacientes en UCI; 717 en la provincia de Alicante, 128 de ellos en la UCI; y 1.360 en la provincia de Valencia, 186 de ellos en UCI.&nbsp;<\/p>\n\n\n\n<p>Adem\u00e1s, desde la \u00faltima actualizaci\u00f3n se han registrado 4.288 altas a pacientes con coronavirus. De esta forma, ya son 149.598 personas en la Comunitat Valenciana las que han superado la enfermedad desde que comenz\u00f3 la pandemia. Por provincias, las altas se distribuyen del siguiente modo: 16.552 en Castell\u00f3n, 49.510 en Alicante y 83.474 en Valencia.&nbsp;<\/p>\n\n\n\n<p>De acuerdo con los datos registrados, en estos momentos hay 17.992 casos activos, lo que supone un 10,54% del total de positivos.<\/p>\n\n\n\n<p>El n\u00famero total de pruebas llevadas a cabo para la detecci\u00f3n del coronavirus asciende a 2.168.002, de las que 1.996.237 han sido a trav\u00e9s de PCR y 171.765<\/p>\n\n\n\n<p>mediante test r\u00e1pido.<\/p>\n\n\n\n<p><strong>Actualizaci\u00f3n de la situaci\u00f3n en residencias<\/strong><\/p>\n\n\n\n<p>A d\u00eda de hoy, hay alg\u00fan caso positivo en 136 residencias de mayores (13 en la provincia de Castell\u00f3n, 39 en la provincia de Alicante y 84 en la provincia de Valencia), 25 centros de diversidad funcional (4 en la provincia de Castell\u00f3n, 9 en la provincia de Alicante y 12 en la provincia de Valencia) y 5 centros de menores (1 en la provincia de Castell\u00f3n, 2 en la provincia de Alicante y 2 en la provincia de Valencia).<\/p>\n\n\n\n<p>&#8211; Residentes nuevos positivos: 81<\/p>\n\n\n\n<p>&#8211; Trabajadores y trabajadoras nuevos positivos: 49<\/p>\n\n\n\n<p>&#8211; Residentes que han fallecido: 15<\/p>\n\n\n\n<p>Actualmente, se encuentran bajo vigilancia activa de control sanitario 34 residencias en la Comunitat Valenciana: 2 en la provincia de Castell\u00f3n, 13 en la provincia de Alicante y 19 en la provincia de Valencia.<\/p>\n\n\n\n<p><strong>Actualizaci\u00f3n brotes de coronavirus<\/strong><\/p>\n\n\n\n<p>Se han registrado 48 brotes desde la \u00faltima actualizaci\u00f3n. La distribuci\u00f3n por provincias es 29 nuevos brotes en Valencia, 12 en la provincia de Alicante y 7 en la de Castell\u00f3n.<\/p>\n\n\n\n<p>\u00b7 Almorad\u00ed: 6 casos. Origen social<\/p>\n\n\n\n<p>\u00b7 D\u00e9nia: 5 casos. Origen social<\/p>\n\n\n\n<p>\u00b7 Elche: 6 casos. Origen social<\/p>\n\n\n\n<p>\u00b7 Val\u00e8ncia: 6 casos. Origen social<\/p>\n\n\n\n<p>\u00b7 Benidorm: 13 casos. Origen laboral<\/p>\n\n\n\n<p>\u00b7 Benidorm: 14 casos. Origen social<\/p>\n\n\n\n<p>\u00b7 Gaibiel: 5 casos. Origen laboral<\/p>\n\n\n\n<p>\u00b7 Val\u00e8ncia: 4 casos. Origen social<\/p>\n\n\n\n<p>\u00b7 Val\u00e8ncia: 3 casos. Origen social<\/p>\n\n\n\n<p>\u00b7 Requena: 4 casos. Origen laboral<\/p>\n\n\n\n<p>\u00b7 Bu\u00f1ol: 3 casos. Origen laboral<\/p>\n\n\n\n<p>\u00b7 Val\u00e8ncia: 6 casos. Origen social<\/p>\n\n\n\n<p>\u00b7 Tur\u00eds: 3 casos. Origen laboral<\/p>\n\n\n\n<p>\u00b7 Xal\u00f3: 9 casos. Origen social<\/p>\n\n\n\n<p>\u00b7 Daim\u00fas: 3 casos. Origen laboral<\/p>\n\n\n\n<p>\u00b7 La Nuc\u00eda: 4 casos. Origen laboral<\/p>\n\n\n\n<p>\u00b7 Bigastro: 5 casos. Origen social<\/p>\n\n\n\n<p>\u00b7 Orihuela: 5 casos. Origen social<\/p>\n\n\n\n<p>\u00b7 Benidorm: 3 casos. Origen laboral<\/p>\n\n\n\n<p>\u00b7 Alboraya: 7 casos. Origen social<\/p>\n\n\n\n<p>\u00b7 Oliva: 4 casos. Origen laboral<\/p>\n\n\n\n<p>\u00b7 Manises: 4 casos. Origen social<\/p>\n\n\n\n<p>\u00b7 Val\u00e8ncia: 8 casos. Origen social<\/p>\n\n\n\n<p>\u00b7 Val\u00e8ncia: 6 casos. Origen social<\/p>\n\n\n\n<p>\u00b7 Val\u00e8ncia: 4 casos. Origen social<\/p>\n\n\n\n<p>\u00b7 Val\u00e8ncia: 5 casos. Origen social<\/p>\n\n\n\n<p>\u00b7 Benidorm: 11 casos. Origen laboral<\/p>\n\n\n\n<p>\u00b7 C\u00e0lig: 4 casos. Origen social<\/p>\n\n\n\n<p>\u00b7 Val\u00e8ncia: 6 casos. Origen social<\/p>\n\n\n\n<p>\u00b7 Vinar\u00f2s: 4 casos. Origen social<\/p>\n\n\n\n<p>\u00b7 Cinctorres: 4 casos. Origen social<\/p>\n\n\n\n<p>\u00b7 Alcal\u00e0 de Xivert: 5 casos. Origen social<\/p>\n\n\n\n<p>\u00b7 Requena: 5 casos. Origen social<\/p>\n\n\n\n<p>\u00b7 Gata de Gorgos: 6 casos. Origen social<\/p>\n\n\n\n<p>\u00b7 Val\u00e8ncia: 4 casos. Origen social<\/p>\n\n\n\n<p>\u00b7 Paterna: 6 casos. Origen social<\/p>\n\n\n\n<p>\u00b7 Utiel: 6 casos. Origen social<\/p>\n\n\n\n<p>\u00b7 Val\u00e8ncia: 5 casos. Origen social<\/p>\n\n\n\n<p>\u00b7 Val\u00e8ncia: 5 casos. Origen social<\/p>\n\n\n\n<p>\u00b7 Gaibiel: 8 casos. Origen social<\/p>\n\n\n\n<p>\u00b7 Val\u00e8ncia: 6 casos. Origen social<\/p>\n\n\n\n<p>\u00b7 N\u00e1quera: 5 casos. Origen social<\/p>\n\n\n\n<p>\u00b7 Val\u00e8ncia: 6 casos. Origen laboral<\/p>\n\n\n\n<p>\u00b7 Val\u00e8ncia: 6 casos. Origen social<\/p>\n\n\n\n<p>\u00b7 Val\u00e8ncia: 5 casos. Origen social<\/p>\n\n\n\n<p>\u00b7 Val\u00e8ncia: 6 casos. Origen social<\/p>\n\n\n\n<p>\u00b7 Algimia de Almonacid: 7 casos. Origen social<\/p>\n\n\n\n<p>\u00b7 Meliana: 4 casos. Origen social<\/p>\n","protected":false},"excerpt":{"rendered":"<div class=\"mh-excerpt\">La Comunitat Valenciana ha registrat 3.809 nous casos de coronavirus confirmats per prova PCR o mitjan\u00e7ant test d&#8217;ant\u00edgens des de l&#8217;\u00faltima actualitzaci\u00f3, que situen la xifra total de positius en 159.153 persones. Per prov\u00edncies, la <a class=\"mh-excerpt-more\" href=\"https:\/\/www.tucomarca.com\/wordpress\/segunda\/ca\/requena-afegeix-setembre-contagis-utiel-6-naquera-5-bunyol-3-i-turis-3-als-3-809-nous-casos-de-coronavirus-registrats-per-sanitat-a-la-comunitat\/\" title=\"Requena afegeix 9 contagis, Utiel 6, N\u00e0quera 5, Bunyol 3 i Tur\u00eds 3 als 3.809 nous casos de coronavirus registrats per Sanitat a la Comunitat\">[+] <\/a><\/div>\n","protected":false},"author":1,"featured_media":71783,"comment_status":"open","ping_status":"open","sticky":false,"template":"","format":"standard","meta":{"footnotes":""},"categories":[10911,10892,11010,12202,10898,10948,10894,10904,10912,10902,10903,10936,10947,10908,10909,10896,10897,11047,11059],"tags":[10899,11939,11940,10914,11077,10910],"class_list":{"0":"post-123252","1":"post","2":"type-post","3":"status-publish","4":"format-standard","5":"has-post-thumbnail","7":"category-bunol-ca","8":"category-camp-de-turia-ca","9":"category-canal-salud","10":"category-covid-19-ca","11":"category-ventana-ca","12":"category-infraestructuras-ca","13":"category-la-comarca-ca","14":"category-sin-categorizar-ca","15":"category-la-hoya-ca","16":"category-la-ribera-ca","17":"category-medio-ambiente-la-comarca-ca","18":"category-naquera-ca","19":"category-politica","20":"category-requena-ca","21":"category-requena-utiel-ca","22":"category-seccion-ca","23":"category-sucesos-la-comarca-ca","24":"category-turis-ca","25":"category-utiel-ca","26":"tag-camp-de-turia-ca","27":"tag-coronavirus-ca","28":"tag-covid-19-ca","29":"tag-la-hoya-de-bunol-chiva-ca","30":"tag-la-ribera-alta-ca","31":"tag-requena-utiel-ca"},"_links":{"self":[{"href":"https:\/\/www.tucomarca.com\/wordpress\/segunda\/ca\/wp-json\/wp\/v2\/posts\/123252","targetHints":{"allow":["GET"]}}],"collection":[{"href":"https:\/\/www.tucomarca.com\/wordpress\/segunda\/ca\/wp-json\/wp\/v2\/posts"}],"about":[{"href":"https:\/\/www.tucomarca.com\/wordpress\/segunda\/ca\/wp-json\/wp\/v2\/types\/post"}],"author":[{"embeddable":true,"href":"https:\/\/www.tucomarca.com\/wordpress\/segunda\/ca\/wp-json\/wp\/v2\/users\/1"}],"replies":[{"embeddable":true,"href":"https:\/\/www.tucomarca.com\/wordpress\/segunda\/ca\/wp-json\/wp\/v2\/comments?post=123252"}],"version-history":[{"count":0,"href":"https:\/\/www.tucomarca.com\/wordpress\/segunda\/ca\/wp-json\/wp\/v2\/posts\/123252\/revisions"}],"wp:featuredmedia":[{"embeddable":true,"href":"https:\/\/www.tucomarca.com\/wordpress\/segunda\/ca\/wp-json\/wp\/v2\/media\/71783"}],"wp:attachment":[{"href":"https:\/\/www.tucomarca.com\/wordpress\/segunda\/ca\/wp-json\/wp\/v2\/media?parent=123252"}],"wp:term":[{"taxonomy":"category","embeddable":true,"href":"https:\/\/www.tucomarca.com\/wordpress\/segunda\/ca\/wp-json\/wp\/v2\/categories?post=123252"},{"taxonomy":"post_tag","embeddable":true,"href":"https:\/\/www.tucomarca.com\/wordpress\/segunda\/ca\/wp-json\/wp\/v2\/tags?post=123252"}],"curies":[{"name":"wp","href":"https:\/\/api.w.org\/{rel}","templated":true}]}}