{"id":123258,"date":"2021-01-07T18:18:00","date_gmt":"2021-01-07T17:18:00","guid":{"rendered":"http:\/\/www.tucomarca.com\/wordpress\/segunda\/?p=123258"},"modified":"2021-01-07T18:25:44","modified_gmt":"2021-01-07T17:25:44","slug":"lajuntament-de-xest-installa-una-carpa-a-laparcament-de-centre-de-salut-per-a-realitzar-les-proves-diagnostiques-de-covid-19","status":"publish","type":"post","link":"https:\/\/www.tucomarca.com\/wordpress\/segunda\/ca\/lajuntament-de-xest-installa-una-carpa-a-laparcament-de-centre-de-salut-per-a-realitzar-les-proves-diagnostiques-de-covid-19\/","title":{"rendered":"L&#8217;Ajuntament de Xest instal\u00b7la una carpa a l&#8217;aparcament de centre de salut per a realitzar les proves diagn\u00f2stiques de Covid-19"},"content":{"rendered":"\n<h4 class=\"wp-block-heading\">El Ambulatorio seguir\u00e1 abierto para realizar anal\u00edticas y controles de Sintrom y para atender urgencias y consultas que no admiten demora<\/h4>\n\n\n\n<figure class=\"wp-block-gallery columns-2 is-cropped wp-block-gallery-1 is-layout-flex wp-block-gallery-is-layout-flex\"><ul class=\"blocks-gallery-grid\"><li class=\"blocks-gallery-item\"><figure><img loading=\"lazy\" decoding=\"async\" width=\"787\" height=\"590\" src=\"http:\/\/www.tucomarca.com\/wordpress\/segunda\/wp-content\/uploads\/2021\/01\/CarpaChesteCovid2.jpg\" alt=\"\" data-id=\"123242\" data-full-url=\"http:\/\/www.tucomarca.com\/wordpress\/segunda\/wp-content\/uploads\/2021\/01\/CarpaChesteCovid2.jpg\" data-link=\"http:\/\/www.tucomarca.com\/wordpress\/segunda\/?attachment_id=123242\" class=\"wp-image-123242\" srcset=\"https:\/\/www.tucomarca.com\/wordpress\/segunda\/wp-content\/uploads\/2021\/01\/CarpaChesteCovid2.jpg 787w, https:\/\/www.tucomarca.com\/wordpress\/segunda\/wp-content\/uploads\/2021\/01\/CarpaChesteCovid2-300x225.jpg 300w, https:\/\/www.tucomarca.com\/wordpress\/segunda\/wp-content\/uploads\/2021\/01\/CarpaChesteCovid2-768x576.jpg 768w, https:\/\/www.tucomarca.com\/wordpress\/segunda\/wp-content\/uploads\/2021\/01\/CarpaChesteCovid2-678x509.jpg 678w, https:\/\/www.tucomarca.com\/wordpress\/segunda\/wp-content\/uploads\/2021\/01\/CarpaChesteCovid2-326x245.jpg 326w, https:\/\/www.tucomarca.com\/wordpress\/segunda\/wp-content\/uploads\/2021\/01\/CarpaChesteCovid2-80x60.jpg 80w\" sizes=\"auto, (max-width: 787px) 100vw, 787px\" \/><\/figure><\/li><li class=\"blocks-gallery-item\"><figure><img loading=\"lazy\" decoding=\"async\" width=\"787\" height=\"590\" src=\"http:\/\/www.tucomarca.com\/wordpress\/segunda\/wp-content\/uploads\/2021\/01\/CarpaChesteCovid3.jpg\" alt=\"\" data-id=\"123244\" data-full-url=\"http:\/\/www.tucomarca.com\/wordpress\/segunda\/wp-content\/uploads\/2021\/01\/CarpaChesteCovid3.jpg\" data-link=\"http:\/\/www.tucomarca.com\/wordpress\/segunda\/?attachment_id=123244\" class=\"wp-image-123244\" srcset=\"https:\/\/www.tucomarca.com\/wordpress\/segunda\/wp-content\/uploads\/2021\/01\/CarpaChesteCovid3.jpg 787w, https:\/\/www.tucomarca.com\/wordpress\/segunda\/wp-content\/uploads\/2021\/01\/CarpaChesteCovid3-300x225.jpg 300w, https:\/\/www.tucomarca.com\/wordpress\/segunda\/wp-content\/uploads\/2021\/01\/CarpaChesteCovid3-768x576.jpg 768w, https:\/\/www.tucomarca.com\/wordpress\/segunda\/wp-content\/uploads\/2021\/01\/CarpaChesteCovid3-678x509.jpg 678w, https:\/\/www.tucomarca.com\/wordpress\/segunda\/wp-content\/uploads\/2021\/01\/CarpaChesteCovid3-326x245.jpg 326w, https:\/\/www.tucomarca.com\/wordpress\/segunda\/wp-content\/uploads\/2021\/01\/CarpaChesteCovid3-80x60.jpg 80w\" sizes=\"auto, (max-width: 787px) 100vw, 787px\" \/><\/figure><\/li><li class=\"blocks-gallery-item\"><figure><img loading=\"lazy\" decoding=\"async\" width=\"787\" height=\"590\" src=\"http:\/\/www.tucomarca.com\/wordpress\/segunda\/wp-content\/uploads\/2021\/01\/CarpaChesteCovid1.jpg\" alt=\"\" data-id=\"123240\" data-full-url=\"http:\/\/www.tucomarca.com\/wordpress\/segunda\/wp-content\/uploads\/2021\/01\/CarpaChesteCovid1.jpg\" data-link=\"http:\/\/www.tucomarca.com\/wordpress\/segunda\/?attachment_id=123240\" class=\"wp-image-123240\" srcset=\"https:\/\/www.tucomarca.com\/wordpress\/segunda\/wp-content\/uploads\/2021\/01\/CarpaChesteCovid1.jpg 787w, https:\/\/www.tucomarca.com\/wordpress\/segunda\/wp-content\/uploads\/2021\/01\/CarpaChesteCovid1-300x225.jpg 300w, https:\/\/www.tucomarca.com\/wordpress\/segunda\/wp-content\/uploads\/2021\/01\/CarpaChesteCovid1-768x576.jpg 768w, https:\/\/www.tucomarca.com\/wordpress\/segunda\/wp-content\/uploads\/2021\/01\/CarpaChesteCovid1-678x509.jpg 678w, https:\/\/www.tucomarca.com\/wordpress\/segunda\/wp-content\/uploads\/2021\/01\/CarpaChesteCovid1-326x245.jpg 326w, https:\/\/www.tucomarca.com\/wordpress\/segunda\/wp-content\/uploads\/2021\/01\/CarpaChesteCovid1-80x60.jpg 80w\" sizes=\"auto, (max-width: 787px) 100vw, 787px\" \/><\/figure><\/li><\/ul><\/figure>\n\n\n\n<p>Ma\u00f1ana, viernes 8 de enero, comenzar\u00e1 a funcionar la carpa que el Ayuntamiento ha instalado en el aparcamiento del centro de salud con el objetivo de mejorar la atenci\u00f3n a los y las pacientes que est\u00e1n a la espera de la realizaci\u00f3n de las pruebas diagn\u00f3sticas de COVID-19, as\u00ed como para mejorar las condiciones de trabajo del equipo de sanitarios y sanitarias del ambulatorio.<\/p>\n\n\n\n<p>La carpa alberga una caseta de obra donde se guardar\u00e1 el material m\u00e9dico y que utilizar\u00e1 el personal sanitario para realizar las pruebas PCR y los test de ant\u00edgenos; as\u00ed como la vacunaci\u00f3n, cuando llegue el momento. El resto del espacio ser\u00e1 una sala de espera con asientos para 80 personas, guardando la distancia de seguridad. El recinto est\u00e1 dotado de megafon\u00eda y sistema de intercomunicaci\u00f3n y ser\u00e1 desinfectado todos los d\u00edas de la semana.<\/p>\n\n\n\n<p>\u201cDesde el inicio de la pandemia he estado en permanente contacto con el coordinador del centro de salud, Esteban Rosero, y en la \u00faltima reuni\u00f3n que tuvimos, junto al equipo de enfermer\u00eda, pensamos en instalar esta carpa para hacer las pruebas de la COVID-19 y dejar el ambulatorio para el resto de pacientes, creando dos circuitos diferenciados\u201d, ha explicado la concejala de Sanidad, M\u00aa \u00c1ngeles Llorente. \u201cTras la reuni\u00f3n, traslad\u00e9 la propuesta al resto del equipo de gobierno, que estuvo de acuerdo en llevarla a cabo cuanto antes, ante la grave situaci\u00f3n sanitaria en la que est\u00e1 Cheste\u201d.<\/p>\n\n\n\n<p>Por su parte, Rosero ha recordado que el centro de salud continuar\u00e1 atendiendo urgencias, y realizando controles de Sintrom y consultas no demorables y ha agradecido el esfuerzo de la poblaci\u00f3n y la colaboraci\u00f3n del Ayuntamiento. \u201cDurante las \u00faltimas dos semanas ha aumentado el volumen de pacientes que se realizan pruebas PCR, llegando a efectuar hasta 90 pruebas en un mismo d\u00eda. Ante esa aglomeraci\u00f3n de personas, era necesario acondicionar un lugar en el que atender a pacientes afectados por COVID-19 y agradezco que el Ayuntamiento se haya volcado para dar respuesta a esa necesidad, al igual que lleva haciendo desde el inicio de la pandemia, colaborando en todo lo posible con el centro de salud\u201d.<\/p>\n","protected":false},"excerpt":{"rendered":"<div class=\"mh-excerpt\">El Ambulatorio seguir\u00e1 abierto para realizar anal\u00edticas y controles de Sintrom y para atender urgencias y consultas que no admiten demora Ma\u00f1ana, viernes 8 de enero, comenzar\u00e1 a funcionar la carpa que el Ayuntamiento ha <a class=\"mh-excerpt-more\" href=\"https:\/\/www.tucomarca.com\/wordpress\/segunda\/ca\/lajuntament-de-xest-installa-una-carpa-a-laparcament-de-centre-de-salut-per-a-realitzar-les-proves-diagnostiques-de-covid-19\/\" title=\"L&#8217;Ajuntament de Xest instal\u00b7la una carpa a l&#8217;aparcament de centre de salut per a realitzar les proves diagn\u00f2stiques de Covid-19\">[+] <\/a><\/div>\n","protected":false},"author":12,"featured_media":123247,"comment_status":"open","ping_status":"open","sticky":false,"template":"","format":"gallery","meta":{"footnotes":""},"categories":[11010,12202,10898,10948,10894,10912,10903,10896,10897,10974],"tags":[11071,11939,11940,10914,13461],"class_list":{"0":"post-123258","1":"post","2":"type-post","3":"status-publish","4":"format-gallery","5":"has-post-thumbnail","7":"category-canal-salud","8":"category-covid-19-ca","9":"category-ventana-ca","10":"category-infraestructuras-ca","11":"category-la-comarca-ca","12":"category-la-hoya-ca","13":"category-medio-ambiente-la-comarca-ca","14":"category-seccion-ca","15":"category-sucesos-la-comarca-ca","16":"category-cheste-ca","17":"tag-cheste","18":"tag-coronavirus-ca","19":"tag-covid-19-ca","20":"tag-la-hoya-de-bunol-chiva-ca","21":"tag-pruebas-pcr-ca","22":"post_format-post-format-gallery"},"_links":{"self":[{"href":"https:\/\/www.tucomarca.com\/wordpress\/segunda\/ca\/wp-json\/wp\/v2\/posts\/123258","targetHints":{"allow":["GET"]}}],"collection":[{"href":"https:\/\/www.tucomarca.com\/wordpress\/segunda\/ca\/wp-json\/wp\/v2\/posts"}],"about":[{"href":"https:\/\/www.tucomarca.com\/wordpress\/segunda\/ca\/wp-json\/wp\/v2\/types\/post"}],"author":[{"embeddable":true,"href":"https:\/\/www.tucomarca.com\/wordpress\/segunda\/ca\/wp-json\/wp\/v2\/users\/12"}],"replies":[{"embeddable":true,"href":"https:\/\/www.tucomarca.com\/wordpress\/segunda\/ca\/wp-json\/wp\/v2\/comments?post=123258"}],"version-history":[{"count":0,"href":"https:\/\/www.tucomarca.com\/wordpress\/segunda\/ca\/wp-json\/wp\/v2\/posts\/123258\/revisions"}],"wp:featuredmedia":[{"embeddable":true,"href":"https:\/\/www.tucomarca.com\/wordpress\/segunda\/ca\/wp-json\/wp\/v2\/media\/123247"}],"wp:attachment":[{"href":"https:\/\/www.tucomarca.com\/wordpress\/segunda\/ca\/wp-json\/wp\/v2\/media?parent=123258"}],"wp:term":[{"taxonomy":"category","embeddable":true,"href":"https:\/\/www.tucomarca.com\/wordpress\/segunda\/ca\/wp-json\/wp\/v2\/categories?post=123258"},{"taxonomy":"post_tag","embeddable":true,"href":"https:\/\/www.tucomarca.com\/wordpress\/segunda\/ca\/wp-json\/wp\/v2\/tags?post=123258"}],"curies":[{"name":"wp","href":"https:\/\/api.w.org\/{rel}","templated":true}]}}