{"id":123265,"date":"2021-01-07T14:30:00","date_gmt":"2021-01-07T13:30:00","guid":{"rendered":"http:\/\/www.tucomarca.com\/wordpress\/segunda\/?p=123265"},"modified":"2021-01-08T11:52:24","modified_gmt":"2021-01-08T10:52:24","slug":"ximo-puig-anuncia-un-nou-paquet-dajudes-per-als-sectors-mes-afectats-per-la-crisi-que-seran-definides-en-una-comissio-tecnica-de-treball","status":"publish","type":"post","link":"https:\/\/www.tucomarca.com\/wordpress\/segunda\/ca\/ximo-puig-anuncia-un-nou-paquet-dajudes-per-als-sectors-mes-afectats-per-la-crisi-que-seran-definides-en-una-comissio-tecnica-de-treball\/","title":{"rendered":"Ximo Puig anuncia un nou paquet d&#8217;ajudes per als sectors m\u00e9s afectats per la crisi que seran definides en una comissi\u00f3 t\u00e8cnica de treball"},"content":{"rendered":"\n<h4 class=\"wp-block-heading\">El president de la Generalitat ha destacat que dem\u00e0 mateix ha estat convocada una nova reuni\u00f3, de car\u00e0cter t\u00e8cnic, per tal de concretar el suport econ\u00f2mic de la Generalitat a el teixit empresarial<\/h4>\n\n\n\n<h4 class=\"wp-block-heading\">Puig ha mantingut una reuni\u00f3 de treball amb el president de la CEV, Salvador Navarro, i els secretaris generals d&#8217;UGT-PV, Ismael S\u00e1ez, i CCOO-PV, Arturo Le\u00f3n<\/h4>\n\n\n\n<p>El president de la Generalitat, Ximo Puig, ha anunciat un nou paquet d&#8217;ajudes per als sectors productius m\u00e9s afectats per la crisi provocada per la pand\u00e8mia de la COVID-19, que seran analitzades i concretades per una comissi\u00f3 t\u00e8cnica de treball.<\/p>\n\n\n\n<p>Aix\u00ed ho ha avan\u00e7at despr\u00e9s de mantenir una reuni\u00f3 amb el president de la CEV, Salvador Navarro, i els secretaris generals d&#8217;UGT-PV, Ismael S\u00e1ez, i CCOO-PV, Arturo Le\u00f3n, a la qual tamb\u00e9 han assistit el conseller d&#8217;Hisenda i Model econ\u00f2mic, Vicent Soler; el conseller d&#8217;Economia Sostenible, sectors productius, Comer\u00e7 i Treball, Rafa Climent, i el conseller de Pol\u00edtica Territorial, Obres P\u00fabliques i Mobilitat, Arcadi Espanya.<\/p>\n\n\n\n<p>El president ha assenyalat que s&#8217;ha iniciat d&#8217;aquesta manera un di\u00e0leg per fer front a les restriccions imposades per la Generalitat amb l&#8217;objectiu de millorar la lluita contra la pand\u00e8mia i garantir la qualitat assistencial. Puig ha assegurat que &#8220;es tracta d&#8217;accions que tenen conseq\u00fc\u00e8ncies en l&#8217;\u00e0mbit econ\u00f2mic i, per tant, hem de donar-los resposta&#8221;.<\/p>\n\n\n\n<p>En aquest sentit el cap de el Consell ha anunciat que dem\u00e0 mateix ha estat convocada una nova reuni\u00f3, de car\u00e0cter t\u00e8cnic, per concretar el suport econ\u00f2mic de la Generalitat a el teixit empresarial valenci\u00e0.<\/p>\n\n\n\n<p>Aix\u00ed mateix ha assegurat que &#8220;viurem uns mesos encara molt complicats per l&#8217;economia, per\u00f2 la Generalitat est\u00e0 absolutament conven\u00e7uda que d&#8217;aqu\u00ed a poc, gr\u00e0cies a la vacunaci\u00f3, aconseguirem superar aquesta situaci\u00f3&#8221;. Tot i aix\u00f2, ha indicat que fins que arribi aquest moment &#8220;hem de fer que les empreses que patixen dificultats per\u00f2 que tenen viabilitat, puguen seguir cap endavant&#8221;.<\/p>\n","protected":false},"excerpt":{"rendered":"<div class=\"mh-excerpt\">El president de la Generalitat ha destacat que dem\u00e0 mateix ha estat convocada una nova reuni\u00f3, de car\u00e0cter t\u00e8cnic, per tal de concretar el suport econ\u00f2mic de la Generalitat a el teixit empresarial Puig ha <a class=\"mh-excerpt-more\" href=\"https:\/\/www.tucomarca.com\/wordpress\/segunda\/ca\/ximo-puig-anuncia-un-nou-paquet-dajudes-per-als-sectors-mes-afectats-per-la-crisi-que-seran-definides-en-una-comissio-tecnica-de-treball\/\" title=\"Ximo Puig anuncia un nou paquet d&#8217;ajudes per als sectors m\u00e9s afectats per la crisi que seran definides en una comissi\u00f3 t\u00e8cnica de treball\">[+] <\/a><\/div>\n","protected":false},"author":12,"featured_media":123264,"comment_status":"open","ping_status":"open","sticky":false,"template":"","format":"standard","meta":{"footnotes":""},"categories":[10890,10951,10892,12202,11046,10898,10948,10963,10894,10904,10912,10902,10947,10909,10896,10897],"tags":[13440,11530,13462,11939,11498,12127,11073],"class_list":{"0":"post-123265","1":"post","2":"type-post","3":"status-publish","4":"format-standard","5":"has-post-thumbnail","7":"category-ademus","8":"category-ayora-cofrentes-ca","9":"category-camp-de-turia-ca","10":"category-covid-19-ca","11":"category-los-serranos-ca","12":"category-ventana-ca","13":"category-infraestructuras-ca","14":"category-la-canal-de-navarres-ca","15":"category-la-comarca-ca","16":"category-sin-categorizar-ca","17":"category-la-hoya-ca","18":"category-la-ribera-ca","19":"category-politica","20":"category-requena-utiel-ca","21":"category-seccion-ca","22":"category-sucesos-la-comarca-ca","23":"tag-ayudas-covid-ca","24":"tag-ccoo-ca","25":"tag-cev-ca","26":"tag-coronavirus-ca","27":"tag-generalitat-valenciana-ca","28":"tag-ugt-ca","29":"tag-ximo-puig-ca"},"_links":{"self":[{"href":"https:\/\/www.tucomarca.com\/wordpress\/segunda\/ca\/wp-json\/wp\/v2\/posts\/123265","targetHints":{"allow":["GET"]}}],"collection":[{"href":"https:\/\/www.tucomarca.com\/wordpress\/segunda\/ca\/wp-json\/wp\/v2\/posts"}],"about":[{"href":"https:\/\/www.tucomarca.com\/wordpress\/segunda\/ca\/wp-json\/wp\/v2\/types\/post"}],"author":[{"embeddable":true,"href":"https:\/\/www.tucomarca.com\/wordpress\/segunda\/ca\/wp-json\/wp\/v2\/users\/12"}],"replies":[{"embeddable":true,"href":"https:\/\/www.tucomarca.com\/wordpress\/segunda\/ca\/wp-json\/wp\/v2\/comments?post=123265"}],"version-history":[{"count":0,"href":"https:\/\/www.tucomarca.com\/wordpress\/segunda\/ca\/wp-json\/wp\/v2\/posts\/123265\/revisions"}],"wp:featuredmedia":[{"embeddable":true,"href":"https:\/\/www.tucomarca.com\/wordpress\/segunda\/ca\/wp-json\/wp\/v2\/media\/123264"}],"wp:attachment":[{"href":"https:\/\/www.tucomarca.com\/wordpress\/segunda\/ca\/wp-json\/wp\/v2\/media?parent=123265"}],"wp:term":[{"taxonomy":"category","embeddable":true,"href":"https:\/\/www.tucomarca.com\/wordpress\/segunda\/ca\/wp-json\/wp\/v2\/categories?post=123265"},{"taxonomy":"post_tag","embeddable":true,"href":"https:\/\/www.tucomarca.com\/wordpress\/segunda\/ca\/wp-json\/wp\/v2\/tags?post=123265"}],"curies":[{"name":"wp","href":"https:\/\/api.w.org\/{rel}","templated":true}]}}