{"id":123346,"date":"2021-01-08T20:00:00","date_gmt":"2021-01-08T19:00:00","guid":{"rendered":"http:\/\/www.tucomarca.com\/wordpress\/segunda\/?p=123346"},"modified":"2021-01-08T21:07:58","modified_gmt":"2021-01-08T20:07:58","slug":"lactuacio-de-la-policia-local-de-riba-roja-evita-el-robatori-en-linterior-duna-vivenda-en-la-urbanitzacio-entrenaranjos","status":"publish","type":"post","link":"https:\/\/www.tucomarca.com\/wordpress\/segunda\/ca\/lactuacio-de-la-policia-local-de-riba-roja-evita-el-robatori-en-linterior-duna-vivenda-en-la-urbanitzacio-entrenaranjos\/","title":{"rendered":"L&#8217;actuaci\u00f3 de la policia local de Riba-roja evita el robatori en l&#8217;interior d&#8217;una vivenda en la urbanitzaci\u00f3 Entrenaranjos"},"content":{"rendered":"\n<h4 class=\"wp-block-heading\"><strong>Arrestat un individu de 22 anys ve\u00ed de l&#8217;Eliana<\/strong><\/h4>\n\n\n\n<p>La r\u00e0pida actuaci\u00f3 d&#8217;una patrulla de la policia local de Riba-roja de T\u00faria va evitar aquesta setmana el robatori a l&#8217;interior d&#8217;un habitatge ubicat a la urbanitzaci\u00f3 Entrenaranjos en el l\u00edmit entre aquest municipi i la ve\u00efna localitat de l&#8217;Eliana. L&#8217;operatiu es va saldar amb la detenci\u00f3 d&#8217;un dels dos individus que es van introduir en l&#8217;habitatge mentre que l&#8217;altre va fugir i no va poder ser interceptat.<\/p>\n\n\n\n<p>Els fets van passar a la matinada el passat dimarts 5 de gener quan una patrulla que realitzava les tasques de vigil\u00e0ncia en prevenci\u00f3 de robatoris va observar dos individus que havien saltat a la via p\u00fablica des de l&#8217;interior d&#8217;un habitatge de l&#8217;esmentada urbanitzaci\u00f3. A l&#8217;adonar-se de la pres\u00e8ncia dels agents, un dels individus torna a escalar el mur de l&#8217;habitatge d&#8217;uns dos metres d&#8217;altura i l&#8217;altre fuig pels carrers de la zona.<\/p>\n\n\n\n<p>Els agents van emprendre la persecuci\u00f3 de l&#8217;individu que va fugir corrent per la carretera que uneix Riba-roja i l&#8217;Eliana fins que aquest va saltar la tanca d&#8217;un solar ple de mala herba al seu interior i, posteriorment, es va amagar en el mateix. Despr\u00e9s de l&#8217;arribada d&#8217;un altre vehicle policial de l&#8217;Eliana, als quals s&#8217;havia avisat pr\u00e8viament, l&#8217;individu va decidir lliurar-se a l&#8217;veure acorralat. Va ser detingut per un presumpte delicte de robatori amb for\u00e7a per escalament. Es tracta d&#8217;un home de 22 anys, ve\u00ed de l&#8217;Eliana.<\/p>\n\n\n\n<p>Per la seua banda, l&#8217;individu que s&#8217;havia amagat a l&#8217;habitatge no va poder ser interceptat al seu interior. Despr\u00e9s entrevistar-se amb els propietaris del xalet, no es va observar cap tipus de porta, finestra o reixa for\u00e7ada.<\/p>\n","protected":false},"excerpt":{"rendered":"<div class=\"mh-excerpt\">Arrestat un individu de 22 anys ve\u00ed de l&#8217;Eliana La r\u00e0pida actuaci\u00f3 d&#8217;una patrulla de la policia local de Riba-roja de T\u00faria va evitar aquesta setmana el robatori a l&#8217;interior d&#8217;un habitatge ubicat a la <a class=\"mh-excerpt-more\" href=\"https:\/\/www.tucomarca.com\/wordpress\/segunda\/ca\/lactuacio-de-la-policia-local-de-riba-roja-evita-el-robatori-en-linterior-duna-vivenda-en-la-urbanitzacio-entrenaranjos\/\" title=\"L&#8217;actuaci\u00f3 de la policia local de Riba-roja evita el robatori en l&#8217;interior d&#8217;una vivenda en la urbanitzaci\u00f3 Entrenaranjos\">[+] <\/a><\/div>\n","protected":false},"author":12,"featured_media":123345,"comment_status":"open","ping_status":"open","sticky":false,"template":"","format":"standard","meta":{"footnotes":""},"categories":[10892,10894,10906,10896,10897],"tags":[10899,12788,10907],"class_list":{"0":"post-123346","1":"post","2":"type-post","3":"status-publish","4":"format-standard","5":"has-post-thumbnail","7":"category-camp-de-turia-ca","8":"category-la-comarca-ca","9":"category-riba-roja-ca","10":"category-seccion-ca","11":"category-sucesos-la-comarca-ca","12":"tag-camp-de-turia-ca","13":"tag-policia-local-de-riba-roja-ca","14":"tag-riba-roja-del-turia-ca"},"_links":{"self":[{"href":"https:\/\/www.tucomarca.com\/wordpress\/segunda\/ca\/wp-json\/wp\/v2\/posts\/123346","targetHints":{"allow":["GET"]}}],"collection":[{"href":"https:\/\/www.tucomarca.com\/wordpress\/segunda\/ca\/wp-json\/wp\/v2\/posts"}],"about":[{"href":"https:\/\/www.tucomarca.com\/wordpress\/segunda\/ca\/wp-json\/wp\/v2\/types\/post"}],"author":[{"embeddable":true,"href":"https:\/\/www.tucomarca.com\/wordpress\/segunda\/ca\/wp-json\/wp\/v2\/users\/12"}],"replies":[{"embeddable":true,"href":"https:\/\/www.tucomarca.com\/wordpress\/segunda\/ca\/wp-json\/wp\/v2\/comments?post=123346"}],"version-history":[{"count":0,"href":"https:\/\/www.tucomarca.com\/wordpress\/segunda\/ca\/wp-json\/wp\/v2\/posts\/123346\/revisions"}],"wp:featuredmedia":[{"embeddable":true,"href":"https:\/\/www.tucomarca.com\/wordpress\/segunda\/ca\/wp-json\/wp\/v2\/media\/123345"}],"wp:attachment":[{"href":"https:\/\/www.tucomarca.com\/wordpress\/segunda\/ca\/wp-json\/wp\/v2\/media?parent=123346"}],"wp:term":[{"taxonomy":"category","embeddable":true,"href":"https:\/\/www.tucomarca.com\/wordpress\/segunda\/ca\/wp-json\/wp\/v2\/categories?post=123346"},{"taxonomy":"post_tag","embeddable":true,"href":"https:\/\/www.tucomarca.com\/wordpress\/segunda\/ca\/wp-json\/wp\/v2\/tags?post=123346"}],"curies":[{"name":"wp","href":"https:\/\/api.w.org\/{rel}","templated":true}]}}