{"id":123624,"date":"2021-01-12T09:00:00","date_gmt":"2021-01-12T08:00:00","guid":{"rendered":"http:\/\/www.tucomarca.com\/wordpress\/segunda\/?p=123624"},"modified":"2021-01-12T17:33:32","modified_gmt":"2021-01-12T16:33:32","slug":"la-generalitat-inicia-les-obres-de-regeneracio-i-de-rehabilitacio-del-grup-dhabitatge-public-de-riba-roja-de-turia","status":"publish","type":"post","link":"https:\/\/www.tucomarca.com\/wordpress\/segunda\/ca\/la-generalitat-inicia-les-obres-de-regeneracio-i-de-rehabilitacio-del-grup-dhabitatge-public-de-riba-roja-de-turia\/","title":{"rendered":"La Generalitat inicia les obres de regeneraci\u00f3 i de rehabilitaci\u00f3 del grup d&#8217;habitatge p\u00fablic de Riba-roja de T\u00faria"},"content":{"rendered":"\n<h4 class=\"wp-block-heading\">L&#8217;actuaci\u00f3 suposar\u00e0 una inversi\u00f3 de 544.500 euros<br>Els treballs se centraran en la millora en les fa\u00e7anes, cobertes, vest\u00edbuls, escales i replans<\/h4>\n\n\n\n<p>La Vicepresid\u00e8ncia Segona i Conselleria d&#8217;Habitatge i Arquitectura Bioclim\u00e0tica, a trav\u00e9s de l&#8217;Entitat Valenciana d&#8217;Habitatge i S\u00f2l (EVha), ha iniciat les obres de regeneraci\u00f3 dels elements comuns de el grup d&#8217;habitatges p\u00fablics Ciutat Jard\u00ed de a Riba-roja de T\u00faria, amb un cost de 544.500 euros.<\/p>\n\n\n\n<p>Aquestes obres s&#8217;emmarquen en els Plans d&#8217;Intervenci\u00f3 Integral Sostenible (PIINS) que la Generalitat est\u00e0 desenvolupant per dignificar i millorar les condicions de determinats grups d&#8217;habitatge p\u00fablic, com el de Riba-roja de T\u00faria, format per 104 habitatges Unes actuacions que tamb\u00e9 es complementen amb mesures d&#8217;atenci\u00f3 social i normalitzaci\u00f3 d&#8217;ocupaci\u00f3 dels habitatges.<\/p>\n\n\n\n<p>L&#8217;actuaci\u00f3 que ara comen\u00e7a inclou la reparaci\u00f3 de les fa\u00e7anes, esquerdes i fissures, pintat de reixes, substituci\u00f3 de lames de galeria, de maons i arrencades. Es dur\u00e0 a terme una neteja de la coberta, instal\u00b7laci\u00f3 de reixeta de protecci\u00f3 en els embornals i es reparar\u00e0 la cornisa de formig\u00f3.<\/p>\n\n\n\n<p>En els vest\u00edbuls i escales, es demolir\u00e0 i col\u00b7locar\u00e0 noves peces de llindar d&#8217;entrada dels accessos. Es netejaran i repararan el paviment i esglaonat de terratzo, replans intermedis i escales, substituint les peces danyades. Tamb\u00e9 es renovaran els elements met\u00e0l\u00b7lics de baranes i escales, la instal\u00b7laci\u00f3 el\u00e8ctrica i de protecci\u00f3 contra incendis, es reposaran els porters electr\u00f2nics i la xarxa de sanejament.<\/p>\n\n\n\n<p>De la mateixa manera, es repararan o renovaran les portes d&#8217;acc\u00e9s als vest\u00edbuls, les finestres de les escales i es col\u00b7locaran noves b\u00fasties.<\/p>\n\n\n\n<p>El director general de EVha, Alberto Aznar, ha assegurat que les pol\u00edtiques de rehabilitaci\u00f3 dels \u00faltims anys &#8220;han perm\u00e8s millorar en certa mesura el parc d&#8217;habitatges existent, per\u00f2 segueix sent prioritari abordar les \u00e0rees m\u00e9s sensibles i degradades i donar suport als sectors de la poblaci\u00f3 m\u00e9s vulnerables que tenen grans dificultats per accedir a aquesta rehabilitaci\u00f3&#8221;.<\/p>\n","protected":false},"excerpt":{"rendered":"<div class=\"mh-excerpt\">L&#8217;actuaci\u00f3 suposar\u00e0 una inversi\u00f3 de 544.500 eurosEls treballs se centraran en la millora en les fa\u00e7anes, cobertes, vest\u00edbuls, escales i replans La Vicepresid\u00e8ncia Segona i Conselleria d&#8217;Habitatge i Arquitectura Bioclim\u00e0tica, a trav\u00e9s de l&#8217;Entitat Valenciana <a class=\"mh-excerpt-more\" href=\"https:\/\/www.tucomarca.com\/wordpress\/segunda\/ca\/la-generalitat-inicia-les-obres-de-regeneracio-i-de-rehabilitacio-del-grup-dhabitatge-public-de-riba-roja-de-turia\/\" title=\"La Generalitat inicia les obres de regeneraci\u00f3 i de rehabilitaci\u00f3 del grup d&#8217;habitatge p\u00fablic de Riba-roja de T\u00faria\">[+] <\/a><\/div>\n","protected":false},"author":12,"featured_media":123623,"comment_status":"open","ping_status":"open","sticky":false,"template":"","format":"standard","meta":{"footnotes":""},"categories":[10892,10948,10894,10947,10906,10896],"tags":[11498,10907,13492],"class_list":{"0":"post-123624","1":"post","2":"type-post","3":"status-publish","4":"format-standard","5":"has-post-thumbnail","7":"category-camp-de-turia-ca","8":"category-infraestructuras-ca","9":"category-la-comarca-ca","10":"category-politica","11":"category-riba-roja-ca","12":"category-seccion-ca","13":"tag-generalitat-valenciana-ca","14":"tag-riba-roja-del-turia-ca","15":"tag-vivienda-publica-ca"},"_links":{"self":[{"href":"https:\/\/www.tucomarca.com\/wordpress\/segunda\/ca\/wp-json\/wp\/v2\/posts\/123624","targetHints":{"allow":["GET"]}}],"collection":[{"href":"https:\/\/www.tucomarca.com\/wordpress\/segunda\/ca\/wp-json\/wp\/v2\/posts"}],"about":[{"href":"https:\/\/www.tucomarca.com\/wordpress\/segunda\/ca\/wp-json\/wp\/v2\/types\/post"}],"author":[{"embeddable":true,"href":"https:\/\/www.tucomarca.com\/wordpress\/segunda\/ca\/wp-json\/wp\/v2\/users\/12"}],"replies":[{"embeddable":true,"href":"https:\/\/www.tucomarca.com\/wordpress\/segunda\/ca\/wp-json\/wp\/v2\/comments?post=123624"}],"version-history":[{"count":0,"href":"https:\/\/www.tucomarca.com\/wordpress\/segunda\/ca\/wp-json\/wp\/v2\/posts\/123624\/revisions"}],"wp:featuredmedia":[{"embeddable":true,"href":"https:\/\/www.tucomarca.com\/wordpress\/segunda\/ca\/wp-json\/wp\/v2\/media\/123623"}],"wp:attachment":[{"href":"https:\/\/www.tucomarca.com\/wordpress\/segunda\/ca\/wp-json\/wp\/v2\/media?parent=123624"}],"wp:term":[{"taxonomy":"category","embeddable":true,"href":"https:\/\/www.tucomarca.com\/wordpress\/segunda\/ca\/wp-json\/wp\/v2\/categories?post=123624"},{"taxonomy":"post_tag","embeddable":true,"href":"https:\/\/www.tucomarca.com\/wordpress\/segunda\/ca\/wp-json\/wp\/v2\/tags?post=123624"}],"curies":[{"name":"wp","href":"https:\/\/api.w.org\/{rel}","templated":true}]}}