{"id":123674,"date":"2021-01-12T10:30:00","date_gmt":"2021-01-12T09:30:00","guid":{"rendered":"http:\/\/www.tucomarca.com\/wordpress\/segunda\/?p=123674"},"modified":"2021-01-12T22:06:49","modified_gmt":"2021-01-12T21:06:49","slug":"la-policia-local-de-vilamarxant-renova-la-seua-flota-de-vehicles-amb-dos-nous-cotxes-hibrids","status":"publish","type":"post","link":"https:\/\/www.tucomarca.com\/wordpress\/segunda\/ca\/la-policia-local-de-vilamarxant-renova-la-seua-flota-de-vehicles-amb-dos-nous-cotxes-hibrids\/","title":{"rendered":"La policia local de Vilamarxant renova la seua flota de vehicles amb dos nous cotxes h\u00edbrids"},"content":{"rendered":"\n<p>L&#8217;Ajuntament de Vilamarxant ha adquirit dos nous cotxes h\u00edbrids amb tracci\u00f3 permanent que permetran la renovaci\u00f3 de l&#8217;actual flota de vehicles de la policia local.<\/p>\n\n\n\n<p>D&#8217;esta forma, els agents de la policia podran treballar en millors condicions gr\u00e0cies als dos nous vehicles, que compten amb la targeta eco i que tenen cinc cadires de seguretat.<\/p>\n\n\n\n<p>Ciro Ferrer, regidor de Seguretat Ciutadana, ha explicat que estes adquisicions seran \u201cde gran utilitat per als agents de la policia per les condicions t\u00e8cniques amb les quals compten i que els permetran operar en condicions \u00f2ptimes pel terme municipal\u201d.<\/p>\n\n\n\n<p>\u201cContinuem oferint els millors recursos al cos de policia local per a garantir que puguen exercir la feina de casa i, en \u00faltima inst\u00e0ncia, garantir la seguretat de la ciutadania\u201d, ha afegit Ferrer.<\/p>\n","protected":false},"excerpt":{"rendered":"<div class=\"mh-excerpt\">L&#8217;Ajuntament de Vilamarxant ha adquirit dos nous cotxes h\u00edbrids amb tracci\u00f3 permanent que permetran la renovaci\u00f3 de l&#8217;actual flota de vehicles de la policia local. D&#8217;esta forma, els agents de la policia podran treballar en <a class=\"mh-excerpt-more\" href=\"https:\/\/www.tucomarca.com\/wordpress\/segunda\/ca\/la-policia-local-de-vilamarxant-renova-la-seua-flota-de-vehicles-amb-dos-nous-cotxes-hibrids\/\" title=\"La policia local de Vilamarxant renova la seua flota de vehicles amb dos nous cotxes h\u00edbrids\">[+] <\/a><\/div>\n","protected":false},"author":12,"featured_media":123673,"comment_status":"open","ping_status":"open","sticky":false,"template":"","format":"standard","meta":{"footnotes":""},"categories":[10892,10948,10894,10903,10947,10896,10927],"tags":[10899,13500,11090],"class_list":{"0":"post-123674","1":"post","2":"type-post","3":"status-publish","4":"format-standard","5":"has-post-thumbnail","7":"category-camp-de-turia-ca","8":"category-infraestructuras-ca","9":"category-la-comarca-ca","10":"category-medio-ambiente-la-comarca-ca","11":"category-politica","12":"category-seccion-ca","13":"category-vilamarxant-ca","14":"tag-camp-de-turia-ca","15":"tag-policia-local-2-ca","16":"tag-vilamarxant-ca"},"_links":{"self":[{"href":"https:\/\/www.tucomarca.com\/wordpress\/segunda\/ca\/wp-json\/wp\/v2\/posts\/123674","targetHints":{"allow":["GET"]}}],"collection":[{"href":"https:\/\/www.tucomarca.com\/wordpress\/segunda\/ca\/wp-json\/wp\/v2\/posts"}],"about":[{"href":"https:\/\/www.tucomarca.com\/wordpress\/segunda\/ca\/wp-json\/wp\/v2\/types\/post"}],"author":[{"embeddable":true,"href":"https:\/\/www.tucomarca.com\/wordpress\/segunda\/ca\/wp-json\/wp\/v2\/users\/12"}],"replies":[{"embeddable":true,"href":"https:\/\/www.tucomarca.com\/wordpress\/segunda\/ca\/wp-json\/wp\/v2\/comments?post=123674"}],"version-history":[{"count":0,"href":"https:\/\/www.tucomarca.com\/wordpress\/segunda\/ca\/wp-json\/wp\/v2\/posts\/123674\/revisions"}],"wp:featuredmedia":[{"embeddable":true,"href":"https:\/\/www.tucomarca.com\/wordpress\/segunda\/ca\/wp-json\/wp\/v2\/media\/123673"}],"wp:attachment":[{"href":"https:\/\/www.tucomarca.com\/wordpress\/segunda\/ca\/wp-json\/wp\/v2\/media?parent=123674"}],"wp:term":[{"taxonomy":"category","embeddable":true,"href":"https:\/\/www.tucomarca.com\/wordpress\/segunda\/ca\/wp-json\/wp\/v2\/categories?post=123674"},{"taxonomy":"post_tag","embeddable":true,"href":"https:\/\/www.tucomarca.com\/wordpress\/segunda\/ca\/wp-json\/wp\/v2\/tags?post=123674"}],"curies":[{"name":"wp","href":"https:\/\/api.w.org\/{rel}","templated":true}]}}