{"id":123991,"date":"2021-01-15T17:03:00","date_gmt":"2021-01-15T16:03:00","guid":{"rendered":"http:\/\/www.tucomarca.com\/wordpress\/segunda\/asociacion-de-empresarios-y-autonomos-de-bunol-y-gobierno-local-proponen-reducir-una-hora-los-horarios-comerciales-para-promover-el-autoconfinamiento\/"},"modified":"2021-01-15T23:11:03","modified_gmt":"2021-01-15T22:11:03","slug":"asociacion-de-empresarios-y-autonomos-de-bunol-y-gobierno-local-proponen-reducir-una-hora-los-horarios-comerciales-para-promover-el-autoconfinamiento","status":"publish","type":"post","link":"https:\/\/www.tucomarca.com\/wordpress\/segunda\/ca\/asociacion-de-empresarios-y-autonomos-de-bunol-y-gobierno-local-proponen-reducir-una-hora-los-horarios-comerciales-para-promover-el-autoconfinamiento\/","title":{"rendered":"Associaci\u00f3 d&#8217;Empresaris i Aut\u00f2noms de Bunyol i govern local proposen reduir una hora els horaris comercials per promoure el autoconfinamiento"},"content":{"rendered":"\n<p>Per aix\u00f2 han em\u00e8s un comunicat p\u00fablic amb el seg\u00fcent missatge:<\/p>\n\n\n\n<p>&#8220;Ante la preocupaci\u00f3n que genera evoluci\u00f3n y la situaci\u00f3n de pandemia en nuestro municipio, y en toda la Comunidad Valenciana, la Asociaci\u00f3n de Empresarios y Aut\u00f3nomos de Bu\u00f1ol, con el respaldo de la Alcald\u00eda y del Gobierno Local, est\u00e1 tratando de buscar soluciones que ayuden a minimizar el contacto social, sin causar m\u00e1s perjuicio a los aut\u00f3nomos y a sus establecimientos.<\/p>\n\n\n\n<p>Las medidas decretadas por la GVA para hosteler\u00eda son ya muy restrictivas, y por solidaridad y para intentar doblegar esa tendencia al alza de los contagios, desde nuestra asociaci\u00f3n pensamos que las medidas podr\u00edan complementarse con un esfuerzo del resto de los comercios y servicios.<\/p>\n\n\n\n<p>Nuestra propuesta y recomendaci\u00f3n es reducir una hora los horarios comerciales en la franja de la tarde, abriendo de 17,00 h a 19,00 h, promoviendo as\u00ed el autoconfinamiento y favoreciendo el confinamiento nocturno, que en la actualidad comienza a las 22,00 horas y que esta medida sea asumida por la mayor\u00eda de los establecimientos y se haga de una forma unificada.<\/p>\n\n\n\n<p>Tambi\u00e9n proponer a otros establecimientos de servicios e incluso a las empresas, implementar medidas en esta l\u00ednea, ya que estamos convencidos, de que entre todos podemos hacer una gran labor para contribuir al freno y a la mejora de los datos de Covid en nuestra poblaci\u00f3n.<\/p>\n\n\n\n<p>Adem\u00e1s, queremos comunicar que se van a poner en marcha nuevas ayudas directas, desde la GVA, Diputaci\u00f3n y desde el propio Ayuntamiento. Y que estas ayudas municipales se estudiaran junto la Asociaci\u00f3n, la Corporaci\u00f3n y el Consejo Econ\u00f3mico y Social, para que se dirijan a los que m\u00e1s las est\u00e1n necesitando.<\/p>\n\n\n\n<p>Por ultimo, transmitir un mensaje de \u00e1nimo. La Asociaci\u00f3n de Empresarios y Aut\u00f3nomos de Bu\u00f1ol, junto al Gobierno Local, sigue trabajando en campa\u00f1as de dinamizaci\u00f3n y de informaci\u00f3n para afrontar, pese a todo, con un esp\u00edritu optimista este nuevo a\u00f1o&#8221;.<\/p>\n","protected":false},"excerpt":{"rendered":"<div class=\"mh-excerpt\">Per aix\u00f2 han em\u00e8s un comunicat p\u00fablic amb el seg\u00fcent missatge: &#8220;Ante la preocupaci\u00f3n que genera evoluci\u00f3n y la situaci\u00f3n de pandemia en nuestro municipio, y en toda la Comunidad Valenciana, la Asociaci\u00f3n de Empresarios <a class=\"mh-excerpt-more\" href=\"https:\/\/www.tucomarca.com\/wordpress\/segunda\/ca\/asociacion-de-empresarios-y-autonomos-de-bunol-y-gobierno-local-proponen-reducir-una-hora-los-horarios-comerciales-para-promover-el-autoconfinamiento\/\" title=\"Associaci\u00f3 d&#8217;Empresaris i Aut\u00f2noms de Bunyol i govern local proposen reduir una hora els horaris comercials per promoure el autoconfinamiento\">[+] <\/a><\/div>\n","protected":false},"author":12,"featured_media":109016,"comment_status":"open","ping_status":"open","sticky":false,"template":"","format":"standard","meta":{"footnotes":""},"categories":[10911,11010,12202,10948,10894,10912,10947,10896,10897],"tags":[13339,12189,11939,11940,13565,10914],"class_list":{"0":"post-123991","1":"post","2":"type-post","3":"status-publish","4":"format-standard","5":"has-post-thumbnail","7":"category-bunol-ca","8":"category-canal-salud","9":"category-covid-19-ca","10":"category-infraestructuras-ca","11":"category-la-comarca-ca","12":"category-la-hoya-ca","13":"category-politica","14":"category-seccion-ca","15":"category-sucesos-la-comarca-ca","16":"tag-acyeb-ca","17":"tag-asociacion-de-comerciantes-de-bunol-ca","18":"tag-coronavirus-ca","19":"tag-covid-19-ca","20":"tag-horario-comercial-ca","21":"tag-la-hoya-de-bunol-chiva-ca"},"_links":{"self":[{"href":"https:\/\/www.tucomarca.com\/wordpress\/segunda\/ca\/wp-json\/wp\/v2\/posts\/123991","targetHints":{"allow":["GET"]}}],"collection":[{"href":"https:\/\/www.tucomarca.com\/wordpress\/segunda\/ca\/wp-json\/wp\/v2\/posts"}],"about":[{"href":"https:\/\/www.tucomarca.com\/wordpress\/segunda\/ca\/wp-json\/wp\/v2\/types\/post"}],"author":[{"embeddable":true,"href":"https:\/\/www.tucomarca.com\/wordpress\/segunda\/ca\/wp-json\/wp\/v2\/users\/12"}],"replies":[{"embeddable":true,"href":"https:\/\/www.tucomarca.com\/wordpress\/segunda\/ca\/wp-json\/wp\/v2\/comments?post=123991"}],"version-history":[{"count":0,"href":"https:\/\/www.tucomarca.com\/wordpress\/segunda\/ca\/wp-json\/wp\/v2\/posts\/123991\/revisions"}],"wp:featuredmedia":[{"embeddable":true,"href":"https:\/\/www.tucomarca.com\/wordpress\/segunda\/ca\/wp-json\/wp\/v2\/media\/109016"}],"wp:attachment":[{"href":"https:\/\/www.tucomarca.com\/wordpress\/segunda\/ca\/wp-json\/wp\/v2\/media?parent=123991"}],"wp:term":[{"taxonomy":"category","embeddable":true,"href":"https:\/\/www.tucomarca.com\/wordpress\/segunda\/ca\/wp-json\/wp\/v2\/categories?post=123991"},{"taxonomy":"post_tag","embeddable":true,"href":"https:\/\/www.tucomarca.com\/wordpress\/segunda\/ca\/wp-json\/wp\/v2\/tags?post=123991"}],"curies":[{"name":"wp","href":"https:\/\/api.w.org\/{rel}","templated":true}]}}