{"id":124079,"date":"2021-01-18T10:55:00","date_gmt":"2021-01-18T09:55:00","guid":{"rendered":"http:\/\/www.tucomarca.com\/wordpress\/segunda\/?p=124079"},"modified":"2021-01-18T15:37:40","modified_gmt":"2021-01-18T14:37:40","slug":"lajuntament-de-requena-elimina-abocadors-illegals","status":"publish","type":"post","link":"https:\/\/www.tucomarca.com\/wordpress\/segunda\/ca\/lajuntament-de-requena-elimina-abocadors-illegals\/","title":{"rendered":"L&#8217;Ajuntament de Requena elimina abocadors il\u00b7legals"},"content":{"rendered":"\n<p>El consistori requenense ha hagut de emprendre un cop m\u00e9s serveis extraordinaris per poder retirar tant estris abandonats com runes en espais del municipi en qu\u00e8 \u00e9s il\u00b7legal dipositar aquest tipus d&#8217;escombraries.<\/p>\n\n\n\n<p>Des de la regidoria de Medi Ambient s&#8217;han posat en marxa diverses campanyes d&#8217;informaci\u00f3 i conscienciaci\u00f3 ciutadana sobre gesti\u00f3 de residus i en concret, dels estris o residus voluminosos.<\/p>\n\n\n\n<p>Es recorda que la runa i estris o voluminosos, s&#8217;han de dur a l&#8217;Ecoparc, que es troba al pol\u00edgon industrial del Romeral, en horari de dilluns a dissabte de 8 a 13 i de 16 a 19 hores.<\/p>\n\n\n\n<p>Des del consistori es demana encaridament la col\u00b7laboraci\u00f3 ciutadana en el rebuig d&#8217;aquests materials.<\/p>\n\n\n\n<p>A m\u00e9s, des de l&#8217;Ajuntament s&#8217;ha incrementat el servei de recollida d&#8217;estris, el qual t\u00e9 un tel\u00e8fon 24 hores (961.537.301) per incid\u00e8ncies o avisos puntuals.<br>S&#8217;incideix tamb\u00e9 des del consistori, en qu\u00e8 els residus voluminosos com mobles i estris, pneum\u00e0tics, restes de poda, aparells electrodom\u00e8stics o inform\u00e0tics i qualsevol altre residu que no ha de tirar-se a l&#8217;contenidor ubicat a la via p\u00fablica, ha de dipositar-se en l&#8217;ecoparc o punt net.<\/p>\n\n\n\n<p>El dip\u00f2sit incontrolat de residus, ja sigui a la via p\u00fablica o en qualsevol entorn natural, &#8220;t\u00e9 conseq\u00fc\u00e8ncies negatives per al municipi: augmenta la contaminaci\u00f3, empitjora l&#8217;aspecte dels nostres carrers i del nostre entorn i provoca l&#8217;augment d&#8217;accions inc\u00edviques&#8221;.<\/p>\n\n\n\n<p>Per tot aix\u00f2, aquesta pr\u00e0ctica comporta sancions. Informa, <strong>Luis Ib\u00e1\u00f1ez.<\/strong><\/p>\n","protected":false},"excerpt":{"rendered":"<div class=\"mh-excerpt\">El consistori requenense ha hagut de emprendre un cop m\u00e9s serveis extraordinaris per poder retirar tant estris abandonats com runes en espais del municipi en qu\u00e8 \u00e9s il\u00b7legal dipositar aquest tipus d&#8217;escombraries. Des de la <a class=\"mh-excerpt-more\" href=\"https:\/\/www.tucomarca.com\/wordpress\/segunda\/ca\/lajuntament-de-requena-elimina-abocadors-illegals\/\" title=\"L&#8217;Ajuntament de Requena elimina abocadors il\u00b7legals\">[+] <\/a><\/div>\n","protected":false},"author":12,"featured_media":124077,"comment_status":"open","ping_status":"open","sticky":false,"template":"","format":"standard","meta":{"footnotes":""},"categories":[10948,10894,10903,10947,10908,10909,10896],"tags":[11099,10910,13577],"class_list":{"0":"post-124079","1":"post","2":"type-post","3":"status-publish","4":"format-standard","5":"has-post-thumbnail","7":"category-infraestructuras-ca","8":"category-la-comarca-ca","9":"category-medio-ambiente-la-comarca-ca","10":"category-politica","11":"category-requena-ca","12":"category-requena-utiel-ca","13":"category-seccion-ca","14":"tag-requena-ca","15":"tag-requena-utiel-ca","16":"tag-vertederos-ilegales-ca"},"_links":{"self":[{"href":"https:\/\/www.tucomarca.com\/wordpress\/segunda\/ca\/wp-json\/wp\/v2\/posts\/124079","targetHints":{"allow":["GET"]}}],"collection":[{"href":"https:\/\/www.tucomarca.com\/wordpress\/segunda\/ca\/wp-json\/wp\/v2\/posts"}],"about":[{"href":"https:\/\/www.tucomarca.com\/wordpress\/segunda\/ca\/wp-json\/wp\/v2\/types\/post"}],"author":[{"embeddable":true,"href":"https:\/\/www.tucomarca.com\/wordpress\/segunda\/ca\/wp-json\/wp\/v2\/users\/12"}],"replies":[{"embeddable":true,"href":"https:\/\/www.tucomarca.com\/wordpress\/segunda\/ca\/wp-json\/wp\/v2\/comments?post=124079"}],"version-history":[{"count":0,"href":"https:\/\/www.tucomarca.com\/wordpress\/segunda\/ca\/wp-json\/wp\/v2\/posts\/124079\/revisions"}],"wp:featuredmedia":[{"embeddable":true,"href":"https:\/\/www.tucomarca.com\/wordpress\/segunda\/ca\/wp-json\/wp\/v2\/media\/124077"}],"wp:attachment":[{"href":"https:\/\/www.tucomarca.com\/wordpress\/segunda\/ca\/wp-json\/wp\/v2\/media?parent=124079"}],"wp:term":[{"taxonomy":"category","embeddable":true,"href":"https:\/\/www.tucomarca.com\/wordpress\/segunda\/ca\/wp-json\/wp\/v2\/categories?post=124079"},{"taxonomy":"post_tag","embeddable":true,"href":"https:\/\/www.tucomarca.com\/wordpress\/segunda\/ca\/wp-json\/wp\/v2\/tags?post=124079"}],"curies":[{"name":"wp","href":"https:\/\/api.w.org\/{rel}","templated":true}]}}