{"id":124156,"date":"2021-01-18T15:00:00","date_gmt":"2021-01-18T14:00:00","guid":{"rendered":"http:\/\/www.tucomarca.com\/wordpress\/segunda\/?p=124156"},"modified":"2021-01-18T21:19:20","modified_gmt":"2021-01-18T20:19:20","slug":"lhospital-de-campanya-de-la-provincia-de-valencia-inicia-lactivitat-dhospitalitzacio-de-pacients-amb-covid-19","status":"publish","type":"post","link":"https:\/\/www.tucomarca.com\/wordpress\/segunda\/ca\/lhospital-de-campanya-de-la-provincia-de-valencia-inicia-lactivitat-dhospitalitzacio-de-pacients-amb-covid-19\/","title":{"rendered":"L&#8217;hospital de campanya de la prov\u00edncia de Val\u00e8ncia inicia l&#8217;activitat d&#8217;hospitalitzaci\u00f3 de pacients amb Covid-19"},"content":{"rendered":"\n<p>L&#8217;hospital de campanya de la prov\u00edncia de Val\u00e8ncia, annex a l&#8217;Hospital Universitari i Polit\u00e8cnic La Fe, inicia aquest dilluns l&#8217;activitat hospital\u00e0ria amb els primers ingressos de pacients COVID-19 amb situaci\u00f3 cl\u00ednica lleu o moderada, per tal d&#8217;alleugerir la pressi\u00f3 assistencial hospital\u00e0ria dels centres d&#8217;aguts de la prov\u00edncia, davant el repunt de casos de les \u00faltimes setmanes.<\/p>\n\n\n\n<p>La Conselleria de Sanitat Universal i Salut P\u00fablica va anunciar la passada setmana l&#8217;habilitaci\u00f3 de 280 llits en els tres hospitals de campanya de la Comunitat Valenciana, de les quals un total de 120 corresponen a l&#8217;hospital de campanya de Val\u00e8ncia. Aquesta \u00faltima dotaci\u00f3 es pot ampliar fins a les 356 en el cas que fos necessari.<\/p>\n\n\n\n<p>El procediment de derivaci\u00f3 de pacients, coordinat per la Direcci\u00f3 General d&#8217;Assist\u00e8ncia Sanit\u00e0ria i consensuat per tots els centres hospitalaris d&#8217;aguts de la prov\u00edncia, estableix que aquest hospital de campanya, a l&#8217;igual que els seus hom\u00f2legs de Castell\u00f3 i Alacant, va assistir a pacients majors de 18 anys, no dependents, amb PCR positiva en COVID-19, que hagin estat pr\u00e8viament en un hospital d&#8217;aguts i es trobin en fase de resoluci\u00f3 de la malaltia (en el cas que tinguin insufici\u00e8ncia respirat\u00f2ria, aquesta ha de poder corregir amb fluxos baixos d&#8217;oxigen).<\/p>\n\n\n\n<p>En alguns casos, poden ingressar pacients que, a m\u00e9s de la seva situaci\u00f3 cl\u00ednica, la seva situaci\u00f3 social o familiar no els permeti mantenir un a\u00efllament adequat o no tinguin les cures necess\u00e0ries en domicili.<\/p>\n\n\n\n<p>Aquesta infraestructura es divideix en diferents unitats d&#8217;hospitalitzaci\u00f3, que compten amb controls d&#8217;infermeria i consultes m\u00e8diques, dotades de l&#8217;aparataje necessari per atendre els malalts de manera individualitzada. Tamb\u00e9 compta amb preses d&#8217;oxigen, punts de Radiodiagn\u00f2stic per utilitzar un aparell port\u00e0til de Radiografia i, en cas de ser necessari, respiradors. De la mateixa manera, l&#8217;hospital de campanya disposa de banys amb dutxes per a la neteja i higiene de pacients i professionals.<\/p>\n\n\n\n<p>Aix\u00ed mateix, davant possibles situacions climatol\u00f2giques adverses, s&#8217;han refor\u00e7at els sistemes de climatitzaci\u00f3 perqu\u00e8 la instal\u00b7laci\u00f3 mantingui en tot moment la temperatura adequada de confort, tant per als i les pacients com per al personal sanitari.<\/p>\n\n\n\n<p>Des de la seva creaci\u00f3, a l&#8217;hospital de campanya de Val\u00e8ncia s&#8217;han desenvolupat diferents actuacions, sent la m\u00e9s destacada la realitzaci\u00f3 de la presa de mostres de PCR de la COVID-19 com a suport als equips d&#8217;Atenci\u00f3 Prim\u00e0ria de el Departament de Salut Val\u00e8ncia La Fe .<\/p>\n","protected":false},"excerpt":{"rendered":"<div class=\"mh-excerpt\">L&#8217;hospital de campanya de la prov\u00edncia de Val\u00e8ncia, annex a l&#8217;Hospital Universitari i Polit\u00e8cnic La Fe, inicia aquest dilluns l&#8217;activitat hospital\u00e0ria amb els primers ingressos de pacients COVID-19 amb situaci\u00f3 cl\u00ednica lleu o moderada, per <a class=\"mh-excerpt-more\" href=\"https:\/\/www.tucomarca.com\/wordpress\/segunda\/ca\/lhospital-de-campanya-de-la-provincia-de-valencia-inicia-lactivitat-dhospitalitzacio-de-pacients-amb-covid-19\/\" title=\"L&#8217;hospital de campanya de la prov\u00edncia de Val\u00e8ncia inicia l&#8217;activitat d&#8217;hospitalitzaci\u00f3 de pacients amb Covid-19\">[+] <\/a><\/div>\n","protected":false},"author":1,"featured_media":124153,"comment_status":"open","ping_status":"open","sticky":false,"template":"","format":"standard","meta":{"footnotes":""},"categories":[11010,12202,10898,10948,10894,10904,10903,10947,10896,10897],"tags":[11939,11940,11956],"class_list":{"0":"post-124156","1":"post","2":"type-post","3":"status-publish","4":"format-standard","5":"has-post-thumbnail","7":"category-canal-salud","8":"category-covid-19-ca","9":"category-ventana-ca","10":"category-infraestructuras-ca","11":"category-la-comarca-ca","12":"category-sin-categorizar-ca","13":"category-medio-ambiente-la-comarca-ca","14":"category-politica","15":"category-seccion-ca","16":"category-sucesos-la-comarca-ca","17":"tag-coronavirus-ca","18":"tag-covid-19-ca","19":"tag-covid19-ca"},"_links":{"self":[{"href":"https:\/\/www.tucomarca.com\/wordpress\/segunda\/ca\/wp-json\/wp\/v2\/posts\/124156","targetHints":{"allow":["GET"]}}],"collection":[{"href":"https:\/\/www.tucomarca.com\/wordpress\/segunda\/ca\/wp-json\/wp\/v2\/posts"}],"about":[{"href":"https:\/\/www.tucomarca.com\/wordpress\/segunda\/ca\/wp-json\/wp\/v2\/types\/post"}],"author":[{"embeddable":true,"href":"https:\/\/www.tucomarca.com\/wordpress\/segunda\/ca\/wp-json\/wp\/v2\/users\/1"}],"replies":[{"embeddable":true,"href":"https:\/\/www.tucomarca.com\/wordpress\/segunda\/ca\/wp-json\/wp\/v2\/comments?post=124156"}],"version-history":[{"count":0,"href":"https:\/\/www.tucomarca.com\/wordpress\/segunda\/ca\/wp-json\/wp\/v2\/posts\/124156\/revisions"}],"wp:featuredmedia":[{"embeddable":true,"href":"https:\/\/www.tucomarca.com\/wordpress\/segunda\/ca\/wp-json\/wp\/v2\/media\/124153"}],"wp:attachment":[{"href":"https:\/\/www.tucomarca.com\/wordpress\/segunda\/ca\/wp-json\/wp\/v2\/media?parent=124156"}],"wp:term":[{"taxonomy":"category","embeddable":true,"href":"https:\/\/www.tucomarca.com\/wordpress\/segunda\/ca\/wp-json\/wp\/v2\/categories?post=124156"},{"taxonomy":"post_tag","embeddable":true,"href":"https:\/\/www.tucomarca.com\/wordpress\/segunda\/ca\/wp-json\/wp\/v2\/tags?post=124156"}],"curies":[{"name":"wp","href":"https:\/\/api.w.org\/{rel}","templated":true}]}}