{"id":124214,"date":"2021-01-18T19:00:00","date_gmt":"2021-01-18T18:00:00","guid":{"rendered":"http:\/\/www.tucomarca.com\/wordpress\/segunda\/?p=124214"},"modified":"2021-01-19T19:23:14","modified_gmt":"2021-01-19T18:23:14","slug":"el-pp-de-leliana-requereix-a-lalcalde-que-solliciti-les-dades-reals-de-covid-19-al-municipi","status":"publish","type":"post","link":"https:\/\/www.tucomarca.com\/wordpress\/segunda\/ca\/el-pp-de-leliana-requereix-a-lalcalde-que-solliciti-les-dades-reals-de-covid-19-al-municipi\/","title":{"rendered":"El PP de l&#8217;Eliana requereix a l&#8217;alcalde que sol\u00b7licite &#8220;les dades reals de Covid-19 al municipi&#8221;"},"content":{"rendered":"\n<h4 class=\"wp-block-heading\">Segons el PP, &#8220;el PSOE va haver de deixar d&#8217;amagar d&#8217;una vegada l&#8217;augment descontrolat de casos&#8221;<\/h4>\n\n\n\n<h4 class=\"wp-block-heading\"><strong>La Generalitat continua sense recon\u00e8ixer les dades de contagiats que es multiplicarien per 5 segons el PP<\/strong><\/h4>\n\n\n\n<p>&#8220;La setmana passada el PP de l&#8217;Eliana va destapar que les dades que publicava la Conselleria i declarava l&#8217;alcalde de l&#8217;PSOE Salvador Torrent, estaven molt per sota de la realitat, el nombre de contagis que va facilitar el PP multiplicava per cinc les dades&#8221; oficials &#8220;, de 71 a 341. la Conselleria ha contestat amb el seu silenci a l&#8217;requeriment de la portaveu popular, Maria Jos\u00e9 Marco, en el qual sol\u00b7licitava per escrit les dades reals de la pand\u00e8mia com s\u00ed que han donat a altres municipis, reconeixent que les dades &#8220;oficials&#8221; estan molt per sota de la realitat. El PP ha requerit avui mateix formalment a l&#8217;alcalde socialista de l&#8217;Eliana perqu\u00e8 sol\u00b7liciti per escrit a Centre de Salut P\u00fablica de Val\u00e8ncia, Informe detallat amb dades actualitzades de la incid\u00e8ncia real de l&#8217;Covid-19 a l&#8217;Eliana &#8220;, tal com han fet constar fonts de l&#8217;PP.<\/p>\n\n\n\n<p>Per a la portaveu de l&#8217;PP &#8220;la situaci\u00f3 \u00e9s alarmant i els contagis augmenten exponencialment i negar la realitat no serveix de res, \u00e9s fer-se trampes a l&#8217;solitari i amagar la crisi als nostres ve\u00efns. Si el dia 12 ten\u00edem 341 casos d&#8217;Covid-19 ara estarem disparats, fa una setmana ten\u00edem una Incid\u00e8ncia Acumulada de 1.865 cada 100.000 habitants i no s&#8217;han pres mesures ja que ni tan sols reconeixen les dades tan preocupants &#8220;.<\/p>\n\n\n\n<p>Mar\u00eda Jos\u00e9 Marco ha concl\u00f2s manifestant que &#8220;necessitem que deixin de pensar en la p\u00e8rdua de vots que suposa la p\u00e8ssima gesti\u00f3 sanit\u00e0ria d&#8217;aquesta pand\u00e8mia, que es posin a treballar i no ocultin la realitat a la poblaci\u00f3. Anem a veure com comencen a recon\u00e8ixer que els casos es van disparant i tot el poble veur\u00e0 com les dades que avan\u00e7a el Partit Popular s\u00f3n els certes. Insto l&#8217;alcalde a tirar-li valor i sortir en el seu pr\u00f2xim v\u00eddeo reconeixent la realitat dels contagis, no es poden amagar m\u00e9s &#8220;.<\/p>\n","protected":false},"excerpt":{"rendered":"<div class=\"mh-excerpt\">Segons el PP, &#8220;el PSOE va haver de deixar d&#8217;amagar d&#8217;una vegada l&#8217;augment descontrolat de casos&#8221; La Generalitat continua sense recon\u00e8ixer les dades de contagiats que es multiplicarien per 5 segons el PP &#8220;La setmana <a class=\"mh-excerpt-more\" href=\"https:\/\/www.tucomarca.com\/wordpress\/segunda\/ca\/el-pp-de-leliana-requereix-a-lalcalde-que-solliciti-les-dades-reals-de-covid-19-al-municipi\/\" title=\"El PP de l&#8217;Eliana requereix a l&#8217;alcalde que sol\u00b7licite &#8220;les dades reals de Covid-19 al municipi&#8221;\">[+] <\/a><\/div>\n","protected":false},"author":12,"featured_media":99322,"comment_status":"open","ping_status":"open","sticky":false,"template":"","format":"standard","meta":{"footnotes":""},"categories":[10892,11010,12202,10948,10894,10893,10903,10947,10896,10897],"tags":[10395,11937,11938,10433,63],"class_list":{"0":"post-124214","1":"post","2":"type-post","3":"status-publish","4":"format-standard","5":"has-post-thumbnail","7":"category-camp-de-turia-ca","8":"category-canal-salud","9":"category-covid-19-ca","10":"category-infraestructuras-ca","11":"category-la-comarca-ca","12":"category-leliana-ca","13":"category-medio-ambiente-la-comarca-ca","14":"category-politica","15":"category-seccion-ca","16":"category-sucesos-la-comarca-ca","17":"tag-camp-de-turia","18":"tag-coronavirus","19":"tag-covid-19","20":"tag-leliana","21":"tag-pp"},"_links":{"self":[{"href":"https:\/\/www.tucomarca.com\/wordpress\/segunda\/ca\/wp-json\/wp\/v2\/posts\/124214","targetHints":{"allow":["GET"]}}],"collection":[{"href":"https:\/\/www.tucomarca.com\/wordpress\/segunda\/ca\/wp-json\/wp\/v2\/posts"}],"about":[{"href":"https:\/\/www.tucomarca.com\/wordpress\/segunda\/ca\/wp-json\/wp\/v2\/types\/post"}],"author":[{"embeddable":true,"href":"https:\/\/www.tucomarca.com\/wordpress\/segunda\/ca\/wp-json\/wp\/v2\/users\/12"}],"replies":[{"embeddable":true,"href":"https:\/\/www.tucomarca.com\/wordpress\/segunda\/ca\/wp-json\/wp\/v2\/comments?post=124214"}],"version-history":[{"count":0,"href":"https:\/\/www.tucomarca.com\/wordpress\/segunda\/ca\/wp-json\/wp\/v2\/posts\/124214\/revisions"}],"wp:featuredmedia":[{"embeddable":true,"href":"https:\/\/www.tucomarca.com\/wordpress\/segunda\/ca\/wp-json\/wp\/v2\/media\/99322"}],"wp:attachment":[{"href":"https:\/\/www.tucomarca.com\/wordpress\/segunda\/ca\/wp-json\/wp\/v2\/media?parent=124214"}],"wp:term":[{"taxonomy":"category","embeddable":true,"href":"https:\/\/www.tucomarca.com\/wordpress\/segunda\/ca\/wp-json\/wp\/v2\/categories?post=124214"},{"taxonomy":"post_tag","embeddable":true,"href":"https:\/\/www.tucomarca.com\/wordpress\/segunda\/ca\/wp-json\/wp\/v2\/tags?post=124214"}],"curies":[{"name":"wp","href":"https:\/\/api.w.org\/{rel}","templated":true}]}}