{"id":124534,"date":"2021-01-23T13:30:00","date_gmt":"2021-01-23T12:30:00","guid":{"rendered":"http:\/\/www.tucomarca.com\/wordpress\/segunda\/?p=124534"},"modified":"2021-01-23T20:45:18","modified_gmt":"2021-01-23T19:45:18","slug":"benaguasil-llanca-un-programa-municipal-de-voluntariat-per-a-persones-majors","status":"publish","type":"post","link":"https:\/\/www.tucomarca.com\/wordpress\/segunda\/ca\/benaguasil-llanca-un-programa-municipal-de-voluntariat-per-a-persones-majors\/","title":{"rendered":"Benaguasil llan\u00e7a un programa municipal de voluntariat per a persones majors"},"content":{"rendered":"\n<p>L&#8217;Ajuntament de Benaguasil ha posat en marxa un programa de voluntariat per a l&#8217;ajuda i atenci\u00f3 telef\u00f2nica de persones majors, persones dependents, persones que visquen soles i persones que estiguen confinades.<\/p>\n\n\n\n<figure class=\"wp-block-image size-large\"><img loading=\"lazy\" decoding=\"async\" width=\"696\" height=\"984\" src=\"http:\/\/www.tucomarca.com\/wordpress\/segunda\/wp-content\/uploads\/2021\/01\/BenaguasilVoluntarios1.jpg\" alt=\"\" class=\"wp-image-124529\" srcset=\"https:\/\/www.tucomarca.com\/wordpress\/segunda\/wp-content\/uploads\/2021\/01\/BenaguasilVoluntarios1.jpg 696w, https:\/\/www.tucomarca.com\/wordpress\/segunda\/wp-content\/uploads\/2021\/01\/BenaguasilVoluntarios1-212x300.jpg 212w\" sizes=\"auto, (max-width: 696px) 100vw, 696px\" \/><\/figure>\n\n\n\n<p>Es tracta d&#8217;una iniciativa municipal que perseguix un doble objectiu, per un costat cobrir les necessitats b\u00e0siques de persones que estiguen soles, en situaci\u00f3 de depend\u00e8ncia o en quarantena i no disposen de familiars o amics que puguen portar-los la compra o qualsevol altra necessitat i, per un altre crear un acompanyament emocional a les persones ja siga de manera telef\u00f2nica o de forma presencial i ajudar-los a pal\u00b7liar la soledat.<\/p>\n\n\n\n<p>&#8220;Els durs moments que estem travessant han augmentat tamb\u00e9 els impactes psicol\u00f2gics en les persones i d&#8217;una manera m\u00e9s aguda al col\u00b7lectiu de majors, per aix\u00f2 hem llan\u00e7at este programa per a acompanyar la poblaci\u00f3 major de la nostra localitat, i ajudar-los en tasques b\u00e0siques com realitzar la compra, anar a la farm\u00e0cia o simplement parlar per tel\u00e8fon&#8221;, han assenyalat fonts municipals.&#8221;<\/p>\n\n\n\n<p>Amb la posada en marxa d&#8217;este programa es pret\u00e9n donar continu\u00eftat al pla d&#8217;ajuda a majors, fam\u00edlies i dependents desenrotllat durant els mesos de confinament per a atendre les necessitats de les persones de major vulnerabilitat i que va generar una xarxa de voluntariat que va atendre m\u00e9s de 1.500 telefonades i va atendre di\u00e0riament a 65 persones que requerien algun tipus d&#8217;atenci\u00f3 especial.<\/p>\n\n\n\n<p>Les persones interessades a ser voluntarios\/as o a ser usuarias\/os del servici poden fer-ho a trav\u00e9s del correu electr\u00f2nic voluntariado@ajuntamentbenaguasil.es o cridant al tel\u00e8fon 962730011 o 607676615.<\/p>\n","protected":false},"excerpt":{"rendered":"<div class=\"mh-excerpt\">L&#8217;Ajuntament de Benaguasil ha posat en marxa un programa de voluntariat per a l&#8217;ajuda i atenci\u00f3 telef\u00f2nica de persones majors, persones dependents, persones que visquen soles i persones que estiguen confinades. Es tracta d&#8217;una iniciativa <a class=\"mh-excerpt-more\" href=\"https:\/\/www.tucomarca.com\/wordpress\/segunda\/ca\/benaguasil-llanca-un-programa-municipal-de-voluntariat-per-a-persones-majors\/\" title=\"Benaguasil llan\u00e7a un programa municipal de voluntariat per a persones majors\">[+] <\/a><\/div>\n","protected":false},"author":12,"featured_media":124532,"comment_status":"open","ping_status":"open","sticky":false,"template":"","format":"standard","meta":{"footnotes":""},"categories":[10952,10892,11010,10948,10894,10947,10896],"tags":[11136,10899,13636],"class_list":{"0":"post-124534","1":"post","2":"type-post","3":"status-publish","4":"format-standard","5":"has-post-thumbnail","7":"category-benaguasil-ca","8":"category-camp-de-turia-ca","9":"category-canal-salud","10":"category-infraestructuras-ca","11":"category-la-comarca-ca","12":"category-politica","13":"category-seccion-ca","14":"tag-benaguasil-ca","15":"tag-camp-de-turia-ca","16":"tag-voluntariado-ca"},"_links":{"self":[{"href":"https:\/\/www.tucomarca.com\/wordpress\/segunda\/ca\/wp-json\/wp\/v2\/posts\/124534","targetHints":{"allow":["GET"]}}],"collection":[{"href":"https:\/\/www.tucomarca.com\/wordpress\/segunda\/ca\/wp-json\/wp\/v2\/posts"}],"about":[{"href":"https:\/\/www.tucomarca.com\/wordpress\/segunda\/ca\/wp-json\/wp\/v2\/types\/post"}],"author":[{"embeddable":true,"href":"https:\/\/www.tucomarca.com\/wordpress\/segunda\/ca\/wp-json\/wp\/v2\/users\/12"}],"replies":[{"embeddable":true,"href":"https:\/\/www.tucomarca.com\/wordpress\/segunda\/ca\/wp-json\/wp\/v2\/comments?post=124534"}],"version-history":[{"count":0,"href":"https:\/\/www.tucomarca.com\/wordpress\/segunda\/ca\/wp-json\/wp\/v2\/posts\/124534\/revisions"}],"wp:featuredmedia":[{"embeddable":true,"href":"https:\/\/www.tucomarca.com\/wordpress\/segunda\/ca\/wp-json\/wp\/v2\/media\/124532"}],"wp:attachment":[{"href":"https:\/\/www.tucomarca.com\/wordpress\/segunda\/ca\/wp-json\/wp\/v2\/media?parent=124534"}],"wp:term":[{"taxonomy":"category","embeddable":true,"href":"https:\/\/www.tucomarca.com\/wordpress\/segunda\/ca\/wp-json\/wp\/v2\/categories?post=124534"},{"taxonomy":"post_tag","embeddable":true,"href":"https:\/\/www.tucomarca.com\/wordpress\/segunda\/ca\/wp-json\/wp\/v2\/tags?post=124534"}],"curies":[{"name":"wp","href":"https:\/\/api.w.org\/{rel}","templated":true}]}}