{"id":124570,"date":"2021-01-22T23:50:00","date_gmt":"2021-01-22T22:50:00","guid":{"rendered":"http:\/\/www.tucomarca.com\/wordpress\/segunda\/?p=124570"},"modified":"2021-01-23T20:28:17","modified_gmt":"2021-01-23T19:28:17","slug":"la-comunitat-valenciana-registra-8-630-nous-casos-de-coronavirus-i-5-468-altes","status":"publish","type":"post","link":"https:\/\/www.tucomarca.com\/wordpress\/segunda\/ca\/la-comunitat-valenciana-registra-8-630-nous-casos-de-coronavirus-i-5-468-altes\/","title":{"rendered":"La Comunitat Valenciana registra 8.630 nous casos de coronavirus i 5.468 altes"},"content":{"rendered":"\n<h4 class=\"wp-block-heading\"><strong>Sanitat ha administrat ja 104.715 dosi de la vacuna contra el coronavirus<\/strong><\/h4>\n\n\n\n<h4 class=\"wp-block-heading\"><strong>Nous positius per prov\u00edncies: 782 a Castell\u00f3, 3.656 a Alacant, 4.189 en la prov\u00edncia de Val\u00e8ncia i 3 sense assignar<\/strong><\/h4>\n\n\n\n<p>La Comunitat Valenciana ha administrat fins aquest dijous un total de 104.715 dosis de la vacuna contra el coronavirus. De l&#8217;total, 102.123 s\u00f3n de Pfizer i 2.592 de Moderna.<\/p>\n\n\n\n<p>D&#8217;altra banda, s&#8217;han registrat 8.630 casos nous casos de coronavirus confirmats per prova PCR o mitjan\u00e7ant test d&#8217;ant\u00edgens des de l&#8217;\u00faltima actualitzaci\u00f3, que situen la xifra total de positius en 244.900 persones. Per prov\u00edncies, la distribuci\u00f3 de nous positius \u00e9s la seg\u00fcent: 782 a Castell\u00f3 (25.472 en total), 3.656 a Alacant (82.041 en total) i 4.189 a la prov\u00edncia de Val\u00e8ncia (137.343 en total). A m\u00e9s, s&#8217;han registrat 3 casos sense assignar, de manera que el total ascendeix a 44.<\/p>\n\n\n\n<p>Tamb\u00e9 s&#8217;han registrat 90 morts per coronavirus des de l&#8217;\u00faltima actualitzaci\u00f3, de manera que el total de defuncions des de l&#8217;inici de la pand\u00e8mia \u00e9s de 4.037 persones: 490 a la prov\u00edncia de Castell\u00f3, 1.399 a la d&#8217;Alacant i 2.148 a la de Val\u00e8ncia.<\/p>\n\n\n\n<p>Els hospitals valencians tenen, actualment, 4.175 persones ingressades: 381 a la prov\u00edncia de Castell\u00f3, amb 47 pacients en UCI; 1.652 a la prov\u00edncia d&#8217;Alacant, 213 d&#8217;ells a l&#8217;UCI; i 2.142 a la prov\u00edncia de Val\u00e8ncia, 317 d&#8217;ells a UCI.<\/p>\n\n\n\n<p>A m\u00e9s, des de l&#8217;\u00faltima actualitzaci\u00f3 s&#8217;han registrat 5.468 altes a pacients amb coronavirus. D&#8217;aquesta manera, ja s\u00f3n 190.971 persones a la Comunitat Valenciana les que han superat la malaltia des que va comen\u00e7ar la pand\u00e8mia. Per prov\u00edncies, les altes es distribueixen de la seg\u00fcent manera: 20.705 a Castell\u00f3, 64.016 a Alacant i 106.165 a Val\u00e8ncia, a m\u00e9s de 85 no assignades.<\/p>\n\n\n\n<p>D&#8217;acord amb les dades registrades, a hores d&#8217;ara hi ha 61.422 casos actius, la qual cosa suposa un 23,95% de l&#8217;total de positius.<\/p>\n\n\n\n<p>Pel que fa a el nombre de proves diagn\u00f2stiques, s&#8217;han dut a terme 2.499.432, de les quals 2.322.316 correspon a PCR i 177.116 a un altre tipus de proves.<\/p>\n\n\n\n<p><strong>Actualitzaci\u00f3 de la situaci\u00f3 en resid\u00e8ncies<\/strong><\/p>\n\n\n\n<p>A dia d&#8217;avui, hi ha algun cas positiu en 191 resid\u00e8ncies de gent gran (16 a la prov\u00edncia de Castell\u00f3, 61 a la prov\u00edncia d&#8217;Alacant i 114 a la prov\u00edncia de Val\u00e8ncia), 32 centres de diversitat funcional (5 a la prov\u00edncia de Castell\u00f3, 9 a la prov\u00edncia d&#8217;Alacant i 18 a la prov\u00edncia de Val\u00e8ncia) i 10 centres de menors (1 a la prov\u00edncia de Castell\u00f3, 4 a la prov\u00edncia d&#8217;Alacant i 5 a la prov\u00edncia de Val\u00e8ncia).<\/p>\n\n\n\n<ul class=\"wp-block-list\"><li>Residents nous positius: 91<\/li><li>Treballadors i treballadores nous positius: 38<\/li><li>Residents que han mort: 33<\/li><\/ul>\n\n\n\n<p>Actualment, es troben sota vigil\u00e0ncia activa de control sanitari 60 resid\u00e8ncies a la Comunitat Valenciana: 5 a la prov\u00edncia de Castell\u00f3, 23 a la prov\u00edncia d&#8217;Alacant i 32 a la prov\u00edncia de Val\u00e8ncia.<\/p>\n\n\n\n<p><strong>Actualitzaci\u00f3 brots de coronavirus<\/strong><\/p>\n\n\n\n<p>S&#8217;han registrat 79 brots des de l&#8217;\u00faltima actualitzaci\u00f3: 2 a la prov\u00edncia de Castell\u00f3; 16 a la prov\u00edncia d&#8217;Alacant i 61 a la prov\u00edncia de Val\u00e8ncia.<\/p>\n\n\n\n<ul class=\"wp-block-list\"><li>&nbsp;Sagunto: 8 casos. Origen social<\/li><li>&nbsp;Utiel: 7 casos. Origen social<\/li><li>&nbsp;Sagunto: 7 casos. Origen social<\/li><li>&nbsp;Carcaixent: 8 casos. Origen social<\/li><li>&nbsp;Ayora: 7 casos. Origen social<\/li><li>&nbsp;Moncada: 8 casos. Origen social<\/li><li>&nbsp;Vinalesa: 8 casos. Origen social<\/li><li>&nbsp;Gandia: 7 casos. Origen social<\/li><li>&nbsp;Orihuela: 8 casos. Origen social<\/li><li>&nbsp;Bigastro: 7 casos. Origen social<\/li><li>&nbsp;Val\u00e8ncia: 13 casos. Origen social<\/li><li>&nbsp;Alcoy: 3 casos. Origen laboral<\/li><li>&nbsp;Requena: 12 casos. Origen social<\/li><li>&nbsp;Benidorm: 4 casos. Origen social<\/li><li>&nbsp;Elda: 5 casos. Origen laboral<\/li><li>&nbsp;Requena: 4 casos. Origen social<\/li><li>&nbsp;Tous: 7 casos. Origen social<\/li><li>&nbsp;Requena: 4 casos. Origen social<\/li><li>&nbsp;Carlet: 5 casos. Origen social<\/li><li>&nbsp;Benidorm: 4 casos. Origen social<\/li><li>&nbsp;Elda: 6 casos. Origen laboral<\/li><li>&nbsp;Requena: 5 casos. Origen laboral<\/li><li>&nbsp;Tous: 5 casos. Origen social<\/li><li>&nbsp;Cullera: 3 casos. Origen social<\/li><li>&nbsp;Catral: 8 casos. \u00c1mbito educativo<\/li><li>&nbsp;Val\u00e8ncia: 9 casos. Origen laboral<\/li><li>&nbsp;Elda: 7 casos. Origen laboral<\/li><li>&nbsp;Ademuz: 6 casos. Origen social<\/li><li>&nbsp;Elche: 12 casos. Origen laboral<\/li><li>&nbsp;Benidorm: 13 casos. Origen laboral<\/li><li>&nbsp;Val\u00e8ncia: 5 casos. Origen social<\/li><li>&nbsp;Alfara del Patriarca: 8 casos. Origen social<\/li><li>&nbsp;Sagunto: 4 casos. Origen social<\/li><li>&nbsp;Val\u00e8ncia: 6 casos. Origen social<\/li><li>&nbsp;Val\u00e8ncia: 5 casos. Origen social<\/li><li>&nbsp;Villajoyosa: 8 casos. Origen social<\/li><li>&nbsp;Val\u00e8ncia: 6 casos. Origen social<\/li><li>&nbsp;Val\u00e8ncia: 7 casos. Origen social<\/li><li>&nbsp;Val\u00e8ncia: 4 casos. Origen social<\/li><li>&nbsp;Requena: 5 casos. Origen social<\/li><li>&nbsp;Torrent: 7 casos. \u00c1mbito educativo<\/li><li>&nbsp;Sagunto: 7 casos. Origen social<\/li><li>&nbsp;Val\u00e8ncia: 3 casos. Origen laboral<\/li><li>&nbsp;Quart de Les Valls: 4 casos. Origen social<\/li><li>&nbsp;L&#8217;Alf\u00e0s del Pi: 10 casos. Origen social<\/li><li>&nbsp;Ll\u00edria: 7 casos. Origen social<\/li><li>&nbsp;Foios: 7 casos. Origen social<\/li><li>&nbsp;San Antonio de Benag\u00e9ber: 7 casos. Origen social<\/li><li>&nbsp;Sagunto: 6 casos. Origen social<\/li><li>&nbsp;Val\u00e8ncia: 3 casos. Origen social<\/li><li>&nbsp;Val\u00e8ncia: 3 casos. Origen social<\/li><li>&nbsp;Val\u00e8ncia: 6 casos. Origen social<\/li><li>&nbsp;Alfara del Patriarca: 4 casos. Origen social<\/li><li>&nbsp;Val\u00e8ncia: 9 casos. Origen social<\/li><li>&nbsp;Onda: 5 casos. Origen social<\/li><li>&nbsp;Alpuente: 3 casos. Origen social<\/li><li>&nbsp;Sagunto: 8 casos. Origen social<\/li><li>&nbsp;Val\u00e8ncia: 5 casos. Origen social<\/li><li>&nbsp;Val\u00e8ncia: 9 casos. Origen social<\/li><li>&nbsp;Val\u00e8ncia: 5 casos. Origen social<\/li><li>&nbsp;Benimantell: 4 casos. Origen social<\/li><li>&nbsp;Val\u00e8ncia: 7 casos. Origen social<\/li><li>&nbsp;Val\u00e8ncia: 3 casos. Origen social<\/li><li>&nbsp;Val\u00e8ncia: 5 casos. Origen social<\/li><li>&nbsp;Benissano: 3 casos. Origen social<\/li><li>&nbsp;Val\u00e8ncia: 4 casos. Origen social<\/li><li>&nbsp;Santa Pola: 19 casos. Origen social<\/li><li>&nbsp;El Puig de Santa Mar\u00eda: 6 casos. Origen social<\/li><li>&nbsp;Val\u00e8ncia: 3 casos. Origen social<\/li><li>&nbsp;Val\u00e8ncia: 4 casos. Origen social<\/li><li>&nbsp;Alm\u00e0ssera: 4 casos. Origen social<\/li><li>&nbsp;Val\u00e8ncia: 7 casos. Origen social<\/li><li>&nbsp;La Llosa: 11 casos. Origen social<\/li><li>&nbsp;Foios: 3 casos. Origen laboral<\/li><li>&nbsp;Val\u00e8ncia: 4 casos. Origen laboral<\/li><li>&nbsp;L&#8217;Eliana: 4 casos. Origen social<\/li><li>&nbsp;Val\u00e8ncia: 6 casos. Origen laboral<\/li><li>&nbsp;Gandia: 3 casos. Origen social<\/li><li>&nbsp;San Vicente del Raspeig: 33 casos. Origen nosocomial*<\/li><\/ul>\n\n\n\n<p>* Tras detectarse 2 casos positivos en el HACLE de San Vicente del Raspeig, y tras realizar un cribado masivo, se han detectado un total de 33 casos positivos de coronavirus en el centro.<\/p>\n","protected":false},"excerpt":{"rendered":"<div class=\"mh-excerpt\">Sanitat ha administrat ja 104.715 dosi de la vacuna contra el coronavirus Nous positius per prov\u00edncies: 782 a Castell\u00f3, 3.656 a Alacant, 4.189 en la prov\u00edncia de Val\u00e8ncia i 3 sense assignar La Comunitat Valenciana <a class=\"mh-excerpt-more\" href=\"https:\/\/www.tucomarca.com\/wordpress\/segunda\/ca\/la-comunitat-valenciana-registra-8-630-nous-casos-de-coronavirus-i-5-468-altes\/\" title=\"La Comunitat Valenciana registra 8.630 nous casos de coronavirus i 5.468 altes\">[+] <\/a><\/div>\n","protected":false},"author":12,"featured_media":124569,"comment_status":"open","ping_status":"open","sticky":false,"template":"","format":"standard","meta":{"footnotes":""},"categories":[10890,10926,10951,11044,10938,10892,11010,10990,12202,11046,10898,10948,10963,10894,10904,10912,10908,10909,10934,10896,10897],"tags":[12165,11939,11940,13477],"class_list":{"0":"post-124570","1":"post","2":"type-post","3":"status-publish","4":"format-standard","5":"has-post-thumbnail","7":"category-ademus","8":"category-ademus-ca","9":"category-ayora-cofrentes-ca","10":"category-alpuente-ca","11":"category-benisano-ca","12":"category-camp-de-turia-ca","13":"category-canal-salud","14":"category-carlet-ca","15":"category-covid-19-ca","16":"category-los-serranos-ca","17":"category-ventana-ca","18":"category-infraestructuras-ca","19":"category-la-canal-de-navarres-ca","20":"category-la-comarca-ca","21":"category-sin-categorizar-ca","22":"category-la-hoya-ca","23":"category-requena-ca","24":"category-requena-utiel-ca","25":"category-san-antonio-de-benageber-ca","26":"category-seccion-ca","27":"category-sucesos-la-comarca-ca","28":"tag-conselleria-de-sanitat-ca","29":"tag-coronavirus-ca","30":"tag-covid-19-ca","31":"tag-datos-de-contagios-ca"},"_links":{"self":[{"href":"https:\/\/www.tucomarca.com\/wordpress\/segunda\/ca\/wp-json\/wp\/v2\/posts\/124570","targetHints":{"allow":["GET"]}}],"collection":[{"href":"https:\/\/www.tucomarca.com\/wordpress\/segunda\/ca\/wp-json\/wp\/v2\/posts"}],"about":[{"href":"https:\/\/www.tucomarca.com\/wordpress\/segunda\/ca\/wp-json\/wp\/v2\/types\/post"}],"author":[{"embeddable":true,"href":"https:\/\/www.tucomarca.com\/wordpress\/segunda\/ca\/wp-json\/wp\/v2\/users\/12"}],"replies":[{"embeddable":true,"href":"https:\/\/www.tucomarca.com\/wordpress\/segunda\/ca\/wp-json\/wp\/v2\/comments?post=124570"}],"version-history":[{"count":0,"href":"https:\/\/www.tucomarca.com\/wordpress\/segunda\/ca\/wp-json\/wp\/v2\/posts\/124570\/revisions"}],"wp:featuredmedia":[{"embeddable":true,"href":"https:\/\/www.tucomarca.com\/wordpress\/segunda\/ca\/wp-json\/wp\/v2\/media\/124569"}],"wp:attachment":[{"href":"https:\/\/www.tucomarca.com\/wordpress\/segunda\/ca\/wp-json\/wp\/v2\/media?parent=124570"}],"wp:term":[{"taxonomy":"category","embeddable":true,"href":"https:\/\/www.tucomarca.com\/wordpress\/segunda\/ca\/wp-json\/wp\/v2\/categories?post=124570"},{"taxonomy":"post_tag","embeddable":true,"href":"https:\/\/www.tucomarca.com\/wordpress\/segunda\/ca\/wp-json\/wp\/v2\/tags?post=124570"}],"curies":[{"name":"wp","href":"https:\/\/api.w.org\/{rel}","templated":true}]}}