{"id":124709,"date":"2021-01-25T09:09:00","date_gmt":"2021-01-25T08:09:00","guid":{"rendered":"http:\/\/www.tucomarca.com\/wordpress\/segunda\/?p=124709"},"modified":"2021-01-25T22:18:27","modified_gmt":"2021-01-25T21:18:27","slug":"el-mercat-municipal-dutiel-repren-la-seua-activitat-delimitant-accessos","status":"publish","type":"post","link":"https:\/\/www.tucomarca.com\/wordpress\/segunda\/ca\/el-mercat-municipal-dutiel-repren-la-seua-activitat-delimitant-accessos\/","title":{"rendered":"El Mercat Municipal d&#8217;Utiel repr\u00e8n la seua activitat delimitant accessos"},"content":{"rendered":"\n<h4 class=\"wp-block-heading\"><strong>Entrada i eixida controlada per Avingudes Julio L\u00f3pez Tar\u00edn i Madrid<\/strong><\/h4>\n\n\n\n<p>El Mercat Municipal d&#8217;Utiel reprendr\u00e0 la seua activitat comercial dimecres que ve, 27 de gener, delimitant l&#8217;entrada i sortida per les Avingudes Juliol L\u00f3pez Tar\u00edn i Madrid.<\/p>\n\n\n\n<p>Tant els accessos als llocs ubicats en exterior com els del propi edifici del mercat municipal estaran controlats per verificar que es complisquen els protocols d&#8217;higiene i seguretat establerts per les administracions sanit\u00e0ries. En els punts de control d&#8217;entrada i sortida es comprovar\u00e0 la temperatura dels usuaris i es dispensar\u00e0 gel hidroalcoh\u00f3lico.<\/p>\n\n\n\n<p>De la mateixa manera, es vigilaran els espais i vies de mercat municipal per evitar l&#8217;aglomeraci\u00f3 i concentraci\u00f3 de persones en compliment de la normativa establerta que obliga a mantenir la dist\u00e0ncia interpersonal ia limitar a un m\u00e0xim 2 persones les reunions en espais d&#8217;\u00fas p\u00fablic tant tancats com a l&#8217;aire lliure, llevat que es tracte de persones convivents.<\/p>\n\n\n\n<p><strong>50% d&#8217;aforament<\/strong><\/p>\n\n\n\n<p>D&#8217;acord a la resoluci\u00f3 de el 5 de desembre de 2020 de la Conselleria de Sanitat, en el cas dels mercats de venda no sedent\u00e0ria (ambulants) poden anar fins a un m\u00e0xim del 50% dels llocs habitualment autoritzats.<\/p>\n\n\n\n<p>L&#8217;Ajuntament d&#8217;Utiel recorda a la ciutadania que \u00e9s obligatori l&#8217;\u00fas de mascareta, aix\u00ed com mantenir la dist\u00e0ncia de seguretat m\u00ednima de 1,5 metres de manera que els usuaris hauran de sol\u00b7licitar els productes als venedors sense accedir a l&#8217;interior de les parades com a mesura preventiva per evitar possibles contagis.<\/p>\n","protected":false},"excerpt":{"rendered":"<div class=\"mh-excerpt\">Entrada i eixida controlada per Avingudes Julio L\u00f3pez Tar\u00edn i Madrid El Mercat Municipal d&#8217;Utiel reprendr\u00e0 la seua activitat comercial dimecres que ve, 27 de gener, delimitant l&#8217;entrada i sortida per les Avingudes Juliol L\u00f3pez <a class=\"mh-excerpt-more\" href=\"https:\/\/www.tucomarca.com\/wordpress\/segunda\/ca\/el-mercat-municipal-dutiel-repren-la-seua-activitat-delimitant-accessos\/\" title=\"El Mercat Municipal d&#8217;Utiel repr\u00e8n la seua activitat delimitant accessos\">[+] <\/a><\/div>\n","protected":false},"author":12,"featured_media":124708,"comment_status":"open","ping_status":"open","sticky":false,"template":"","format":"standard","meta":{"footnotes":""},"categories":[11010,12202,10948,10894,10947,10909,10896,10897,11059],"tags":[11939,11940,13158,11459],"class_list":{"0":"post-124709","1":"post","2":"type-post","3":"status-publish","4":"format-standard","5":"has-post-thumbnail","7":"category-canal-salud","8":"category-covid-19-ca","9":"category-infraestructuras-ca","10":"category-la-comarca-ca","11":"category-politica","12":"category-requena-utiel-ca","13":"category-seccion-ca","14":"category-sucesos-la-comarca-ca","15":"category-utiel-ca","16":"tag-coronavirus-ca","17":"tag-covid-19-ca","18":"tag-mercado-municipal-ca","19":"tag-utiel-requena-ca"},"_links":{"self":[{"href":"https:\/\/www.tucomarca.com\/wordpress\/segunda\/ca\/wp-json\/wp\/v2\/posts\/124709","targetHints":{"allow":["GET"]}}],"collection":[{"href":"https:\/\/www.tucomarca.com\/wordpress\/segunda\/ca\/wp-json\/wp\/v2\/posts"}],"about":[{"href":"https:\/\/www.tucomarca.com\/wordpress\/segunda\/ca\/wp-json\/wp\/v2\/types\/post"}],"author":[{"embeddable":true,"href":"https:\/\/www.tucomarca.com\/wordpress\/segunda\/ca\/wp-json\/wp\/v2\/users\/12"}],"replies":[{"embeddable":true,"href":"https:\/\/www.tucomarca.com\/wordpress\/segunda\/ca\/wp-json\/wp\/v2\/comments?post=124709"}],"version-history":[{"count":0,"href":"https:\/\/www.tucomarca.com\/wordpress\/segunda\/ca\/wp-json\/wp\/v2\/posts\/124709\/revisions"}],"wp:featuredmedia":[{"embeddable":true,"href":"https:\/\/www.tucomarca.com\/wordpress\/segunda\/ca\/wp-json\/wp\/v2\/media\/124708"}],"wp:attachment":[{"href":"https:\/\/www.tucomarca.com\/wordpress\/segunda\/ca\/wp-json\/wp\/v2\/media?parent=124709"}],"wp:term":[{"taxonomy":"category","embeddable":true,"href":"https:\/\/www.tucomarca.com\/wordpress\/segunda\/ca\/wp-json\/wp\/v2\/categories?post=124709"},{"taxonomy":"post_tag","embeddable":true,"href":"https:\/\/www.tucomarca.com\/wordpress\/segunda\/ca\/wp-json\/wp\/v2\/tags?post=124709"}],"curies":[{"name":"wp","href":"https:\/\/api.w.org\/{rel}","templated":true}]}}