{"id":124854,"date":"2021-01-26T21:51:38","date_gmt":"2021-01-26T20:51:38","guid":{"rendered":"http:\/\/www.tucomarca.com\/wordpress\/segunda\/?p=124854"},"modified":"2021-01-26T21:51:42","modified_gmt":"2021-01-26T20:51:42","slug":"benaguasil-llancara-un-nou-paquet-dajudes-per-al-comerc-i-lhostaleria","status":"publish","type":"post","link":"https:\/\/www.tucomarca.com\/wordpress\/segunda\/ca\/benaguasil-llancara-un-nou-paquet-dajudes-per-al-comerc-i-lhostaleria\/","title":{"rendered":"Benaguasil llan\u00e7ar\u00e0 un nou paquet d&#8217;ajudes per al comer\u00e7 i l&#8217;hostaleria"},"content":{"rendered":"\n<p> L&#8217;Ajuntament de Benaguasil ha anunciat en roda de premsa l&#8217;activaci\u00f3 de dues l\u00ednies d&#8217;ajuts econ\u00f2mics per pal\u00b7liar les p\u00e8rdues que suporten els sectors de l&#8217;hostaleria i la restauraci\u00f3, aix\u00ed com el comer\u00e7, despr\u00e9s de l&#8217;entrada en vigor de les noves restriccions decretades per la Generalitat Valenciana. <\/p>\n\n\n\n<p>Aix\u00ed per als establiments d&#8217;hostaleria i restauraci\u00f3, a m\u00e9s dels 28.000 euros que aportar\u00e0 l&#8217;Ajuntament en el marc de les Ajudes Par\u00e8ntesi de la Generalitat Valenciana, el consistori en l&#8217;\u00e0mbit de les seves compet\u00e8ncies pel que fa a impost municipals, va bonificar en un 95% l&#8217;IBI als locals l&#8217;activitat es desenvolupa en el terme municipal i que s&#8217;han vist afectats pel tancament preventiu i la suspensi\u00f3 cautelar de la seua activitat.<\/p>\n\n\n\n<p>Paral\u00b7lelament es crear\u00e0 una nova l\u00ednia d&#8217;ajudes directes per al sector hostaler de la localitat, sent la quantia individual a percebre de 350 euros per establiment. Aquestes mesures s&#8217;uneixen a la supressi\u00f3 de la taxa de les terrasses que ja es va aplicar el 2020 i que s&#8217;ha prorrogat a aquest any per ajudar a al sector a seguir contrarestant els efectes provocats per la pand\u00e8mia. <\/p>\n\n\n\n<p>Pel que fa a el comer\u00e7, els locals que s&#8217;hagin vist afectats per la reducci\u00f3 de l&#8217;horari habitual, podran optar a la bonificaci\u00f3 de l&#8217;95% de l&#8217;IBI, o b\u00e9 podran acollir-se als ajuts municipals que es van a concedir en funci\u00f3 de les caracter\u00edstiques de cada establiment, i que seran similars a les llan\u00e7ades l&#8217;any passat i que van beneficiar a m\u00e9s de 80 comer\u00e7os. Aix\u00ed mateix des de l&#8217;Ajuntament es va a seguir fomentant les compres en els comer\u00e7os locals a trav\u00e9s de les diferents campanyes de comunicaci\u00f3, aix\u00ed com s&#8217;ha posat a disposici\u00f3 de la ciutadania la Guia de el comer\u00e7 de Benaguasil per accedir a tota l&#8217;oferta comercial. <\/p>\n\n\n\n<p>&#8220;Des de l&#8217;Ajuntament de Benaguasil i amb el consens dels integrants de el Pla Benaguasil Reacciona, hem redoblat esfor\u00e7os per llan\u00e7ar una bateria de mesures dirigides a aquells que generen ocupaci\u00f3 i riquesa en la nostra localitat, i que s&#8217;han vist novament castigats amb les noves restriccions activades per frenar la corba de contagis &#8220;, han subratllat els regidors Stephane Soriano i Patricia Merenciano. <\/p>\n\n\n\n<p>Al costat d&#8217;aquesta l\u00ednia d&#8217;ajuts, en la roda de premsa tamb\u00e9 s&#8217;ha anunciat la flexibilitzaci\u00f3 de l&#8217;pagament de les taxes i impostos municipals per donar m\u00e9s flexibilitat, facilitat de pagament i rebaixar la c\u00e0rrega impositiva a la ciutadania que est\u00e0 patint les conseq\u00fc\u00e8ncies de la Covid -19, i la posada en marxa del programa de voluntariat per a l&#8217;ajuda i atenci\u00f3 telef\u00f2nica de gent gran, persones dependents, persones que visquin soles i persones que estiguin confinades.<\/p>\n","protected":false},"excerpt":{"rendered":"<div class=\"mh-excerpt\">L&#8217;Ajuntament de Benaguasil ha anunciat en roda de premsa l&#8217;activaci\u00f3 de dues l\u00ednies d&#8217;ajuts econ\u00f2mics per pal\u00b7liar les p\u00e8rdues que suporten els sectors de l&#8217;hostaleria i la restauraci\u00f3, aix\u00ed com el comer\u00e7, despr\u00e9s de l&#8217;entrada <a class=\"mh-excerpt-more\" href=\"https:\/\/www.tucomarca.com\/wordpress\/segunda\/ca\/benaguasil-llancara-un-nou-paquet-dajudes-per-al-comerc-i-lhostaleria\/\" title=\"Benaguasil llan\u00e7ar\u00e0 un nou paquet d&#8217;ajudes per al comer\u00e7 i l&#8217;hostaleria\">[+] <\/a><\/div>\n","protected":false},"author":1,"featured_media":124852,"comment_status":"open","ping_status":"open","sticky":false,"template":"","format":"standard","meta":{"footnotes":""},"categories":[10952,10892,11010,12202,10948,10894,10947,10896,10897],"tags":[13440,11136,10899,11939,11940],"class_list":{"0":"post-124854","1":"post","2":"type-post","3":"status-publish","4":"format-standard","5":"has-post-thumbnail","7":"category-benaguasil-ca","8":"category-camp-de-turia-ca","9":"category-canal-salud","10":"category-covid-19-ca","11":"category-infraestructuras-ca","12":"category-la-comarca-ca","13":"category-politica","14":"category-seccion-ca","15":"category-sucesos-la-comarca-ca","16":"tag-ayudas-covid-ca","17":"tag-benaguasil-ca","18":"tag-camp-de-turia-ca","19":"tag-coronavirus-ca","20":"tag-covid-19-ca"},"_links":{"self":[{"href":"https:\/\/www.tucomarca.com\/wordpress\/segunda\/ca\/wp-json\/wp\/v2\/posts\/124854","targetHints":{"allow":["GET"]}}],"collection":[{"href":"https:\/\/www.tucomarca.com\/wordpress\/segunda\/ca\/wp-json\/wp\/v2\/posts"}],"about":[{"href":"https:\/\/www.tucomarca.com\/wordpress\/segunda\/ca\/wp-json\/wp\/v2\/types\/post"}],"author":[{"embeddable":true,"href":"https:\/\/www.tucomarca.com\/wordpress\/segunda\/ca\/wp-json\/wp\/v2\/users\/1"}],"replies":[{"embeddable":true,"href":"https:\/\/www.tucomarca.com\/wordpress\/segunda\/ca\/wp-json\/wp\/v2\/comments?post=124854"}],"version-history":[{"count":0,"href":"https:\/\/www.tucomarca.com\/wordpress\/segunda\/ca\/wp-json\/wp\/v2\/posts\/124854\/revisions"}],"wp:featuredmedia":[{"embeddable":true,"href":"https:\/\/www.tucomarca.com\/wordpress\/segunda\/ca\/wp-json\/wp\/v2\/media\/124852"}],"wp:attachment":[{"href":"https:\/\/www.tucomarca.com\/wordpress\/segunda\/ca\/wp-json\/wp\/v2\/media?parent=124854"}],"wp:term":[{"taxonomy":"category","embeddable":true,"href":"https:\/\/www.tucomarca.com\/wordpress\/segunda\/ca\/wp-json\/wp\/v2\/categories?post=124854"},{"taxonomy":"post_tag","embeddable":true,"href":"https:\/\/www.tucomarca.com\/wordpress\/segunda\/ca\/wp-json\/wp\/v2\/tags?post=124854"}],"curies":[{"name":"wp","href":"https:\/\/api.w.org\/{rel}","templated":true}]}}