{"id":124878,"date":"2021-01-27T12:00:00","date_gmt":"2021-01-27T11:00:00","guid":{"rendered":"http:\/\/www.tucomarca.com\/wordpress\/segunda\/?p=124878"},"modified":"2021-01-27T21:31:19","modified_gmt":"2021-01-27T20:31:19","slug":"riba-roja-troba-nivell-alt-de-covid-a-les-aigues-residuals-de-lnucli-urba-i-de-les-12-urbanitzacions-de-terme-municipal","status":"publish","type":"post","link":"https:\/\/www.tucomarca.com\/wordpress\/segunda\/ca\/riba-roja-troba-nivell-alt-de-covid-a-les-aigues-residuals-de-lnucli-urba-i-de-les-12-urbanitzacions-de-terme-municipal\/","title":{"rendered":"Riba-roja troba &#8220;nivell alt&#8221; de Covid a les aig\u00fces residuals de l&#8217;nucli urb\u00e0 i de les 12 urbanitzacions de terme municipal"},"content":{"rendered":"\n<h4 class=\"wp-block-heading\">L&#8217;ajuntament rastreja la pres\u00e8ncia del Covid-19 a la localitat<\/h4>\n\n\n\n<p>El Ayuntamiento de Riba-roja de T\u00faria ha detectado un \u201cnivel alto\u201d de Covid en las aguas residuales del casco urbano y de las urbanizaciones ubicadas en el t\u00e9rmino municipal. El gobierno local ha encargado el informe a la empresa concesionaria del ciclo integral del agua Hidraqua que, a su vez, ha enviado las muestras al laboratorio Labaqua para su posterior an\u00e1lisis.<\/p>\n\n\n\n<p>Entre las conclusiones extra\u00eddas del citado informe t\u00e9cnico destaca una presencia del Sars Cov-2 \u201calta\u201d en las aguas residuales de todo el t\u00e9rmino municipal en consonancia con el aumento de contagios por coronavirus entre la poblaci\u00f3n de Riba-roja de T\u00faria que registra habitualmente la conselleria de Sanitat en esta localidad. Las muestras fueron recogidas a mediados de este mes en diversos puntos del t\u00e9rmino municipal.&nbsp;<\/p>\n\n\n\n<p>El muestreo de las aguas se realiz\u00f3 en la franja horaria comprendida entre las 8:30 y las 9:30 horas de la ma\u00f1ana en los puntos previos a la uni\u00f3n del alcantarillado con el colector para que as\u00ed se asegure que la procedencia de las aguas es exclusivamente de Riba-roja de T\u00faria. El casco urbano ha sido sectorizado en cinco zonas de las que se han sacado muestras en los tramos finales de la red de alcantarillado. Adem\u00e1s, se han realizado an\u00e1lisis en las urbanizaciones del t\u00e9rmino municipal.&nbsp;<\/p>\n\n\n\n<p>El informe detecta que en los cinco sectores del casco urbano la presencia de Covid oscila entre los 1\u20193 y los 6\u20195 millones cg\/l. en cada uno de ellos, de forma que el nivel actual es \u201calto\u201d. En la urbanizaci\u00f3n de Val\u00e8ncia la Vella la presencia es de 1\u20191 millones cg\/., mientras que en el \u00e1rea de Mas\u00eda de Traver aumenta hasta los 4\u20195 millones. En las urbanizaciones del \u00e1rea norte del r\u00edo T\u00faria, formado por Montealcedo, Entrenaranjos, Santa M\u00f3nica, El Molinet, Parque de Montealcedo, Santa Rosa y Clot de Navarrete, la presencia es de un total de 8 millones y un nivel \u201calto\u201d del Sars Cov-2 en las aguas residuales.&nbsp;<\/p>\n\n\n\n<p>Los t\u00e9cnicos del informe constatan que de los resultados obtenidos \u201cse concluye que los sectores analizados tienen una concentraci\u00f3n del virus en las aguas residuales alta de forma generalizada\u201d y a\u00f1aden que las muestras tomadas los d\u00edas 14 y 15 de enero \u201cson coherentes con la incidencia acumulada que posteriormente se public\u00f3 el 18 de enero, de forma que en los d\u00edas previos el agua residual presentaba ya alta concentraci\u00f3n de Sars-Cov-2\u201d.&nbsp;<\/p>\n\n\n\n<p>De hecho, la incidencia acumulada del d\u00eda 14 de enero era de 193 casos en los \u00faltimos catorce d\u00edas por cada 100.000 habitantes en Riba-roja de T\u00faria mientras que el 18 de enero, una vez ya realizada la prueba de an\u00e1lisis por parte de los t\u00e9cnicos del laboratorio encargada del mismo, esa misma incidencia aument\u00f3 hasta los 584 casos en la localidad, es decir, un incremento del 202%. &nbsp;<\/p>\n\n\n\n<p>El alcalde de Riba-roja de T\u00faria, Robert Raga, ha instado a los ciudadanos de la localidad a seguir las recomendaciones de \u201cauto-confinamiento\u201d realizadas por el ayuntamiento \u201cpara reducir y contener el preocupante aumento de nuevos casos de coronavirus en la localidad detectados en las \u00faltimas semanas ya que es manera m\u00e1s eficaz y efectiva de luchar contra la pandemia\u201d.<\/p>\n","protected":false},"excerpt":{"rendered":"<div class=\"mh-excerpt\">L&#8217;ajuntament rastreja la pres\u00e8ncia del Covid-19 a la localitat El Ayuntamiento de Riba-roja de T\u00faria ha detectado un \u201cnivel alto\u201d de Covid en las aguas residuales del casco urbano y de las urbanizaciones ubicadas en <a class=\"mh-excerpt-more\" href=\"https:\/\/www.tucomarca.com\/wordpress\/segunda\/ca\/riba-roja-troba-nivell-alt-de-covid-a-les-aigues-residuals-de-lnucli-urba-i-de-les-12-urbanitzacions-de-terme-municipal\/\" title=\"Riba-roja troba &#8220;nivell alt&#8221; de Covid a les aig\u00fces residuals de l&#8217;nucli urb\u00e0 i de les 12 urbanitzacions de terme municipal\">[+] <\/a><\/div>\n","protected":false},"author":12,"featured_media":124875,"comment_status":"open","ping_status":"open","sticky":false,"template":"","format":"standard","meta":{"footnotes":""},"categories":[10892,11010,12202,10948,10894,10903,10906,10896,10897],"tags":[13674,10899,11939,11940,10907],"class_list":{"0":"post-124878","1":"post","2":"type-post","3":"status-publish","4":"format-standard","5":"has-post-thumbnail","7":"category-camp-de-turia-ca","8":"category-canal-salud","9":"category-covid-19-ca","10":"category-infraestructuras-ca","11":"category-la-comarca-ca","12":"category-medio-ambiente-la-comarca-ca","13":"category-riba-roja-ca","14":"category-seccion-ca","15":"category-sucesos-la-comarca-ca","16":"tag-aguas-residuales-ca","17":"tag-camp-de-turia-ca","18":"tag-coronavirus-ca","19":"tag-covid-19-ca","20":"tag-riba-roja-del-turia-ca"},"_links":{"self":[{"href":"https:\/\/www.tucomarca.com\/wordpress\/segunda\/ca\/wp-json\/wp\/v2\/posts\/124878","targetHints":{"allow":["GET"]}}],"collection":[{"href":"https:\/\/www.tucomarca.com\/wordpress\/segunda\/ca\/wp-json\/wp\/v2\/posts"}],"about":[{"href":"https:\/\/www.tucomarca.com\/wordpress\/segunda\/ca\/wp-json\/wp\/v2\/types\/post"}],"author":[{"embeddable":true,"href":"https:\/\/www.tucomarca.com\/wordpress\/segunda\/ca\/wp-json\/wp\/v2\/users\/12"}],"replies":[{"embeddable":true,"href":"https:\/\/www.tucomarca.com\/wordpress\/segunda\/ca\/wp-json\/wp\/v2\/comments?post=124878"}],"version-history":[{"count":0,"href":"https:\/\/www.tucomarca.com\/wordpress\/segunda\/ca\/wp-json\/wp\/v2\/posts\/124878\/revisions"}],"wp:featuredmedia":[{"embeddable":true,"href":"https:\/\/www.tucomarca.com\/wordpress\/segunda\/ca\/wp-json\/wp\/v2\/media\/124875"}],"wp:attachment":[{"href":"https:\/\/www.tucomarca.com\/wordpress\/segunda\/ca\/wp-json\/wp\/v2\/media?parent=124878"}],"wp:term":[{"taxonomy":"category","embeddable":true,"href":"https:\/\/www.tucomarca.com\/wordpress\/segunda\/ca\/wp-json\/wp\/v2\/categories?post=124878"},{"taxonomy":"post_tag","embeddable":true,"href":"https:\/\/www.tucomarca.com\/wordpress\/segunda\/ca\/wp-json\/wp\/v2\/tags?post=124878"}],"curies":[{"name":"wp","href":"https:\/\/api.w.org\/{rel}","templated":true}]}}