{"id":125325,"date":"2021-02-01T09:01:00","date_gmt":"2021-02-01T08:01:00","guid":{"rendered":"http:\/\/www.tucomarca.com\/wordpress\/segunda\/?p=125325"},"modified":"2021-02-01T11:52:21","modified_gmt":"2021-02-01T10:52:21","slug":"leliana-adjudica-mes-de-250-000-euros-a-professionals-i-empreses-locals","status":"publish","type":"post","link":"https:\/\/www.tucomarca.com\/wordpress\/segunda\/ca\/leliana-adjudica-mes-de-250-000-euros-a-professionals-i-empreses-locals\/","title":{"rendered":"L&#8217;Eliana adjudica m\u00e9s de 250.000 euros a professionals i empreses locals"},"content":{"rendered":"\n<h4 class=\"wp-block-heading\"><strong><strong>El registre d&#8217;empreses de \u2018l&#8217;Eliana Impulsa\u2019 romandr\u00e0 actiu durant tot l&#8217;any per a la inscripci\u00f3.<\/strong><\/strong><\/h4>\n\n\n\n<p>L&#8217;Ajuntament de ha contractat l&#8217;any 2020 m\u00e9s de 250.000 euros en projectes d&#8217;obra p\u00fablica a trav\u00e9s del registre de professionals i empreses locals \u2018L&#8217;Eliana Impulsa\u2019. Aquesta bossa, creada el mes d&#8217;abril passat, tornar\u00e0 a obrir les inscripcions des de hui i durant tot l&#8217;any a trav\u00e9s de la web <a href=\"http:\/\/www.lelianaparticipa.es\/impulsa\/impulsa.php\">l\u2019Eliana Participa<\/a>, amb l&#8217;objectiu de continuar adjudicant obres menors, subministraments i serveis al sector local en els projectes p\u00fablics que vaja desenvolupant el consistori.&nbsp;<\/p>\n\n\n\n<p>I \u00e9s que gr\u00e0cies a la primera fase d&#8217;inscripci\u00f3, que va tancar al maig, l&#8217;Ajuntament ha adjudicat un total de 27 contractes entre els 68 professionals, persones aut\u00f2nomes i empreses de l&#8217;Eliana registrades i destinats a l&#8217;execuci\u00f3 i redacci\u00f3 de xicotetes obres, subministraments de material d&#8217;oficina o ferreteria, serveis de reprografia, manteniment de climatitzaci\u00f3 o reparaci\u00f3 de vehicles municipals, entre altres.<\/p>\n\n\n\n<p>Aquest registre \u00e9s una de les quatre grans l\u00ednies d&#8217;actuaci\u00f3 del pla municipal \u2018L&#8217;Eliana Impulsa\u2019, dotat amb m\u00e9s de 1,2 milions d&#8217;euros de recursos propis per a mitigar els efectes de la pand\u00e8mia provocada pel COVID-19 i reactivar l&#8217;economia local.&nbsp;<\/p>\n\n\n\n<p>Les persones interessades a participar, i que encara no s&#8217;hagen donat d&#8217;alta, podran sol\u00b7licitar la seua inclusi\u00f3 en aquest cens empresarial per a la categoria t\u00e8cnica (redacci\u00f3 de projectes i titulacions) o b\u00e9 per a l&#8217;\u00e0rea d&#8217;obres i equipaments (execuci\u00f3 d&#8217;obres i subministraments i especialitats). Per a qualsevol dubte o sol\u00b7licitud d&#8217;informaci\u00f3 poden dirigir-se a l&#8217;Ag\u00e8ncia d&#8217;Ocupaci\u00f3 i Desenvolupament Local (AODL) a trav\u00e9s del tel\u00e8fon 96 275 80 30, extensions #341 i #180, o per correu electr\u00f2nic a <a href=\"mailto:aedl@leliana.es\">aedl@leliana.es<\/a>.<\/p>\n\n\n\n<p>La regidora de Promoci\u00f3 Econ\u00f2mica, Marta Andr\u00e9s, ha recordat que aquesta acci\u00f3 se suma a les ajudes ja destinades a sufragar part de la despesa corrent, als bons de consum per a gastar en el xicotet comer\u00e7 -que es reeditaran en 2021- i a la devoluci\u00f3 i exempci\u00f3 de la taxa de terrasses a bars i restaurants. \u201c<em>Tot aix\u00f2 amb l&#8217;objectiu d&#8217;afavorir la recuperaci\u00f3 del teixit empresarial de la localitat fortament colpejat per la pand\u00e8mia<\/em>\u201d, ha insistit.<\/p>\n","protected":false},"excerpt":{"rendered":"<div class=\"mh-excerpt\">El registre d&#8217;empreses de \u2018l&#8217;Eliana Impulsa\u2019 romandr\u00e0 actiu durant tot l&#8217;any per a la inscripci\u00f3. L&#8217;Ajuntament de ha contractat l&#8217;any 2020 m\u00e9s de 250.000 euros en projectes d&#8217;obra p\u00fablica a trav\u00e9s del registre de professionals <a class=\"mh-excerpt-more\" href=\"https:\/\/www.tucomarca.com\/wordpress\/segunda\/ca\/leliana-adjudica-mes-de-250-000-euros-a-professionals-i-empreses-locals\/\" title=\"L&#8217;Eliana adjudica m\u00e9s de 250.000 euros a professionals i empreses locals\">[+] <\/a><\/div>\n","protected":false},"author":12,"featured_media":104979,"comment_status":"open","ping_status":"open","sticky":false,"template":"","format":"standard","meta":{"footnotes":""},"categories":[10892,12202,10948,10894,10904,10893,10947,10896,10897],"tags":[10395,11937,11938,10433],"class_list":{"0":"post-125325","1":"post","2":"type-post","3":"status-publish","4":"format-standard","5":"has-post-thumbnail","7":"category-camp-de-turia-ca","8":"category-covid-19-ca","9":"category-infraestructuras-ca","10":"category-la-comarca-ca","11":"category-sin-categorizar-ca","12":"category-leliana-ca","13":"category-politica","14":"category-seccion-ca","15":"category-sucesos-la-comarca-ca","16":"tag-camp-de-turia","17":"tag-coronavirus","18":"tag-covid-19","19":"tag-leliana"},"_links":{"self":[{"href":"https:\/\/www.tucomarca.com\/wordpress\/segunda\/ca\/wp-json\/wp\/v2\/posts\/125325","targetHints":{"allow":["GET"]}}],"collection":[{"href":"https:\/\/www.tucomarca.com\/wordpress\/segunda\/ca\/wp-json\/wp\/v2\/posts"}],"about":[{"href":"https:\/\/www.tucomarca.com\/wordpress\/segunda\/ca\/wp-json\/wp\/v2\/types\/post"}],"author":[{"embeddable":true,"href":"https:\/\/www.tucomarca.com\/wordpress\/segunda\/ca\/wp-json\/wp\/v2\/users\/12"}],"replies":[{"embeddable":true,"href":"https:\/\/www.tucomarca.com\/wordpress\/segunda\/ca\/wp-json\/wp\/v2\/comments?post=125325"}],"version-history":[{"count":0,"href":"https:\/\/www.tucomarca.com\/wordpress\/segunda\/ca\/wp-json\/wp\/v2\/posts\/125325\/revisions"}],"wp:featuredmedia":[{"embeddable":true,"href":"https:\/\/www.tucomarca.com\/wordpress\/segunda\/ca\/wp-json\/wp\/v2\/media\/104979"}],"wp:attachment":[{"href":"https:\/\/www.tucomarca.com\/wordpress\/segunda\/ca\/wp-json\/wp\/v2\/media?parent=125325"}],"wp:term":[{"taxonomy":"category","embeddable":true,"href":"https:\/\/www.tucomarca.com\/wordpress\/segunda\/ca\/wp-json\/wp\/v2\/categories?post=125325"},{"taxonomy":"post_tag","embeddable":true,"href":"https:\/\/www.tucomarca.com\/wordpress\/segunda\/ca\/wp-json\/wp\/v2\/tags?post=125325"}],"curies":[{"name":"wp","href":"https:\/\/api.w.org\/{rel}","templated":true}]}}