{"id":125518,"date":"2021-02-03T08:03:00","date_gmt":"2021-02-03T07:03:00","guid":{"rendered":"http:\/\/www.tucomarca.com\/wordpress\/segunda\/?p=125518"},"modified":"2021-02-03T21:11:56","modified_gmt":"2021-02-03T20:11:56","slug":"la-diputacio-concedix-un-milio-deuros-per-a-la-compra-de-vehicles-electrics-i-punts-de-recarrega-municipals","status":"publish","type":"post","link":"https:\/\/www.tucomarca.com\/wordpress\/segunda\/ca\/la-diputacio-concedix-un-milio-deuros-per-a-la-compra-de-vehicles-electrics-i-punts-de-recarrega-municipals\/","title":{"rendered":"La Diputaci\u00f3 concedix un mili\u00f3 d\u2019euros per a la compra de vehicles el\u00e8ctrics i punts de rec\u00e0rrega municipals"},"content":{"rendered":"\n<h4 class=\"wp-block-heading\"><strong>L\u2019\u00c0rea de Medi Ambient de la Diputaci\u00f3 de Val\u00e8ncia publica la concessi\u00f3 de la subvenci\u00f3 per a la compra de vehicles el\u00e8ctrics i la instal\u00b7laci\u00f3 de punts de rec\u00e0rrega destinats a ajuntaments<\/strong><\/h4>\n\n\n\n<h4 class=\"wp-block-heading\"><strong>La vicepresidenta de la Diputaci\u00f3 i responsable de l\u2019Area de Medi Ambient, Maria Josep Amig\u00f3, explica que 68 municipis rebran ajudes per a la mitigaci\u00f3 del canvi clim\u00e0tic<\/strong><\/h4>\n\n\n\n<p>L\u2019\u00c0rea de Medi Ambient de la Diputaci\u00f3 de Val\u00e8ncia subvenciona, a trav\u00e9s de l\u2019estrat\u00e8gia Reacciona, la compra de vehicles el\u00e8ctrics i la instal\u00b7laci\u00f3 de punts de rec\u00e0rrega amb un pressupost que ascendix al mili\u00f3 d\u2019euros. En total, 56 municipis rebran ajudes per a la compra de turismes, furgonetes, camions xicotets, motos o bicicletes, i s\u2019instal\u00b7laran 36 punts de rec\u00e0rrega.<\/p>\n\n\n\n<p>\u201cGr\u00e0cies a estes ajudes molts municipis han comen\u00e7at a renovar la seua flota, especialment els vehicles de les brigades municipals i de la policia local\u201d, ha explicat la vicepresidenta de la Diputaci\u00f3 i responsable de l\u2019\u00c0rea de Medi Ambient, Maria Josep Amig\u00f3.<\/p>\n\n\n\n<p>En la baremaci\u00f3 de la subvenci\u00f3 es valorava si l\u2019ajuntament tenia subministrament el\u00e8ctric d\u2019origen 100% renovable i un Pla de Mobilitat Urbana Sostenible (PMUS) aprovat o en tramitaci\u00f3. Aix\u00ed mateix, es premiava no haver sigut beneficiari en les anteriors edicions.<\/p>\n\n\n\n<p>La finalitat de l\u2019estrat\u00e8gia Reacciona \u00e9s ajudar econ\u00f2micament als municipis de la prov\u00edncia de Val\u00e8ncia a posar en marxa projectes relacionats amb l\u2019energia, la mobilitat, la gesti\u00f3 dels residus, la natura, l\u2019estalvi d\u2019aigua i l\u2019educaci\u00f3 ambiental.<\/p>\n\n\n\n<p>Els pobles que rebran subvencions per a la compra de vehicles s\u00f3n: Catarroja, Salem, Antella, Xeraco, l\u2019Alc\u00fadia, Silla, Pu\u00e7ol, Paiporta, Burjassot, Estubeny, Atzeneta d\u2019Albaida, Bolbaite, Estivella, Alfarp, Quartell, Manuel, Albalat de la Ribera, Albalat dels Sorells, Benet\u00fasser, Massamagrell, Tavernes de la Valldigna, Picassent, Alboraia, Ontinyent, Guadass\u00e9quies, Guardamar de la Safor, Gestalgar, Gavarda, Alborache, Barxeta, Simat de la Valldigna, Albuixech, Guadassuar, Canet d\u2019en Berenguer, Cheste, l\u2019Eliana, Requena, Carcaixent, Riba-roja del T\u00faria, Oliva, Alaqu\u00e0s, Torrent, el Palomar, l\u2019\u00c8nova, Fontanars dels Alforins, Almoines, Favara, Gilet, Sollana, Benig\u00e0nim, Castell\u00f3, Vilamarxant, Picanya, la Pobla de Vallbona, Dos Aguas i Sant Joanet.<\/p>\n\n\n\n<p>Els pobles que rebran subvencions per a la instal\u00b7laci\u00f3 de punts de rec\u00e0rrega s\u00f3n: Salem, Xeraco, Paiporta, Higueruelas, Estivella, Alfarp, Quartell, Manuel, Llombai, Massamagrell, Tavernes de la Valldigna, Guadass\u00e9quies, Gestalgar, Gavarda, Alborache, Massalfassar, Simat de la Valldigna, Guadassuar, Canet d\u2019en Berenguer, Cheste, Alfauir, l\u2019\u00c8nova, Fontanars dels Alforins, Rafelcofer, Almoines, Genov\u00e9s, Bocairent, Sollana, Benig\u00e0nim, Vilamarxant, B\u00e9tera, Casas Altas, Vallanca, Millares, Torrebaja i Sant Joanet.<\/p>\n","protected":false},"excerpt":{"rendered":"<div class=\"mh-excerpt\">L\u2019\u00c0rea de Medi Ambient de la Diputaci\u00f3 de Val\u00e8ncia publica la concessi\u00f3 de la subvenci\u00f3 per a la compra de vehicles el\u00e8ctrics i la instal\u00b7laci\u00f3 de punts de rec\u00e0rrega destinats a ajuntaments La vicepresidenta de <a class=\"mh-excerpt-more\" href=\"https:\/\/www.tucomarca.com\/wordpress\/segunda\/ca\/la-diputacio-concedix-un-milio-deuros-per-a-la-compra-de-vehicles-electrics-i-punts-de-recarrega-municipals\/\" title=\"La Diputaci\u00f3 concedix un mili\u00f3 d\u2019euros per a la compra de vehicles el\u00e8ctrics i punts de rec\u00e0rrega municipals\">[+] <\/a><\/div>\n","protected":false},"author":12,"featured_media":125517,"comment_status":"open","ping_status":"open","sticky":false,"template":"","format":"standard","meta":{"footnotes":""},"categories":[10890,10973,10982,10892,10923,10976,10948,10995,10963,10894,10904,10912,10915,10902,10903,10970,10947,10906,10896,10927,10974],"tags":[11246,12166,13735,13736],"class_list":{"0":"post-125518","1":"post","2":"type-post","3":"status-publish","4":"format-standard","5":"has-post-thumbnail","7":"category-ademus","8":"category-alborache-ca","9":"category-alfarp-ca","10":"category-camp-de-turia-ca","11":"category-cases-altes","12":"category-dos-aguas-ca","13":"category-infraestructuras-ca","14":"category-lalcudia-ca","15":"category-la-canal-de-navarres-ca","16":"category-la-comarca-ca","17":"category-sin-categorizar-ca","18":"category-la-hoya-ca","19":"category-la-pobla-ca","20":"category-la-ribera-ca","21":"category-medio-ambiente-la-comarca-ca","22":"category-millares-ca","23":"category-politica","24":"category-riba-roja-ca","25":"category-seccion-ca","26":"category-vilamarxant-ca","27":"category-cheste-ca","28":"tag-diputacio-de-valencia-ca","29":"tag-medio-ambiente-ca","30":"tag-plan-de-movilidad-urbana-sostenible-ca","31":"tag-pmus-ca"},"_links":{"self":[{"href":"https:\/\/www.tucomarca.com\/wordpress\/segunda\/ca\/wp-json\/wp\/v2\/posts\/125518","targetHints":{"allow":["GET"]}}],"collection":[{"href":"https:\/\/www.tucomarca.com\/wordpress\/segunda\/ca\/wp-json\/wp\/v2\/posts"}],"about":[{"href":"https:\/\/www.tucomarca.com\/wordpress\/segunda\/ca\/wp-json\/wp\/v2\/types\/post"}],"author":[{"embeddable":true,"href":"https:\/\/www.tucomarca.com\/wordpress\/segunda\/ca\/wp-json\/wp\/v2\/users\/12"}],"replies":[{"embeddable":true,"href":"https:\/\/www.tucomarca.com\/wordpress\/segunda\/ca\/wp-json\/wp\/v2\/comments?post=125518"}],"version-history":[{"count":0,"href":"https:\/\/www.tucomarca.com\/wordpress\/segunda\/ca\/wp-json\/wp\/v2\/posts\/125518\/revisions"}],"wp:featuredmedia":[{"embeddable":true,"href":"https:\/\/www.tucomarca.com\/wordpress\/segunda\/ca\/wp-json\/wp\/v2\/media\/125517"}],"wp:attachment":[{"href":"https:\/\/www.tucomarca.com\/wordpress\/segunda\/ca\/wp-json\/wp\/v2\/media?parent=125518"}],"wp:term":[{"taxonomy":"category","embeddable":true,"href":"https:\/\/www.tucomarca.com\/wordpress\/segunda\/ca\/wp-json\/wp\/v2\/categories?post=125518"},{"taxonomy":"post_tag","embeddable":true,"href":"https:\/\/www.tucomarca.com\/wordpress\/segunda\/ca\/wp-json\/wp\/v2\/tags?post=125518"}],"curies":[{"name":"wp","href":"https:\/\/api.w.org\/{rel}","templated":true}]}}