{"id":125596,"date":"2021-02-03T09:35:00","date_gmt":"2021-02-03T08:35:00","guid":{"rendered":"http:\/\/www.tucomarca.com\/wordpress\/segunda\/?p=125596"},"modified":"2021-02-03T21:09:26","modified_gmt":"2021-02-03T20:09:26","slug":"lexposicio-itinerant-exili-illustrat-de-livaj-estara-al-febrer-a-monserrat-godelleta-la-pobla-de-vallbona-i-onda","status":"publish","type":"post","link":"https:\/\/www.tucomarca.com\/wordpress\/segunda\/ca\/lexposicio-itinerant-exili-illustrat-de-livaj-estara-al-febrer-a-monserrat-godelleta-la-pobla-de-vallbona-i-onda\/","title":{"rendered":"L&#8217;exposici\u00f3 itinerant &#8216;Exili Il\u00b7lustrat&#8217; de l&#8217;IVAJ estar\u00e0 al febrer a Monserrat, Godelleta, la Pobla de Vallbona i Onda"},"content":{"rendered":"\n<h4 class=\"wp-block-heading\">Consta de 36 il\u00b7lustracions de 36 personatges que van marxar a l&#8217;exili i sobre la situaci\u00f3 actual de les persones refugiades<br>Centres educatius i entitats socials poden sol\u00b7licitar-la a trav\u00e9s del web mimporta.info<\/h4>\n\n\n\n<p>L&#8217;Institut Valenci\u00e0 de la Joventut (IVAJ), mitjan\u00e7ant el programa &#8216;M&#8217;importa. Educaci\u00f3 en Valors &#8216;, ha programat l&#8217;exposici\u00f3&#8217; Exili Il\u00b7lustrat &#8216;durant el mes de febrer a Monserrat, Godelleta, la Pobla de Vallbona i Onda.<\/p>\n\n\n\n<p>De el 2 a el 8 de febrer arribar\u00e0 a l&#8217;Institut d&#8217;Educaci\u00f3 Secund\u00e0ria (IES) Alcalans a Monserrat; de el 9 a l&#8217;15 de febrer a la Biblioteca Municipal de Godelleta; de l&#8217;17 a el 26 de febrer a l&#8217;IES La Vereda de la Pobla de Vallbona i de l&#8217;18 a l&#8217;25 de febrer a al Casal Jove d&#8217;Onda.<\/p>\n\n\n\n<p>La iniciativa &#8216;Exili Il\u00b7lustrat&#8217;se vincula amb la mem\u00f2ria democr\u00e0tica i, a el mateix temps, convida a una reflexi\u00f3 sobre les persones refugiades a l&#8217;actualitat, que fugen de les guerres, la intoler\u00e0ncia, les cat\u00e0strofes o de la fam.<\/p>\n\n\n\n<p>L&#8217;exposici\u00f3 \u00e9s una galeria de 36 vides dibuixades per 36 il\u00b7lustradors i il\u00b7lustradores dels m\u00e9s variats estils, que representen a personatges que van marxar a l&#8217;exili entre les que es troben Rafael Alberti, Manuel Aza\u00f1a, Luis Bu\u00f1uel, Clara Campoamor, Antonio Machado o Juan Negr\u00edn , entre d&#8217;altres.<\/p>\n\n\n\n<p>La mostra, amb il\u00b7lustracions de cos sencer i dimensions gaireb\u00e9 reals, presenta a rellevants personalitats obligades a marxar d&#8217;Espanya i a refugiar-se en altres pa\u00efsos.<\/p>\n\n\n\n<p>Exili I \u00b7 lustrat &#8216;va n\u00e9ixer de la col\u00b7laboraci\u00f3 de Centre Cultural La Nau de la Universitat de Val\u00e8ncia, comissariada per MacDiego, com un homenatge als m\u00e9s de 500.000 homes i dones, la majoria vides an\u00f2nimes, que es van veure obligades a abandonar el territori espanyol a l&#8217;acabar la Guerra Civil.<\/p>\n\n\n\n<p>A m\u00e9s, a trav\u00e9s de la s\u00e8rie &#8216;M&#8217;importa d&#8217;Educaci\u00f3 en Valors&#8217;, s&#8217;acompanya amb una guia did\u00e0ctica explicativa de les biografies i de sensibilitzaci\u00f3 sobre les persones refugiades a l&#8217;actualitat.<\/p>\n\n\n\n<p>Ajuntaments, entitats socials, centres educatius i centres juvenils interessats en apropar tant l&#8217;exposici\u00f3 &#8216;Exili Il\u00b7lustrat&#8217;como&#8217; Noemtoqueselwhatsapp &#8216;poden sol\u00b7licitar-telem\u00e0ticament a trav\u00e9s del web de el programa.<\/p>\n\n\n\n<p>La programaci\u00f3 de l&#8217;exposici\u00f3 itinerant est\u00e0 condicionada per la situaci\u00f3 provocada per la COVID-19 i les mesures sanit\u00e0ries vigents.<\/p>\n","protected":false},"excerpt":{"rendered":"<div class=\"mh-excerpt\">Consta de 36 il\u00b7lustracions de 36 personatges que van marxar a l&#8217;exili i sobre la situaci\u00f3 actual de les persones refugiadesCentres educatius i entitats socials poden sol\u00b7licitar-la a trav\u00e9s del web mimporta.info L&#8217;Institut Valenci\u00e0 de <a class=\"mh-excerpt-more\" href=\"https:\/\/www.tucomarca.com\/wordpress\/segunda\/ca\/lexposicio-itinerant-exili-illustrat-de-livaj-estara-al-febrer-a-monserrat-godelleta-la-pobla-de-vallbona-i-onda\/\" title=\"L&#8217;exposici\u00f3 itinerant &#8216;Exili Il\u00b7lustrat&#8217; de l&#8217;IVAJ estar\u00e0 al febrer a Monserrat, Godelleta, la Pobla de Vallbona i Onda\">[+] <\/a><\/div>\n","protected":false},"author":12,"featured_media":125595,"comment_status":"open","ping_status":"open","sticky":false,"template":"","format":"standard","meta":{"footnotes":""},"categories":[11019,10892,10977,10948,10894,10912,10915,10902,11000,11007,10896],"tags":[12558,11087,12559,10916,13751],"class_list":{"0":"post-125596","1":"post","2":"type-post","3":"status-publish","4":"format-standard","5":"has-post-thumbnail","7":"category-agenda-ca","8":"category-camp-de-turia-ca","9":"category-godelleta-ca","10":"category-infraestructuras-ca","11":"category-la-comarca-ca","12":"category-la-hoya-ca","13":"category-la-pobla-ca","14":"category-la-ribera-ca","15":"category-monserrat-ca","16":"category-ocio-y-cultura-ca","17":"category-seccion-ca","18":"tag-exili-illustrat-ca","19":"tag-godelleta-ca","20":"tag-institut-valencia-de-la-joventut-ivaj-ca","21":"tag-la-pobla-de-vallbona-ca","22":"tag-montserrat-ca"},"_links":{"self":[{"href":"https:\/\/www.tucomarca.com\/wordpress\/segunda\/ca\/wp-json\/wp\/v2\/posts\/125596","targetHints":{"allow":["GET"]}}],"collection":[{"href":"https:\/\/www.tucomarca.com\/wordpress\/segunda\/ca\/wp-json\/wp\/v2\/posts"}],"about":[{"href":"https:\/\/www.tucomarca.com\/wordpress\/segunda\/ca\/wp-json\/wp\/v2\/types\/post"}],"author":[{"embeddable":true,"href":"https:\/\/www.tucomarca.com\/wordpress\/segunda\/ca\/wp-json\/wp\/v2\/users\/12"}],"replies":[{"embeddable":true,"href":"https:\/\/www.tucomarca.com\/wordpress\/segunda\/ca\/wp-json\/wp\/v2\/comments?post=125596"}],"version-history":[{"count":0,"href":"https:\/\/www.tucomarca.com\/wordpress\/segunda\/ca\/wp-json\/wp\/v2\/posts\/125596\/revisions"}],"wp:featuredmedia":[{"embeddable":true,"href":"https:\/\/www.tucomarca.com\/wordpress\/segunda\/ca\/wp-json\/wp\/v2\/media\/125595"}],"wp:attachment":[{"href":"https:\/\/www.tucomarca.com\/wordpress\/segunda\/ca\/wp-json\/wp\/v2\/media?parent=125596"}],"wp:term":[{"taxonomy":"category","embeddable":true,"href":"https:\/\/www.tucomarca.com\/wordpress\/segunda\/ca\/wp-json\/wp\/v2\/categories?post=125596"},{"taxonomy":"post_tag","embeddable":true,"href":"https:\/\/www.tucomarca.com\/wordpress\/segunda\/ca\/wp-json\/wp\/v2\/tags?post=125596"}],"curies":[{"name":"wp","href":"https:\/\/api.w.org\/{rel}","templated":true}]}}