{"id":125660,"date":"2021-02-04T14:07:00","date_gmt":"2021-02-04T13:07:00","guid":{"rendered":"http:\/\/www.tucomarca.com\/wordpress\/segunda\/?p=125660"},"modified":"2021-02-04T18:09:28","modified_gmt":"2021-02-04T17:09:28","slug":"els-serveis-socials-de-leliana-duen-a-terme-mes-de-4-500-atencions-en-2020","status":"publish","type":"post","link":"https:\/\/www.tucomarca.com\/wordpress\/segunda\/ca\/els-serveis-socials-de-leliana-duen-a-terme-mes-de-4-500-atencions-en-2020\/","title":{"rendered":"Els Serveis Socials de l&#8217;Eliana duen a terme m\u00e9s de 4.500 atencions en 2020"},"content":{"rendered":"\n<h4 class=\"wp-block-heading\"><strong>Les gestions administratives s&#8217;han incrementat un 365% en un any cridat a mitigar els efectes socials de la pand\u00e8mia<\/strong><\/h4>\n\n\n\n<p>La Regidoria de Pol\u00edtiques Socials ha presentat la seua mem\u00f2ria d&#8217;activitat 2020, en un any marcat per la Covid-19, en el qual ha at\u00e9s un total de 4.536 cites, 1.605 m\u00e9s que l&#8217;exercici anterior. I \u00e9s que, durant els mesos d&#8217;abril i maig, i coincidint amb el confinament domiciliari, solament els serveis d&#8217;informaci\u00f3 van gestionar m\u00e9s de 1.200 atencions.<\/p>\n\n\n\n<p>L&#8217;\u00e0rea administrativa ha multiplicat quasi per 4 les gestions, situant la xifra en 1.588, la majoria de les quals corresponen a les ajudes d&#8217;emerg\u00e8ncia, depend\u00e8ncia, menors, Bono social, Banc d&#8217;Aliments, informes d&#8217;estrangeria o vulnerabilitat i targeta d&#8217;estacionament de persones amb discapacitat.<\/p>\n\n\n\n<p>Quant a les ajudes econ\u00f2miques, s&#8217;han realitzat 768 atencions i gestionat un total de 253 sol\u00b7licituds. En aquest punt destaquen les ajudes municipals per a necessitats b\u00e0siques (alimentaci\u00f3, higiene neteja), \u00fas d&#8217;habitatge (lloguer, hipoteca i subministraments energ\u00e8tics), despeses extraordin\u00e0ries (urgents i necessaris) o ajudes t\u00e8cniques per a persones majors, a m\u00e9s de material escolar i productes nadalencs, per\u00f2 tamb\u00e9 inclou les ajudes auton\u00f2miques d&#8217;alimentaci\u00f3, lloguer i inclusi\u00f3. La despesa total de totes elles ascendeix a prop de 194.000 euros.<\/p>\n\n\n\n<p>Durant 2020 s&#8217;han realitzat un total de 1.578 cridades telef\u00f2niques de seguiment a persones majors de 70 anys de la localitat, mentre que per part seua, el Servei d&#8217;Ajuda a domicili va refor\u00e7ar, des de juliol, la seua plantilla amb una persona m\u00e9s.<\/p>\n\n\n\n<p>A m\u00e9s, el programa de Compra Solid\u00e0ria posat en marxa durant el confinament ha realitzat 109 intervencions i el programa Men\u00fa a Casa ha at\u00e9s 42 fam\u00edlies diferents, amb un total de 113 racions.<\/p>\n\n\n\n<p>L&#8217;edil de Pol\u00edtiques Socials, M\u00aa Jos\u00e9 Valenzuela, ha destacat la labor duta a terme des dels diferents programes per a mitigar els efectes de la pand\u00e8mia, que han resultat fonamentals per a moltes fam\u00edlies elianeras. <em>\u201cLa nostra prioritat, especialment en un any tan complicat com aquest, ha sigut la ciutadania m\u00e9s vulnerable i el contacte amb elles ha sigut directe i constant, atenent a totes la seua necessitats\u201d<\/em>, ha declarat.<\/p>\n","protected":false},"excerpt":{"rendered":"<div class=\"mh-excerpt\">Les gestions administratives s&#8217;han incrementat un 365% en un any cridat a mitigar els efectes socials de la pand\u00e8mia La Regidoria de Pol\u00edtiques Socials ha presentat la seua mem\u00f2ria d&#8217;activitat 2020, en un any marcat <a class=\"mh-excerpt-more\" href=\"https:\/\/www.tucomarca.com\/wordpress\/segunda\/ca\/els-serveis-socials-de-leliana-duen-a-terme-mes-de-4-500-atencions-en-2020\/\" title=\"Els Serveis Socials de l&#8217;Eliana duen a terme m\u00e9s de 4.500 atencions en 2020\">[+] <\/a><\/div>\n","protected":false},"author":12,"featured_media":125659,"comment_status":"open","ping_status":"open","sticky":false,"template":"","format":"standard","meta":{"footnotes":""},"categories":[10892,10948,10894,10893,10947,10896],"tags":[10395,10433,604],"class_list":{"0":"post-125660","1":"post","2":"type-post","3":"status-publish","4":"format-standard","5":"has-post-thumbnail","7":"category-camp-de-turia-ca","8":"category-infraestructuras-ca","9":"category-la-comarca-ca","10":"category-leliana-ca","11":"category-politica","12":"category-seccion-ca","13":"tag-camp-de-turia","14":"tag-leliana","15":"tag-servicios-sociales"},"_links":{"self":[{"href":"https:\/\/www.tucomarca.com\/wordpress\/segunda\/ca\/wp-json\/wp\/v2\/posts\/125660","targetHints":{"allow":["GET"]}}],"collection":[{"href":"https:\/\/www.tucomarca.com\/wordpress\/segunda\/ca\/wp-json\/wp\/v2\/posts"}],"about":[{"href":"https:\/\/www.tucomarca.com\/wordpress\/segunda\/ca\/wp-json\/wp\/v2\/types\/post"}],"author":[{"embeddable":true,"href":"https:\/\/www.tucomarca.com\/wordpress\/segunda\/ca\/wp-json\/wp\/v2\/users\/12"}],"replies":[{"embeddable":true,"href":"https:\/\/www.tucomarca.com\/wordpress\/segunda\/ca\/wp-json\/wp\/v2\/comments?post=125660"}],"version-history":[{"count":0,"href":"https:\/\/www.tucomarca.com\/wordpress\/segunda\/ca\/wp-json\/wp\/v2\/posts\/125660\/revisions"}],"wp:featuredmedia":[{"embeddable":true,"href":"https:\/\/www.tucomarca.com\/wordpress\/segunda\/ca\/wp-json\/wp\/v2\/media\/125659"}],"wp:attachment":[{"href":"https:\/\/www.tucomarca.com\/wordpress\/segunda\/ca\/wp-json\/wp\/v2\/media?parent=125660"}],"wp:term":[{"taxonomy":"category","embeddable":true,"href":"https:\/\/www.tucomarca.com\/wordpress\/segunda\/ca\/wp-json\/wp\/v2\/categories?post=125660"},{"taxonomy":"post_tag","embeddable":true,"href":"https:\/\/www.tucomarca.com\/wordpress\/segunda\/ca\/wp-json\/wp\/v2\/tags?post=125660"}],"curies":[{"name":"wp","href":"https:\/\/api.w.org\/{rel}","templated":true}]}}