{"id":125702,"date":"2021-02-04T19:00:00","date_gmt":"2021-02-04T18:00:00","guid":{"rendered":"http:\/\/www.tucomarca.com\/wordpress\/segunda\/?p=125702"},"modified":"2021-02-04T19:52:39","modified_gmt":"2021-02-04T18:52:39","slug":"la-comunitat-valenciana-registra-4-822-nous-casos-de-coronavirus-i-109-defuncions-en-les-ultimes-24-hores","status":"publish","type":"post","link":"https:\/\/www.tucomarca.com\/wordpress\/segunda\/ca\/la-comunitat-valenciana-registra-4-822-nous-casos-de-coronavirus-i-109-defuncions-en-les-ultimes-24-hores\/","title":{"rendered":"La Comunitat Valenciana registra 4.822 nous casos de coronavirus i 109 defuncions en les \u00faltimes 24 hores"},"content":{"rendered":"\n<h3 class=\"wp-block-heading\"><strong>Sanitat ha administrat ja 174.501 dosis de la vacuna contra el coronavirus<\/strong><\/h3>\n\n\n\n<h3 class=\"wp-block-heading\"><strong>Nous positius per prov\u00edncies: 518 a Castell\u00f3, 1.829 a Alacant, 2.472 a la prov\u00edncia de Val\u00e8ncia i 3 casos sense assignar<\/strong><\/h3>\n\n\n\n<p>La Comunitat Valenciana ha administrat un total de 174.501 dosis de la vacuna contra el coronavirus, de les quals 170.605 s\u00f3n de Pfizer i 3.896 de Moderna, i han rebut les dues dosis de la vacuna 68.735 persones.<\/p>\n\n\n\n<p>Por otro lado, se han registrado 4.822 nuevos casos de coronavirus confirmados por prueba PCR o a trav\u00e9s de test de ant\u00edgenos desde la \u00faltima actualizaci\u00f3n, que sit\u00faan la cifra total de positivos en 334.851 personas. Por provincias, la distribuci\u00f3n de nuevos positivos es la siguiente: 518 en Castell\u00f3n (34.132 en total), 1.829 en Alicante (125.490 en total) y 2.472 en la provincia de Valencia (175.211 en total). Adem\u00e1s, se han registrado 3 casos sin asignar, por lo que el total asciende a 18.<\/p>\n\n\n\n<p>Tambi\u00e9n se han registrado 109 fallecimientos por coronavirus desde la \u00faltima actualizaci\u00f3n, por lo que el total de defunciones desde el inicio de la pandemia es de 5.184 personas: 622 en la provincia de Castell\u00f3n, 1.904 en la de Alicante y 2.658 en la de Valencia.<\/p>\n\n\n\n<p>Los hospitales valencianos tienen, actualmente, 4.165 personas ingresadas: 411 en la provincia de Castell\u00f3n, con 56 pacientes en UCI; 1.602 en la provincia de Alicante, 244 de ellos en la UCI; y 2.152 en la provincia de Valencia, 356 de ellos en UCI.&nbsp;<\/p>\n\n\n\n<p>Adem\u00e1s, desde la \u00faltima actualizaci\u00f3n se han registrado 8.332 altas a pacientes con coronavirus. De esta forma, ya son 277.529 personas en la Comunitat Valenciana las que han superado la enfermedad desde que comenz\u00f3 la pandemia. Por provincias, las altas se distribuyen del siguiente modo: 28.635 en Castell\u00f3n, 100.986 en Alicante y 147.843 en Valencia, adem\u00e1s de 65 no asignadas.&nbsp;<\/p>\n\n\n\n<p>De acuerdo con los datos registrados, en estos momentos hay 63.623 casos activos, lo que supone un 18,37% del total de positivos.<\/p>\n\n\n\n<p><strong>Actualizaci\u00f3n de la situaci\u00f3n en residencias<\/strong><\/p>\n\n\n\n<p>Desde la \u00faltima actualizaci\u00f3n, hay alg\u00fan caso positivo en 188 residencias de mayores (16 en la provincia de Castell\u00f3n, 61 en la provincia de Alicante y 111 en la provincia de Valencia), 39 centros de diversidad funcional (2 en la provincia de Castell\u00f3n, 10 en la provincia de Alicante y 27 en la provincia de Valencia) y 10 centros de menores (5 en la provincia de Alicante y 5 en la provincia de Valencia).<\/p>\n\n\n\n<p>&#8211; Residentes nuevos positivos: 132<\/p>\n\n\n\n<p>&#8211; Trabajadores y trabajadoras nuevos positivos: 170<\/p>\n\n\n\n<p>&#8211; Residentes que han fallecido: 12<\/p>\n\n\n\n<p>Actualmente, se encuentran bajo vigilancia activa de control sanitario 66 residencias en la Comunitat Valenciana: 6 en la provincia de Castell\u00f3n, 26 en la provincia de Alicante y 34 en la provincia de Valencia.<\/p>\n\n\n\n<p><strong>Actualizaci\u00f3n brotes de coronavirus<\/strong><\/p>\n\n\n\n<p>Se han registrado 83 brotes desde la \u00faltima actualizaci\u00f3n; por provincias: 13 Castell\u00f3n; 13 en Alicante y 57 en Valencia.<\/p>\n\n\n\n<p>\u00b7 Val\u00e8ncia: 5 casos. Origen social<\/p>\n\n\n\n<p>\u00b7 Enguera: 5 casos. Origen social<\/p>\n\n\n\n<p>\u00b7 Almussafes: 3 casos. Origen laboral<\/p>\n\n\n\n<p>\u00b7 Val\u00e8ncia: 3 casos. Origen social<\/p>\n\n\n\n<p>\u00b7 La Pobla de Vallbona: 5 casos. Origen social<\/p>\n\n\n\n<p>\u00b7 Petrer: 7 casos. Origen social<\/p>\n\n\n\n<p>\u00b7 Vinar\u00f2s: 5 casos. Origen social<\/p>\n\n\n\n<p>\u00b7 Val\u00e8ncia: 6 casos. Origen social<\/p>\n\n\n\n<p>\u00b7 Benet\u00fasser: 8 casos. Origen social<\/p>\n\n\n\n<p>\u00b7 Calpe: 3 casos. \u00c1mbito educativo<\/p>\n\n\n\n<p>\u00b7 Tavernes de La Valldigna: 5 casos. \u00c1mbito educativo<\/p>\n\n\n\n<p>\u00b7 J\u00e1vea: 5 casos. Origen social<\/p>\n\n\n\n<p>\u00b7 J\u00e1vea: 6 casos. Origen social<\/p>\n\n\n\n<p>\u00b7 Castell\u00f3 de La Plana: 4 casos. \u00c1mbito educativo<\/p>\n\n\n\n<p>\u00b7 Picassent: 5 casos. \u00c1mbito educativo<\/p>\n\n\n\n<p>\u00b7 Val\u00e8ncia: 4 casos. Origen social<\/p>\n\n\n\n<p>\u00b7 Val\u00e8ncia: 3 casos. Origen social<\/p>\n\n\n\n<p>\u00b7 Albaida: 6 casos. Origen social<\/p>\n\n\n\n<p>\u00b7 Val\u00e8ncia: 3 casos. Origen social<\/p>\n\n\n\n<p>\u00b7 Val\u00e8ncia: 5 casos. Origen social<\/p>\n\n\n\n<p>\u00b7 Massamagrell: 3 casos. Origen social<\/p>\n\n\n\n<p>\u00b7 Sedav\u00ed: 8 casos. Origen social<\/p>\n\n\n\n<p>\u00b7 Moncada: 6 casos. Origen social<\/p>\n\n\n\n<p>\u00b7 Massalav\u00e9s: 5 casos. Origen social<\/p>\n\n\n\n<p>\u00b7 Vallada: 6 casos. Origen social<\/p>\n\n\n\n<p>\u00b7 Bolbaite: 7 casos. Origen social<\/p>\n\n\n\n<p>\u00b7 L&#8217;Alcora: 3 casos. \u00c1mbito educativo<\/p>\n\n\n\n<p>\u00b7 X\u00e0tiva: 5 casos. Origen social<\/p>\n\n\n\n<p>\u00b7 Torrent: 3 casos. Origen social<\/p>\n\n\n\n<p>\u00b7 Vilamarxant: 4 casos. Origen social<\/p>\n\n\n\n<p>\u00b7 Castell\u00f3 de La Plana: 10 casos. \u00c1mbito educativo<\/p>\n\n\n\n<p>\u00b7 Enguera: 4 casos. Origen social<\/p>\n\n\n\n<p>\u00b7 L&#8217;Eliana: 5 casos. \u00c1mbito educativo<\/p>\n\n\n\n<p>\u00b7 C\u00e1rcer: 4 casos. \u00c1mbito educativo<\/p>\n\n\n\n<p>\u00b7 Val\u00e8ncia: 5 casos. Origen social<\/p>\n\n\n\n<p>\u00b7 Val\u00e8ncia: 3 casos. \u00c1mbito educativo<\/p>\n\n\n\n<p>\u00b7 Val\u00e8ncia: 8 casos. Origen social<\/p>\n\n\n\n<p>\u00b7 Alicante: 6 casos. \u00c1mbito educativo<\/p>\n\n\n\n<p>\u00b7 Val\u00e8ncia: 3 casos. \u00c1mbito educativo<\/p>\n\n\n\n<p>\u00b7 Altura: 9 casos. Origen social<\/p>\n\n\n\n<p>\u00b7 Xeresa: 19 casos. Origen laboral<\/p>\n\n\n\n<p>\u00b7 Albuixech: 10 casos. \u00c1mbito educativo<\/p>\n\n\n\n<p>\u00b7 Alboraya: 4 casos. Origen social<\/p>\n\n\n\n<p>\u00b7 Val\u00e8ncia: 7 casos. Origen social<\/p>\n\n\n\n<p>\u00b7 Val\u00e8ncia: 4 casos. Origen social<\/p>\n\n\n\n<p>\u00b7 Sagunto: 8 casos. Origen social<\/p>\n\n\n\n<p>\u00b7 Val\u00e8ncia: 7 casos. Origen social<\/p>\n\n\n\n<p>\u00b7 Val\u00e8ncia: 9 casos. Origen social<\/p>\n\n\n\n<p>\u00b7 Val\u00e8ncia: 3 casos. \u00c1mbito educativo<\/p>\n\n\n\n<p>\u00b7 Val\u00e8ncia: 6 casos. Origen social<\/p>\n\n\n\n<p>\u00b7 Alboraya: 5 casos. Origen social<\/p>\n\n\n\n<p>\u00b7 Alboraya: 4 casos. Origen social<\/p>\n\n\n\n<p>\u00b7 Rafelbunyol: 4 casos. \u00c1mbito educativo<\/p>\n\n\n\n<p>\u00b7 Val\u00e8ncia: 5 casos. Origen social<\/p>\n\n\n\n<p>\u00b7 Val\u00e8ncia: 3 casos. Origen social<\/p>\n\n\n\n<p>\u00b7 Val\u00e8ncia: 13 casos. Origen social<\/p>\n\n\n\n<p>\u00b7 D\u00e9nia: 5 casos. Origen social<\/p>\n\n\n\n<p>\u00b7 D\u00e9nia: 5 casos. Origen social<\/p>\n\n\n\n<p>\u00b7 C\u00e0lig: 7 casos. Origen social<\/p>\n\n\n\n<p>\u00b7 Algemes\u00ed: 6 casos. Origen social<\/p>\n\n\n\n<p>\u00b7 C\u00e1rcer: 5 casos. Origen social<\/p>\n\n\n\n<p>\u00b7 Elche: 8 casos. \u00c1mbito educativo<\/p>\n\n\n\n<p>\u00b7 D\u00e9nia: 4 casos. Origen social<\/p>\n\n\n\n<p>\u00b7 X\u00e0tiva: 3 casos. \u00c1mbito educativo<\/p>\n\n\n\n<p>\u00b7 Requena: 6 casos. \u00c1mbito educativo<\/p>\n\n\n\n<p>\u00b7 Pe\u00f1\u00edscola: 4 casos. Origen social<\/p>\n\n\n\n<p>\u00b7 Pe\u00f1\u00edscola: 5 casos. Origen social<\/p>\n\n\n\n<p>\u00b7 Manises: 8 casos. \u00c1mbito educativo<\/p>\n\n\n\n<p>\u00b7 L&#8217;Olleria: 8 casos. \u00c1mbito educativo<\/p>\n\n\n\n<p>\u00b7 Benicarl\u00f3: 4 casos. Origen social<\/p>\n\n\n\n<p>\u00b7 Val\u00e8ncia: 7 casos. Origen social<\/p>\n\n\n\n<p>\u00b7 Benicarl\u00f3: 4 casos. Origen social<\/p>\n\n\n\n<p>\u00b7 Alboraya: 8 casos. Origen laboral<\/p>\n\n\n\n<p>\u00b7 Vinar\u00f2s: 3 casos. Origen social<\/p>\n\n\n\n<p>\u00b7 Manuel: 3 casos. \u00c1mbito educativo<\/p>\n\n\n\n<p>\u00b7 Val\u00e8ncia: 7 casos. Origen social<\/p>\n\n\n\n<p>\u00b7 Benicarl\u00f3: 3 casos. Origen social<\/p>\n\n\n\n<p>\u00b7 Calpe: 5 casos. Origen social<\/p>\n\n\n\n<p>\u00b7 J\u00e1vea: 5 casos. Origen social<\/p>\n\n\n\n<p>\u00b7 Ondara: 9 casos. Origen social<\/p>\n\n\n\n<p>\u00b7 D\u00e9nia: 6 casos. Origen social<\/p>\n\n\n\n<p>\u00b7 Ontinyent: 3 casos. \u00c1mbito educativo<\/p>\n\n\n\n<p>\u00b7 Vinar\u00f2s: 8 casos. \u00c1mbito educativo<\/p>\n","protected":false},"excerpt":{"rendered":"<div class=\"mh-excerpt\">Sanitat ha administrat ja 174.501 dosis de la vacuna contra el coronavirus Nous positius per prov\u00edncies: 518 a Castell\u00f3, 1.829 a Alacant, 2.472 a la prov\u00edncia de Val\u00e8ncia i 3 casos sense assignar La Comunitat <a class=\"mh-excerpt-more\" href=\"https:\/\/www.tucomarca.com\/wordpress\/segunda\/ca\/la-comunitat-valenciana-registra-4-822-nous-casos-de-coronavirus-i-109-defuncions-en-les-ultimes-24-hores\/\" title=\"La Comunitat Valenciana registra 4.822 nous casos de coronavirus i 109 defuncions en les \u00faltimes 24 hores\">[+] <\/a><\/div>\n","protected":false},"author":1,"featured_media":103136,"comment_status":"open","ping_status":"open","sticky":false,"template":"","format":"standard","meta":{"footnotes":""},"categories":[10983,10892,11010,11053,12202,10969,10898,10948,10963,10894,10904,10915,10902,10893,10903,10947,10908,10909,10896,10897,10927],"tags":[10899,11939,11940,11094,11077,10910],"class_list":{"0":"post-125702","1":"post","2":"type-post","3":"status-publish","4":"format-standard","5":"has-post-thumbnail","7":"category-algemesi-ca","8":"category-camp-de-turia-ca","9":"category-canal-salud","10":"category-carcer-ca","11":"category-covid-19-ca","12":"category-enguera-ca","13":"category-ventana-ca","14":"category-infraestructuras-ca","15":"category-la-canal-de-navarres-ca","16":"category-la-comarca-ca","17":"category-sin-categorizar-ca","18":"category-la-pobla-ca","19":"category-la-ribera-ca","20":"category-leliana-ca","21":"category-medio-ambiente-la-comarca-ca","22":"category-politica","23":"category-requena-ca","24":"category-requena-utiel-ca","25":"category-seccion-ca","26":"category-sucesos-la-comarca-ca","27":"category-vilamarxant-ca","28":"tag-camp-de-turia-ca","29":"tag-coronavirus-ca","30":"tag-covid-19-ca","31":"tag-la-canal-de-navarres","32":"tag-la-ribera-alta-ca","33":"tag-requena-utiel-ca"},"_links":{"self":[{"href":"https:\/\/www.tucomarca.com\/wordpress\/segunda\/ca\/wp-json\/wp\/v2\/posts\/125702","targetHints":{"allow":["GET"]}}],"collection":[{"href":"https:\/\/www.tucomarca.com\/wordpress\/segunda\/ca\/wp-json\/wp\/v2\/posts"}],"about":[{"href":"https:\/\/www.tucomarca.com\/wordpress\/segunda\/ca\/wp-json\/wp\/v2\/types\/post"}],"author":[{"embeddable":true,"href":"https:\/\/www.tucomarca.com\/wordpress\/segunda\/ca\/wp-json\/wp\/v2\/users\/1"}],"replies":[{"embeddable":true,"href":"https:\/\/www.tucomarca.com\/wordpress\/segunda\/ca\/wp-json\/wp\/v2\/comments?post=125702"}],"version-history":[{"count":0,"href":"https:\/\/www.tucomarca.com\/wordpress\/segunda\/ca\/wp-json\/wp\/v2\/posts\/125702\/revisions"}],"wp:featuredmedia":[{"embeddable":true,"href":"https:\/\/www.tucomarca.com\/wordpress\/segunda\/ca\/wp-json\/wp\/v2\/media\/103136"}],"wp:attachment":[{"href":"https:\/\/www.tucomarca.com\/wordpress\/segunda\/ca\/wp-json\/wp\/v2\/media?parent=125702"}],"wp:term":[{"taxonomy":"category","embeddable":true,"href":"https:\/\/www.tucomarca.com\/wordpress\/segunda\/ca\/wp-json\/wp\/v2\/categories?post=125702"},{"taxonomy":"post_tag","embeddable":true,"href":"https:\/\/www.tucomarca.com\/wordpress\/segunda\/ca\/wp-json\/wp\/v2\/tags?post=125702"}],"curies":[{"name":"wp","href":"https:\/\/api.w.org\/{rel}","templated":true}]}}