{"id":125726,"date":"2021-02-05T08:29:00","date_gmt":"2021-02-05T07:29:00","guid":{"rendered":"http:\/\/www.tucomarca.com\/wordpress\/segunda\/?p=125726"},"modified":"2021-02-05T13:57:57","modified_gmt":"2021-02-05T12:57:57","slug":"la-segona-mitat-de-la-campanya-citricola-valenciana-eleva-el-ritme-de-compres-i-els-preus-en-camp","status":"publish","type":"post","link":"https:\/\/www.tucomarca.com\/wordpress\/segunda\/ca\/la-segona-mitat-de-la-campanya-citricola-valenciana-eleva-el-ritme-de-compres-i-els-preus-en-camp\/","title":{"rendered":"La segona mitat de la campanya citr\u00edcola valenciana eleva el ritme de compres i els preus en camp"},"content":{"rendered":"\n<p>L&#8217;Associaci\u00f3 Valenciana d&#8217;Agricultors (AVA-ASAJA) constata que la campanya citr\u00edcola entra de ple en la seua segona mitat amb un increment tant en el ritme de compres com en els preus que perceben els productors. La principal causa d&#8217;esta millora es troba en un major equilibri entre l&#8217;oferta, prou curta i menor a la prevista a causa de les adversitats clim\u00e0tiques, i la demanda, l&#8217;evoluci\u00f3 de la qual \u00e9s creixent a causa del fred a Europa i de l&#8217;especial inter\u00e9s que desperta esta fruita entre els consumidors per a previndre refredats i virus com el Covid-19.<\/p>\n\n\n\n<p>AVA-ASAJA afig que, segons remarca en el seu \u00faltim butllet\u00ed setmanal la Llotja de C\u00edtrics de Val\u00e8ncia, l&#8217;inter\u00e9s se centra fonamentalment en el subgrup de taronges Navels tardanes -Navel Powell, Barnfield i Chislett (amb cotitzacions en origen que solen situar-se dins de l&#8217;agulla de ganxo 0,353-0,447 euros per kilovramo) i, en menor grau, Navel Lane Batega (0,282-0,376 euros per quilogram) &#8211; aix\u00ed com en el subgrup h\u00edbrids de mandarines, les quals majorit\u00e0riament compten amb un l\u00edmit de plantacions i un sistema de gesti\u00f3 comercial protegit -Tango, Nadorcott (0,611-0,851 euros per quilogram) i Orri (1-1,3 euros per quilogram) -. En moltes varietats, estes cotitzacions suposen un augment aproximat del 10% respecte a la campanya anterior per estes mateixes dates.<\/p>\n\n\n\n<p>El president d&#8217;AVA-ASAJA, Crist\u00f3bal Aguado, assegura que &#8220;la campanya ha donat un nou gir i deixa arrere els greus problemes de comercialitzaci\u00f3 que van copar algunes de les varietats m\u00e9s esteses com la taronja Navelina o la mandarina Clemenules. Ara els operadors comercials tornen a manifestar el seu viu inter\u00e9s per aprovisionar-se de suficients c\u00edtrics per a poder abastir als mercats durant els pr\u00f2xims mesos&#8221;.<\/p>\n\n\n\n<p>Aguado estima que &#8220;els factors objectius del mercat haurien de consolidar unes perspectives positives per al que resta de campanya. \u00c9s evident que l&#8217;oferta \u00e9s redu\u00efda, sobretot en les taronges tardanes, a causa de les abundants pluges de l&#8217;any passat i al vent de les \u00faltimes setmanes, si b\u00e9 cal ressaltar que la borrasca Filomena ha tingut en la citricultura valenciana uns efectes m\u00e9s limitats i puntuals que en altres zones productores. La demanda internacional no deixa de tirar i permet absorbir de manera fluida les produccions tant espanyoles com d&#8217;altres pa\u00efsos mediterranis&#8221;.<\/p>\n\n\n\n<p>De totes maneres, AVA-ASAJA exigix a les administracions que &#8220;no s&#8217;adormen en els llorers davant d&#8217;esta situaci\u00f3 conjuntural i avancen en mesures estructurals que seguixen pendents com l&#8217;establiment d&#8217;uns \u00edndexs de refer\u00e8ncia dels costos de producci\u00f3 aprofitant l&#8217;actual reforma de la Llei de la Cadena Aliment\u00e0ria, una aposta m\u00e9s decidida per la Llei d&#8217;Estructures Agr\u00e0ries, l&#8217;obligatorietat d&#8217;introduir la reciprocitat en els acords amb pa\u00efsos tercers o una millora de l&#8217;especialitzaci\u00f3 i la coordinaci\u00f3 dels controls fitosanitaris de la UE per a frenar l&#8217;entrada de plagues i malalties&#8221;.<\/p>\n\n\n\n<p>Luis Ib\u00e1\u00f1ez<\/p>\n","protected":false},"excerpt":{"rendered":"<div class=\"mh-excerpt\">L&#8217;Associaci\u00f3 Valenciana d&#8217;Agricultors (AVA-ASAJA) constata que la campanya citr\u00edcola entra de ple en la seua segona mitat amb un increment tant en el ritme de compres com en els preus que perceben els productors. La <a class=\"mh-excerpt-more\" href=\"https:\/\/www.tucomarca.com\/wordpress\/segunda\/ca\/la-segona-mitat-de-la-campanya-citricola-valenciana-eleva-el-ritme-de-compres-i-els-preus-en-camp\/\" title=\"La segona mitat de la campanya citr\u00edcola valenciana eleva el ritme de compres i els preus en camp\">[+] <\/a><\/div>\n","protected":false},"author":12,"featured_media":122830,"comment_status":"open","ping_status":"open","sticky":false,"template":"","format":"standard","meta":{"footnotes":""},"categories":[10905,10892,10898,10894,10904,10912,10902,10896],"tags":[11309,11924],"class_list":{"0":"post-125726","1":"post","2":"type-post","3":"status-publish","4":"format-standard","5":"has-post-thumbnail","7":"category-agricultura-la-comarca-ca","8":"category-camp-de-turia-ca","9":"category-ventana-ca","10":"category-la-comarca-ca","11":"category-sin-categorizar-ca","12":"category-la-hoya-ca","13":"category-la-ribera-ca","14":"category-seccion-ca","15":"tag-agricultura-ca","16":"tag-ava-asaja-ca"},"_links":{"self":[{"href":"https:\/\/www.tucomarca.com\/wordpress\/segunda\/ca\/wp-json\/wp\/v2\/posts\/125726","targetHints":{"allow":["GET"]}}],"collection":[{"href":"https:\/\/www.tucomarca.com\/wordpress\/segunda\/ca\/wp-json\/wp\/v2\/posts"}],"about":[{"href":"https:\/\/www.tucomarca.com\/wordpress\/segunda\/ca\/wp-json\/wp\/v2\/types\/post"}],"author":[{"embeddable":true,"href":"https:\/\/www.tucomarca.com\/wordpress\/segunda\/ca\/wp-json\/wp\/v2\/users\/12"}],"replies":[{"embeddable":true,"href":"https:\/\/www.tucomarca.com\/wordpress\/segunda\/ca\/wp-json\/wp\/v2\/comments?post=125726"}],"version-history":[{"count":0,"href":"https:\/\/www.tucomarca.com\/wordpress\/segunda\/ca\/wp-json\/wp\/v2\/posts\/125726\/revisions"}],"wp:featuredmedia":[{"embeddable":true,"href":"https:\/\/www.tucomarca.com\/wordpress\/segunda\/ca\/wp-json\/wp\/v2\/media\/122830"}],"wp:attachment":[{"href":"https:\/\/www.tucomarca.com\/wordpress\/segunda\/ca\/wp-json\/wp\/v2\/media?parent=125726"}],"wp:term":[{"taxonomy":"category","embeddable":true,"href":"https:\/\/www.tucomarca.com\/wordpress\/segunda\/ca\/wp-json\/wp\/v2\/categories?post=125726"},{"taxonomy":"post_tag","embeddable":true,"href":"https:\/\/www.tucomarca.com\/wordpress\/segunda\/ca\/wp-json\/wp\/v2\/tags?post=125726"}],"curies":[{"name":"wp","href":"https:\/\/api.w.org\/{rel}","templated":true}]}}