{"id":125776,"date":"2021-02-06T08:00:00","date_gmt":"2021-02-06T07:00:00","guid":{"rendered":"http:\/\/www.tucomarca.com\/wordpress\/segunda\/?p=125776"},"modified":"2021-02-06T11:10:36","modified_gmt":"2021-02-06T10:10:36","slug":"una-quinzena-de-bars-i-restaurants-de-leliana-ofereixen-el-servei-de-menjar-per-a-portar","status":"publish","type":"post","link":"https:\/\/www.tucomarca.com\/wordpress\/segunda\/ca\/una-quinzena-de-bars-i-restaurants-de-leliana-ofereixen-el-servei-de-menjar-per-a-portar\/","title":{"rendered":"Una quinzena de bars i restaurants de l&#8217;Eliana ofereixen el servei de menjar per a portar"},"content":{"rendered":"\n<p><strong><strong>ls establiments de la localitat donen a con\u00e9ixer la seua oferta gastron\u00f2mica a trav\u00e9s de la web de l&#8217;Ajuntament.<\/strong><\/strong><\/p>\n\n\n\n<p>L&#8217;Ajuntament de l&#8217;Eliana ha recopilat en el seu <a href=\"http:\/\/www.leliana.es\/va\/page\/menjar-casa\">web<\/a> l&#8217;oferta gastron\u00f2mica d&#8217;un total de 15 bars i restaurants de la localitat que ofereixen, durant aquestes setmanes de tancament, el servei de menjar per a portar distribu\u00eft en el propi local o per repartidors.<\/p>\n\n\n\n<p>D&#8217;aquesta manera, la ciutadania pot trobar en un sol colp de vista els diferents establiments d&#8217;hostaleria actius durant aquests dies, la seua carta, adre\u00e7a i n\u00famero de tel\u00e8fon per a realitzar la reserva de la seua comanda.<\/p>\n\n\n\n<p>Els hostalers i hostaleres que ofereixen aquest servei i encara no es promocionen en la web municipal poden fer-ho enviant a <a href=\"mailto:aedl@leliana.es\">aedl@leliana.es<\/a> totes les seues dades.&nbsp;<\/p>\n\n\n\n<p>L&#8217;edil de Promoci\u00f3 Econ\u00f2mica, Marta Andr\u00e9s, ha animat a elianers i elianeres a deixar que aquests dies \u201c<em>els nostres bars i restaurants cuinen per nosaltres i poder aix\u00ed continuar gaudint de l&#8217;alta qualitat de la cuina local<\/em>\u201d.<\/p>\n","protected":false},"excerpt":{"rendered":"<div class=\"mh-excerpt\">ls establiments de la localitat donen a con\u00e9ixer la seua oferta gastron\u00f2mica a trav\u00e9s de la web de l&#8217;Ajuntament. L&#8217;Ajuntament de l&#8217;Eliana ha recopilat en el seu web l&#8217;oferta gastron\u00f2mica d&#8217;un total de 15 bars <a class=\"mh-excerpt-more\" href=\"https:\/\/www.tucomarca.com\/wordpress\/segunda\/ca\/una-quinzena-de-bars-i-restaurants-de-leliana-ofereixen-el-servei-de-menjar-per-a-portar\/\" title=\"Una quinzena de bars i restaurants de l&#8217;Eliana ofereixen el servei de menjar per a portar\">[+] <\/a><\/div>\n","protected":false},"author":12,"featured_media":125775,"comment_status":"open","ping_status":"open","sticky":false,"template":"","format":"standard","meta":{"footnotes":""},"categories":[10892,10948,10894,10893,10947,10896],"tags":[10395,10433,13768],"class_list":{"0":"post-125776","1":"post","2":"type-post","3":"status-publish","4":"format-standard","5":"has-post-thumbnail","7":"category-camp-de-turia-ca","8":"category-infraestructuras-ca","9":"category-la-comarca-ca","10":"category-leliana-ca","11":"category-politica","12":"category-seccion-ca","13":"tag-camp-de-turia","14":"tag-leliana","15":"tag-promocion-economica"},"_links":{"self":[{"href":"https:\/\/www.tucomarca.com\/wordpress\/segunda\/ca\/wp-json\/wp\/v2\/posts\/125776","targetHints":{"allow":["GET"]}}],"collection":[{"href":"https:\/\/www.tucomarca.com\/wordpress\/segunda\/ca\/wp-json\/wp\/v2\/posts"}],"about":[{"href":"https:\/\/www.tucomarca.com\/wordpress\/segunda\/ca\/wp-json\/wp\/v2\/types\/post"}],"author":[{"embeddable":true,"href":"https:\/\/www.tucomarca.com\/wordpress\/segunda\/ca\/wp-json\/wp\/v2\/users\/12"}],"replies":[{"embeddable":true,"href":"https:\/\/www.tucomarca.com\/wordpress\/segunda\/ca\/wp-json\/wp\/v2\/comments?post=125776"}],"version-history":[{"count":0,"href":"https:\/\/www.tucomarca.com\/wordpress\/segunda\/ca\/wp-json\/wp\/v2\/posts\/125776\/revisions"}],"wp:featuredmedia":[{"embeddable":true,"href":"https:\/\/www.tucomarca.com\/wordpress\/segunda\/ca\/wp-json\/wp\/v2\/media\/125775"}],"wp:attachment":[{"href":"https:\/\/www.tucomarca.com\/wordpress\/segunda\/ca\/wp-json\/wp\/v2\/media?parent=125776"}],"wp:term":[{"taxonomy":"category","embeddable":true,"href":"https:\/\/www.tucomarca.com\/wordpress\/segunda\/ca\/wp-json\/wp\/v2\/categories?post=125776"},{"taxonomy":"post_tag","embeddable":true,"href":"https:\/\/www.tucomarca.com\/wordpress\/segunda\/ca\/wp-json\/wp\/v2\/tags?post=125776"}],"curies":[{"name":"wp","href":"https:\/\/api.w.org\/{rel}","templated":true}]}}