{"id":125909,"date":"2021-02-08T20:00:00","date_gmt":"2021-02-08T19:00:00","guid":{"rendered":"http:\/\/www.tucomarca.com\/wordpress\/segunda\/?p=125909"},"modified":"2021-02-08T22:45:41","modified_gmt":"2021-02-08T21:45:41","slug":"els-centres-educatius-de-xest-participen-en-tallers-ambientals-per-a-celebrar-el-dia-de-larbre","status":"publish","type":"post","link":"https:\/\/www.tucomarca.com\/wordpress\/segunda\/ca\/els-centres-educatius-de-xest-participen-en-tallers-ambientals-per-a-celebrar-el-dia-de-larbre\/","title":{"rendered":"Els centres educatius de Xest participen en tallers ambientals per a celebrar el Dia de l&#8217;arbre"},"content":{"rendered":"\n<h4 class=\"wp-block-heading\"><strong>Durant tota la setmana passada la regidoria de Medi Ambient va programar sessions de conscienciaci\u00f3 ambiental per a alumnat dels centres escolars de Cheste, del CEE Mare de D\u00e9u de l&#8217;Esperan\u00e7a i del CFPA, amb motiu de la celebraci\u00f3 del Dia de l&#8217;Arbre.<\/strong><\/h4>\n\n\n\n<p><strong><strong>Tallers mediambientals<\/strong><\/strong><\/p>\n\n\n\n<p>Un any m\u00e9s, des de la regidoria de Medi Ambient, amb la col\u00b7laboraci\u00f3 de les regidories d&#8217;Educaci\u00f3 i Serveis i de l&#8217;Associaci\u00f3 365 Sentits, s&#8217;han preparat tallers pr\u00e0ctics sobre la plantaci\u00f3 d&#8217;arbres, que s&#8217;han complementat amb explicacions sobre la flora aut\u00f2ctona local i la import\u00e0ncia de la vegetaci\u00f3 en els nuclis urbans. &#8220;El Medi Ambient \u00e9s un tema transversal que ha d&#8217;estar sempre present en l&#8217;educaci\u00f3&#8221;, explicava el regidor de Medi Ambient, David Pujals. &#8220;Amb aquests tallers l&#8217;alumnat dels centres pot con\u00e8ixer m\u00e9s sobre el medi natural que l&#8217;envolta i, a m\u00e9s, est\u00e0 en contacte amb el nostre equip t\u00e8cnic per resoldre qualsevol dubte pel que fa a la jardineria sostenible. En els tallers no nom\u00e9s han apr\u00e8s sobre les esp\u00e8cies aut\u00f2ctones, sin\u00f3 que tamb\u00e9 s&#8217;ha parlat de la import\u00e0ncia dels animals que ajuden a mantenir el control de plagues &#8220;.<\/p>\n\n\n\n<figure class=\"wp-block-gallery columns-1 is-cropped wp-block-gallery-1 is-layout-flex wp-block-gallery-is-layout-flex\"><ul class=\"blocks-gallery-grid\"><li class=\"blocks-gallery-item\"><figure><img loading=\"lazy\" decoding=\"async\" width=\"787\" height=\"525\" src=\"http:\/\/www.tucomarca.com\/wordpress\/segunda\/wp-content\/uploads\/2021\/02\/05ChesteDiaArbol.jpg\" alt=\"\" data-id=\"125904\" data-full-url=\"http:\/\/www.tucomarca.com\/wordpress\/segunda\/wp-content\/uploads\/2021\/02\/05ChesteDiaArbol.jpg\" data-link=\"http:\/\/www.tucomarca.com\/wordpress\/segunda\/?attachment_id=125904\" class=\"wp-image-125904\" srcset=\"https:\/\/www.tucomarca.com\/wordpress\/segunda\/wp-content\/uploads\/2021\/02\/05ChesteDiaArbol.jpg 787w, https:\/\/www.tucomarca.com\/wordpress\/segunda\/wp-content\/uploads\/2021\/02\/05ChesteDiaArbol-300x200.jpg 300w, https:\/\/www.tucomarca.com\/wordpress\/segunda\/wp-content\/uploads\/2021\/02\/05ChesteDiaArbol-768x512.jpg 768w\" sizes=\"auto, (max-width: 787px) 100vw, 787px\" \/><\/figure><\/li><\/ul><\/figure>\n\n\n\n<p>En aquesta edici\u00f3, la celebraci\u00f3 del Dia de l&#8217;Arbre ha estat una de les excepcions pel que fa a activitats fora de l&#8217;aula, a l&#8217;tractar-se d&#8217;un taller a l&#8217;aire lliure en qu\u00e8 es garantien les mesures de seguretat, ja que moltes de les que habitualment es realitzaven no s&#8217;han pogut programar a causa de la situaci\u00f3 de pand\u00e8mia. &#8220;Ens ho estem passant molt b\u00e9 i aprenent molt. Jo no sabia que tenim moltes plantes que s\u00f3n t\u00edpiques d&#8217;aquesta zona i cal protegir-les davant de les esp\u00e8cies invasores. A mi m&#8217;agrada molt la natura, viu al camp i fa poc vaig plantar patates i garroferes, aix\u00ed que estic segur que m&#8217;agradar\u00e0 l&#8217;activitat d&#8217;aquest taller&#8221;, destacava Gabriel Lliura, alumne de 4t d&#8217;al CEIP Blasco Ib\u00e1\u00f1ez, abans de dur a terme la plantaci\u00f3 del seu arbre. &#8220;M&#8217;encantaria que hi hagu\u00e9s un hort a l&#8217;escola per fer aix\u00f2 m\u00e9s vegades&#8221;.<\/p>\n\n\n\n<p>En aquesta l\u00ednia, el professorat participant va posar en valor el taller. &#8220;\u00c9s important incloure en el curr\u00edculum aquest tipus d&#8217;activitats en les que es d\u00f3na a con\u00e8ixer l&#8217;entorn natural m\u00e9s proper a l&#8217;alumnat, amb tasques manipulatives que els resulten molt atractives. Per a ells i elles aix\u00f2 \u00e9s motivador, es tracta d&#8217;un aprenentatge significatiu totalment vivencial &#8220;, apunta Alfonso Gonz\u00e1lez, un dels mestres. &#8220;Normalment la cura de el Medi Ambient \u00e9s un tema transversal, per\u00f2 sobretot se sol treballar durant la setmana cultural i puntualment s&#8217;aborden aquest tipus de continguts quan s&#8217;acosta la celebraci\u00f3 del Dia de l&#8217;Arbre o en l&#8217;assignatura de Ci\u00e8ncies Naturals. Abans hi havia un hort a l&#8217;escola, el que possibilitava tenir un contacte m\u00e9s gran, per\u00f2 ara, amb la situaci\u00f3 de pand\u00e8mia, aquest tipus d&#8217;activitats s\u00f3n menys viables &#8220;.<\/p>\n\n\n\n<p>Igualment, el regidor de Serveis, Jos\u00e9 Vicente Guijarro, ha subratllat la import\u00e0ncia que l&#8217;educaci\u00f3 mediambiental formi part de la formaci\u00f3 en l&#8217;etapa de la inf\u00e0ncia. &#8220;D&#8217;aquesta manera, tenint com a base que \u00e9s primordial cuidar l&#8217;entorn natural, i coneixent el paper que juguen els arbres al planeta i els perills de la desforestaci\u00f3, \u00e9s m\u00e9s f\u00e0cil que en un futur aquests nens i nenes siguin impulsors i impulsores de l&#8217; benestar dels arbres i apostin per la protecci\u00f3 de el Medi Ambient&#8221;, apuntava Guijarro.<\/p>\n\n\n\n<p>A l&#8217;acabar els tallers, l&#8217;alumnat participant va rebre l&#8217;obsequi d&#8217;una bossa de roba amb la la imatge de Xest Verd, amb la finalitat de conscienciar sobre la import\u00e0ncia de l&#8217;\u00fas de bosses reutilitzables en lloc de les sol \u00fas de pl\u00e0stic.<\/p>\n\n\n\n<p><strong>Plantaci\u00f3 d&#8217;<strong>arbratge<\/strong><\/strong><\/p>\n\n\n\n<figure class=\"wp-block-image size-large\"><img loading=\"lazy\" decoding=\"async\" width=\"787\" height=\"525\" src=\"http:\/\/www.tucomarca.com\/wordpress\/segunda\/wp-content\/uploads\/2021\/02\/07ChesteDiaArbol.jpg\" alt=\"\" class=\"wp-image-125900\" srcset=\"https:\/\/www.tucomarca.com\/wordpress\/segunda\/wp-content\/uploads\/2021\/02\/07ChesteDiaArbol.jpg 787w, https:\/\/www.tucomarca.com\/wordpress\/segunda\/wp-content\/uploads\/2021\/02\/07ChesteDiaArbol-300x200.jpg 300w, https:\/\/www.tucomarca.com\/wordpress\/segunda\/wp-content\/uploads\/2021\/02\/07ChesteDiaArbol-768x512.jpg 768w\" sizes=\"auto, (max-width: 787px) 100vw, 787px\" \/><\/figure>\n\n\n\n<p>Tal com ha explicat Pujals, aquest any s&#8217;han rebut nombroses esp\u00e8cies per part de Conselleria i tamb\u00e9 per part de Centre per a la Investigaci\u00f3 i Experimentaci\u00f3 Forestal (CIEF), que no nom\u00e9s s&#8217;han utilitzat en els tallers per als centres educatius, sin\u00f3 que aniran destinades a Parc de la Lomiquia ia altres punts de la localitat. &#8220;Normalment la Generalitat donava una gran quantitat d&#8217;arbres per celebrar el Dia de l&#8217;Arbre, per\u00f2 aquesta vegada hem sol\u00b7licitat directament el que s&#8217;anava a utilitzar, que han estat 400 arbres per fer l&#8217;activitat amb els centres educatius. D&#8217;altra banda, hem rebut del CIEF plantes aut\u00f2ctones que es van a utilitzar per a realitzar una activitat oberta a tota la poblaci\u00f3, que tindr\u00e0 lloc el proper dia 27 de febrer, amb la finalitat de reforestar la llera del riu, i arbres per plantar en diferents zones de la vila&#8221;, explicava el regidor.<\/p>\n","protected":false},"excerpt":{"rendered":"<div class=\"mh-excerpt\">Durant tota la setmana passada la regidoria de Medi Ambient va programar sessions de conscienciaci\u00f3 ambiental per a alumnat dels centres escolars de Cheste, del CEE Mare de D\u00e9u de l&#8217;Esperan\u00e7a i del CFPA, amb <a class=\"mh-excerpt-more\" href=\"https:\/\/www.tucomarca.com\/wordpress\/segunda\/ca\/els-centres-educatius-de-xest-participen-en-tallers-ambientals-per-a-celebrar-el-dia-de-larbre\/\" title=\"Els centres educatius de Xest participen en tallers ambientals per a celebrar el Dia de l&#8217;arbre\">[+] <\/a><\/div>\n","protected":false},"author":12,"featured_media":125907,"comment_status":"open","ping_status":"open","sticky":false,"template":"","format":"gallery","meta":{"footnotes":""},"categories":[10948,10894,10912,11004,10903,10947,10896,10974],"tags":[11071,13793,10914,12166],"class_list":{"0":"post-125909","1":"post","2":"type-post","3":"status-publish","4":"format-gallery","5":"has-post-thumbnail","7":"category-infraestructuras-ca","8":"category-la-comarca-ca","9":"category-la-hoya-ca","10":"category-la-semana-en-imagenes-ca","11":"category-medio-ambiente-la-comarca-ca","12":"category-politica","13":"category-seccion-ca","14":"category-cheste-ca","15":"tag-cheste","16":"tag-dia-del-arbol-ca","17":"tag-la-hoya-de-bunol-chiva-ca","18":"tag-medio-ambiente-ca","19":"post_format-post-format-gallery"},"_links":{"self":[{"href":"https:\/\/www.tucomarca.com\/wordpress\/segunda\/ca\/wp-json\/wp\/v2\/posts\/125909","targetHints":{"allow":["GET"]}}],"collection":[{"href":"https:\/\/www.tucomarca.com\/wordpress\/segunda\/ca\/wp-json\/wp\/v2\/posts"}],"about":[{"href":"https:\/\/www.tucomarca.com\/wordpress\/segunda\/ca\/wp-json\/wp\/v2\/types\/post"}],"author":[{"embeddable":true,"href":"https:\/\/www.tucomarca.com\/wordpress\/segunda\/ca\/wp-json\/wp\/v2\/users\/12"}],"replies":[{"embeddable":true,"href":"https:\/\/www.tucomarca.com\/wordpress\/segunda\/ca\/wp-json\/wp\/v2\/comments?post=125909"}],"version-history":[{"count":0,"href":"https:\/\/www.tucomarca.com\/wordpress\/segunda\/ca\/wp-json\/wp\/v2\/posts\/125909\/revisions"}],"wp:featuredmedia":[{"embeddable":true,"href":"https:\/\/www.tucomarca.com\/wordpress\/segunda\/ca\/wp-json\/wp\/v2\/media\/125907"}],"wp:attachment":[{"href":"https:\/\/www.tucomarca.com\/wordpress\/segunda\/ca\/wp-json\/wp\/v2\/media?parent=125909"}],"wp:term":[{"taxonomy":"category","embeddable":true,"href":"https:\/\/www.tucomarca.com\/wordpress\/segunda\/ca\/wp-json\/wp\/v2\/categories?post=125909"},{"taxonomy":"post_tag","embeddable":true,"href":"https:\/\/www.tucomarca.com\/wordpress\/segunda\/ca\/wp-json\/wp\/v2\/tags?post=125909"}],"curies":[{"name":"wp","href":"https:\/\/api.w.org\/{rel}","templated":true}]}}