{"id":125965,"date":"2021-02-08T09:45:00","date_gmt":"2021-02-08T08:45:00","guid":{"rendered":"http:\/\/www.tucomarca.com\/wordpress\/segunda\/?p=125965"},"modified":"2021-02-08T22:13:51","modified_gmt":"2021-02-08T21:13:51","slug":"benestar-social-de-bunyol-informa-de-les-ajudes-socials-per-a-despeses-familiars-a-persones-autonomes-en-situacio-de-tancament-i-treballadors-en-erte-o-aturats","status":"publish","type":"post","link":"https:\/\/www.tucomarca.com\/wordpress\/segunda\/ca\/benestar-social-de-bunyol-informa-de-les-ajudes-socials-per-a-despeses-familiars-a-persones-autonomes-en-situacio-de-tancament-i-treballadors-en-erte-o-aturats\/","title":{"rendered":"Benestar Social de Bunyol informa de les ajudes socials per a despeses familiars a persones aut\u00f2nomes en situaci\u00f3 de tancament i treballadors en ERTE o aturats"},"content":{"rendered":"\n<p>L&#8217;Ajuntament de Bunyol, a trav\u00e9s de la regidoria de Benestar Social, anuncia la posada en marxa d&#8217;ajudes socials per a despeses familiars destinades a pal\u00b7liar els greus perjudicis ocasionats pel tancament dels sectors recollits en la resoluci\u00f3 de la Conselleria de Sanitat Universal i Salut P\u00fablica de 19 de gener per la qual es va decretar el tancament de el sector de l&#8217;hostaleria i centres esportius fonamentalment.<br>Carles Xerri, responsable d&#8217;aquesta \u00e0rea al consistori bu\u00f1olense ha informat amb deteniment d&#8217;aquests ajuts:<\/p>\n\n\n\n<p>1- Objecte de les ajudes<\/p>\n\n\n\n<p>Ajudes socials destinades a sufragar despeses familiars i de l&#8217;habitatge per a treballadors i treballadores aut\u00f2noms en situaci\u00f3 de tancament total dels seus negocis. Aquests ajuts es concediran per fer front a l&#8217;manteniment i suport de la fam\u00edlia i l&#8217;habitatge, com ara:<br>-Pagament de lloguers, hipoteques, pagaments de subministraments b\u00e0sics energ\u00e8tics, aix\u00ed com l&#8217;adquisici\u00f3 d&#8217;aliments, productes sanitaris o altres d&#8217;an\u00e0logues caracter\u00edstiques.<\/p>\n\n\n\n<p>2- Import dels ajuts<\/p>\n\n\n\n<p>L&#8217;import d&#8217;aquests ajuts ser\u00e0 de 300 euros per sol\u00b7licitud, m\u00e9s 50 euros per cada membre de la unitat familiar. L&#8217;ajuda s&#8217;abonar\u00e0 mitjan\u00e7ant transfer\u00e8ncia banc\u00e0ria.<br>Exemple: Un aut\u00f2nom \/ a en el qual la unitat familiar o de conviv\u00e8ncia estigui composta \u00fanicament pel sol\u00b7licitant = 300 euros, i en el cas que hi hagi m\u00e9s membres l&#8217;ajuda s&#8217;incrementar\u00e0 en 50 euros per cada un dels membres, \u00e9s a dir , sol\u00b7licitant m\u00e9s una persona = 350 euros i aix\u00ed successivament.<\/p>\n\n\n\n<p>3-Beneficiaris de les ajudes<\/p>\n\n\n\n<p>Podran sol\u00b7licitar les ajudes els aut\u00f2noms i els treballadors i treballadores dels establiments que es trobin en situaci\u00f3 de tancament dels seus establiments com a conseq\u00fc\u00e8ncia de la resoluci\u00f3 de 19 de gener de 2021, de la Conselleria de Sanitat Universal i Salut P\u00fablica, per la qual es s&#8217;estableixen mesures excepcionals i addicionals en l&#8217;\u00e0mbit de la Comunitat Valenciana com a conseq\u00fc\u00e8ncia de l&#8217;agreujament de la situaci\u00f3 de crisi sanit\u00e0ria ocasionada per la COVID-19. \u00c9s a dir, tancats a partir de el 21 de gener de 2021, ia m\u00e9s compten amb un \u00fanic ingr\u00e9s derivat de l&#8217;activitat comercial o, en el cas de comptar amb m\u00e9s d&#8217;un ingr\u00e9s a la unitat familiar aquest no sigui suficient per fer front als despeses familiars i de l&#8217;habitatge.<\/p>\n\n\n\n<p>4- Sol\u00b7licituds<\/p>\n\n\n\n<p>Les persones interessades s&#8217;han de dirigir als Serveis Socials Municipals trucant per tel\u00e8fon per demanar cita pr\u00e8via a l&#8217;96 250 30 85 on s&#8217;informar\u00e0 de tota la documentaci\u00f3 a aportar i la forma de fer-ho per posteriorment presentar la sol\u00b7licitud per registre d&#8217;entrada a l&#8217;ajuntament de Bunyol en el model normalitzat. Aquestes ajudes podran sol\u00b7licitar a partir de dem\u00e0 dimarts 9 de febrer de 2021.<\/p>\n","protected":false},"excerpt":{"rendered":"<div class=\"mh-excerpt\">L&#8217;Ajuntament de Bunyol, a trav\u00e9s de la regidoria de Benestar Social, anuncia la posada en marxa d&#8217;ajudes socials per a despeses familiars destinades a pal\u00b7liar els greus perjudicis ocasionats pel tancament dels sectors recollits en <a class=\"mh-excerpt-more\" href=\"https:\/\/www.tucomarca.com\/wordpress\/segunda\/ca\/benestar-social-de-bunyol-informa-de-les-ajudes-socials-per-a-despeses-familiars-a-persones-autonomes-en-situacio-de-tancament-i-treballadors-en-erte-o-aturats\/\" title=\"Benestar Social de Bunyol informa de les ajudes socials per a despeses familiars a persones aut\u00f2nomes en situaci\u00f3 de tancament i treballadors en ERTE o aturats\">[+] <\/a><\/div>\n","protected":false},"author":12,"featured_media":105460,"comment_status":"open","ping_status":"open","sticky":false,"template":"","format":"standard","meta":{"footnotes":""},"categories":[10911,12202,10948,10894,10912,10947,10896,10897],"tags":[13760,10913,11939,11940,10914],"class_list":{"0":"post-125965","1":"post","2":"type-post","3":"status-publish","4":"format-standard","5":"has-post-thumbnail","7":"category-bunol-ca","8":"category-covid-19-ca","9":"category-infraestructuras-ca","10":"category-la-comarca-ca","11":"category-la-hoya-ca","12":"category-politica","13":"category-seccion-ca","14":"category-sucesos-la-comarca-ca","15":"tag-bienestar-social-ca","16":"tag-bunol-ca","17":"tag-coronavirus-ca","18":"tag-covid-19-ca","19":"tag-la-hoya-de-bunol-chiva-ca"},"_links":{"self":[{"href":"https:\/\/www.tucomarca.com\/wordpress\/segunda\/ca\/wp-json\/wp\/v2\/posts\/125965","targetHints":{"allow":["GET"]}}],"collection":[{"href":"https:\/\/www.tucomarca.com\/wordpress\/segunda\/ca\/wp-json\/wp\/v2\/posts"}],"about":[{"href":"https:\/\/www.tucomarca.com\/wordpress\/segunda\/ca\/wp-json\/wp\/v2\/types\/post"}],"author":[{"embeddable":true,"href":"https:\/\/www.tucomarca.com\/wordpress\/segunda\/ca\/wp-json\/wp\/v2\/users\/12"}],"replies":[{"embeddable":true,"href":"https:\/\/www.tucomarca.com\/wordpress\/segunda\/ca\/wp-json\/wp\/v2\/comments?post=125965"}],"version-history":[{"count":0,"href":"https:\/\/www.tucomarca.com\/wordpress\/segunda\/ca\/wp-json\/wp\/v2\/posts\/125965\/revisions"}],"wp:featuredmedia":[{"embeddable":true,"href":"https:\/\/www.tucomarca.com\/wordpress\/segunda\/ca\/wp-json\/wp\/v2\/media\/105460"}],"wp:attachment":[{"href":"https:\/\/www.tucomarca.com\/wordpress\/segunda\/ca\/wp-json\/wp\/v2\/media?parent=125965"}],"wp:term":[{"taxonomy":"category","embeddable":true,"href":"https:\/\/www.tucomarca.com\/wordpress\/segunda\/ca\/wp-json\/wp\/v2\/categories?post=125965"},{"taxonomy":"post_tag","embeddable":true,"href":"https:\/\/www.tucomarca.com\/wordpress\/segunda\/ca\/wp-json\/wp\/v2\/tags?post=125965"}],"curies":[{"name":"wp","href":"https:\/\/api.w.org\/{rel}","templated":true}]}}