{"id":125982,"date":"2021-02-08T19:30:00","date_gmt":"2021-02-08T18:30:00","guid":{"rendered":"http:\/\/www.tucomarca.com\/wordpress\/segunda\/?p=125982"},"modified":"2021-02-08T22:32:04","modified_gmt":"2021-02-08T21:32:04","slug":"la-comunitat-valenciana-registra-2-046-nous-casos-de-coronavirus-55-morts-i-8-988-altes","status":"publish","type":"post","link":"https:\/\/www.tucomarca.com\/wordpress\/segunda\/ca\/la-comunitat-valenciana-registra-2-046-nous-casos-de-coronavirus-55-morts-i-8-988-altes\/","title":{"rendered":"La Comunitat Valenciana registra 2.046 nous casos de coronavirus, 55 morts i 8.988 altes"},"content":{"rendered":"\n<p><strong>Sanitat ha administrat ja 192.913 dosis de la vacuna contra el coronavirus<\/strong><\/p>\n\n\n\n<p><strong>Distribuci\u00f3 de nous positius per prov\u00edncies: 178 a Castell\u00f3, 1.256 a Alacant i 612 a la prov\u00edncia de Val\u00e8ncia<\/strong><\/p>\n\n\n\n<p>La Comunitat Valenciana ha administrat un total de 192.913 dosis de la vacuna contra el coronavirus. Per prov\u00edncies, s&#8217;han distribu\u00eft 25.806 a la Castell\u00f3, 72.714 a Alacant i 94.393 a la de Val\u00e8ncia. Han rebut les dues dosis de la vacuna 84.299 persones.<\/p>\n\n\n\n<p>Por otro lado, se han registrado 2.046 casos nuevos casos de coronavirus confirmados por prueba PCR o a trav\u00e9s de test de ant\u00edgenos desde la \u00faltima actualizaci\u00f3n, que sit\u00faan la cifra total de positivos en 348.192 personas. Por provincias, la distribuci\u00f3n de nuevos positivos es la siguiente: 178 en Castell\u00f3n (35.410 en total), 1.256 en Alicante (131.186 en total) y 612 en la provincia de Valencia (181.587 en total). Adem\u00e1s, se han reasignado 22 casos, por lo que el total asciende de casos sin asignar son 9.<\/p>\n\n\n\n<p>Tambi\u00e9n se han registrado 55 fallecimientos por coronavirus desde la \u00faltima actualizaci\u00f3n, por lo que el total de defunciones desde el inicio de la pandemia es de 5.478 personas: 655 en la provincia de Castell\u00f3n, 2.015 en la de Alicante y 2.808 en la de Valencia.<\/p>\n\n\n\n<p>Los hospitales valencianos tienen, actualmente, 3.547 personas ingresadas: 348 en la provincia de Castell\u00f3n, con 58 pacientes en UCI; 1.411 en la provincia de Alicante, 234 de ellos en la UCI, y 1.788 en la provincia de Valencia, 356 de ellos en UCI.&nbsp;<\/p>\n\n\n\n<p>Adem\u00e1s, desde la \u00faltima actualizaci\u00f3n se han registrado 8.988 altas a pacientes con coronavirus. De esta forma, ya son 299.704 personas en la Comunitat Valenciana las que han superado la enfermedad desde que comenz\u00f3 la pandemia. Por provincias, las altas se distribuyen del siguiente modo: 30.984 en Castell\u00f3n, 110.708 en Alicante y 157.953 en Valencia, adem\u00e1s de 59 no asignadas.&nbsp;<\/p>\n\n\n\n<p>De acuerdo con los datos registrados, en estos momentos hay 54.490 casos activos, lo que supone un 15,15% del total de positivos.<\/p>\n\n\n\n<p><strong>Actualizaci\u00f3n de la situaci\u00f3n en residencias<\/strong><\/p>\n\n\n\n<p>Desde la \u00faltima actualizaci\u00f3n, hay alg\u00fan caso positivo en 169 residencias de mayores (16 en la provincia de Castell\u00f3n, 57 en la provincia de Alicante y 96 en la provincia de Valencia), 39 centros de diversidad funcional (2 en la provincia de Castell\u00f3n, 11 en la provincia de Alicante y 26 en la provincia de Valencia) y 9 centros de menores (5 en la provincia de Alicante y 4 en la provincia de Valencia).<\/p>\n\n\n\n<p>\u00b7 Residentes nuevos positivos: 192<\/p>\n\n\n\n<p>\u00b7 Trabajadores y trabajadoras nuevos positivos: 80<\/p>\n\n\n\n<p>\u00b7 Residentes que han fallecido: 29<\/p>\n\n\n\n<p>Actualmente, se encuentran bajo vigilancia activa de control sanitario 69 residencias en la Comunitat Valenciana: 9 en la provincia de Castell\u00f3n, 24 en la provincia de Alicante y 36 en la provincia de Valencia.<\/p>\n\n\n\n<p><strong>Actualizaci\u00f3n brotes de coronavirus<\/strong><\/p>\n\n\n\n<p>Se han registrado 29 brotes desde la \u00faltima actualizaci\u00f3n. Por provincias: 2 en Castell\u00f3n; 4 en Alicante y 23 en la provincia de Valencia.<\/p>\n\n\n\n<p>\u00b7 Benaguasil: 6 casos. Origen social<\/p>\n\n\n\n<p>\u00b7 Bigastro: 6 casos. Origen social<\/p>\n\n\n\n<p>\u00b7 Ll\u00edria: 6 casos. Origen social<\/p>\n\n\n\n<p>\u00b7 Val\u00e8ncia: 6 casos. Origen social<\/p>\n\n\n\n<p>\u00b7 Cinctorres: 6 casos. Origen social<\/p>\n\n\n\n<p>\u00b7 Canet lo Roig: 6 casos. Origen social<\/p>\n\n\n\n<p>\u00b7 Requena: 6 casos. Origen social<\/p>\n\n\n\n<p>\u00b7 Val\u00e8ncia: 6 casos. Origen social<\/p>\n\n\n\n<p>\u00b7 Utiel: 6 casos. Origen social<\/p>\n\n\n\n<p>\u00b7 Requena: 6 casos. Origen social<\/p>\n\n\n\n<p>\u00b7 Utiel: 6 casos. Origen social<\/p>\n\n\n\n<p>\u00b7 La Pobla de Vallbona: 6 casos. Origen social<\/p>\n\n\n\n<p>\u00b7 Val\u00e8ncia: 6 casos. Origen social<\/p>\n\n\n\n<p>\u00b7 Requena: 6 casos. Origen social<\/p>\n\n\n\n<p>\u00b7 Val\u00e8ncia: 6 casos. Origen social<\/p>\n\n\n\n<p>\u00b7 Requena: 6 casos. Origen social<\/p>\n\n\n\n<p>\u00b7 Massalfassar: 6 casos. Origen social<\/p>\n\n\n\n<p>\u00b7 Val\u00e8ncia: 6 casos. Origen social<\/p>\n\n\n\n<p>\u00b7 Val\u00e8ncia: 6 casos. Origen social<\/p>\n\n\n\n<p>\u00b7 Requena: 6 casos. Origen social<\/p>\n\n\n\n<p>\u00b7 Val\u00e8ncia: 3 casos. \u00c1mbito educativo<\/p>\n\n\n\n<p>\u00b7 Val\u00e8ncia: 4 casos. Origen social<\/p>\n\n\n\n<p>\u00b7 Val\u00e8ncia: 3 casos. \u00c1mbito educativo<\/p>\n\n\n\n<p>\u00b7 Val\u00e8ncia: 4 casos. Origen social<\/p>\n\n\n\n<p>\u00b7 Val\u00e8ncia: 6 casos. \u00c1mbito educativo<\/p>\n\n\n\n<p>\u00b7 Alicante: 3 casos. \u00c1mbito educativo<\/p>\n\n\n\n<p>\u00b7 Gandia: 3 casos. Origen social<\/p>\n\n\n\n<p>\u00b7 Finestrat: 9 casos. Origen laboral<\/p>\n\n\n\n<p>\u00b7 Benidorm: 22 casos. Origen laboral<\/p>\n","protected":false},"excerpt":{"rendered":"<div class=\"mh-excerpt\">Sanitat ha administrat ja 192.913 dosis de la vacuna contra el coronavirus Distribuci\u00f3 de nous positius per prov\u00edncies: 178 a Castell\u00f3, 1.256 a Alacant i 612 a la prov\u00edncia de Val\u00e8ncia La Comunitat Valenciana ha <a class=\"mh-excerpt-more\" href=\"https:\/\/www.tucomarca.com\/wordpress\/segunda\/ca\/la-comunitat-valenciana-registra-2-046-nous-casos-de-coronavirus-55-morts-i-8-988-altes\/\" title=\"La Comunitat Valenciana registra 2.046 nous casos de coronavirus, 55 morts i 8.988 altes\">[+] <\/a><\/div>\n","protected":false},"author":1,"featured_media":105720,"comment_status":"open","ping_status":"open","sticky":false,"template":"","format":"standard","meta":{"footnotes":""},"categories":[10952,10892,10898,10904,10915,10928,10908,10909],"tags":[10899,11939,11940,10910],"class_list":{"0":"post-125982","1":"post","2":"type-post","3":"status-publish","4":"format-standard","5":"has-post-thumbnail","7":"category-benaguasil-ca","8":"category-camp-de-turia-ca","9":"category-ventana-ca","10":"category-sin-categorizar-ca","11":"category-la-pobla-ca","12":"category-lliria-ca","13":"category-requena-ca","14":"category-requena-utiel-ca","15":"tag-camp-de-turia-ca","16":"tag-coronavirus-ca","17":"tag-covid-19-ca","18":"tag-requena-utiel-ca"},"_links":{"self":[{"href":"https:\/\/www.tucomarca.com\/wordpress\/segunda\/ca\/wp-json\/wp\/v2\/posts\/125982","targetHints":{"allow":["GET"]}}],"collection":[{"href":"https:\/\/www.tucomarca.com\/wordpress\/segunda\/ca\/wp-json\/wp\/v2\/posts"}],"about":[{"href":"https:\/\/www.tucomarca.com\/wordpress\/segunda\/ca\/wp-json\/wp\/v2\/types\/post"}],"author":[{"embeddable":true,"href":"https:\/\/www.tucomarca.com\/wordpress\/segunda\/ca\/wp-json\/wp\/v2\/users\/1"}],"replies":[{"embeddable":true,"href":"https:\/\/www.tucomarca.com\/wordpress\/segunda\/ca\/wp-json\/wp\/v2\/comments?post=125982"}],"version-history":[{"count":0,"href":"https:\/\/www.tucomarca.com\/wordpress\/segunda\/ca\/wp-json\/wp\/v2\/posts\/125982\/revisions"}],"wp:featuredmedia":[{"embeddable":true,"href":"https:\/\/www.tucomarca.com\/wordpress\/segunda\/ca\/wp-json\/wp\/v2\/media\/105720"}],"wp:attachment":[{"href":"https:\/\/www.tucomarca.com\/wordpress\/segunda\/ca\/wp-json\/wp\/v2\/media?parent=125982"}],"wp:term":[{"taxonomy":"category","embeddable":true,"href":"https:\/\/www.tucomarca.com\/wordpress\/segunda\/ca\/wp-json\/wp\/v2\/categories?post=125982"},{"taxonomy":"post_tag","embeddable":true,"href":"https:\/\/www.tucomarca.com\/wordpress\/segunda\/ca\/wp-json\/wp\/v2\/tags?post=125982"}],"curies":[{"name":"wp","href":"https:\/\/api.w.org\/{rel}","templated":true}]}}