{"id":126096,"date":"2021-02-09T20:00:00","date_gmt":"2021-02-09T19:00:00","guid":{"rendered":"http:\/\/www.tucomarca.com\/wordpress\/segunda\/?p=126096"},"modified":"2021-02-09T22:05:44","modified_gmt":"2021-02-09T21:05:44","slug":"la-comunitat-valenciana-registra-4-310-nous-casos-de-coronavirus-7-565-altes-i-104-defuncions","status":"publish","type":"post","link":"https:\/\/www.tucomarca.com\/wordpress\/segunda\/ca\/la-comunitat-valenciana-registra-4-310-nous-casos-de-coronavirus-7-565-altes-i-104-defuncions\/","title":{"rendered":"La Comunitat Valenciana registra 4.310 nous casos de coronavirus, 7.565 altes i 104 defuncions"},"content":{"rendered":"\n<h4 class=\"wp-block-heading\">Sanitat ha administrat ja 198.579 dosis de la vacuna contra el coronavirus<\/h4>\n\n\n\n<h4 class=\"wp-block-heading\">Nous positius per prov\u00edncies: 606 a Castell\u00f3, 1.658 a Alacant, 2.046 a la prov\u00edncia de Val\u00e8ncia<\/h4>\n\n\n\n<p>La Comunitat Valenciana ha administrat un total de 198.579 dosis de la vacuna contra el coronavirus. Per prov\u00edncies, 26.971 a Castell\u00f3, 74.378 a Alacant i 97.230 a Val\u00e8ncia. Han rebut les dues dosis de la vacuna 88.412 persones.<\/p>\n\n\n\n<p>D&#8217;altra banda, s&#8217;han registrat 4.310 casos nous de coronavirus confirmats per prova PCR o mitjan\u00e7ant test d&#8217;ant\u00edgens des de l&#8217;\u00faltima actualitzaci\u00f3, que situen la xifra total de positius en 352.502 persones.<\/p>\n\n\n\n<p>Per prov\u00edncies, la distribuci\u00f3 de nous positius \u00e9s la seg\u00fcent: 606 a Castell\u00f3 (36.016 en total), 1.658 a Alacant (132.844 en total) i 2.046 a la prov\u00edncia de Val\u00e8ncia (183.365 en total). A m\u00e9s, s&#8217;han reassignat dos casos, per la qual cosa el total de casos sense assignar son 7.<\/p>\n\n\n\n<p>Tamb\u00e9 s&#8217;han registrat 104 defuncions per coronavirus des de l&#8217;\u00faltima actualitzaci\u00f3, de manera que el total de defuncions des de l&#8217;inici de la pand\u00e8mia \u00e9s de 5.582 persones: 666 a la prov\u00edncia de Castell\u00f3, 2.064 a la d&#8217;Alacant i 2.852 a la de Val\u00e8ncia.<\/p>\n\n\n\n<p>Els hospitals valencians tenen, actualment, 3.235 persones ingressades: 337 a la prov\u00edncia de Castell\u00f3, amb 53 pacients en UCI; 1.299 a la prov\u00edncia d&#8217;Alacant, 232 d&#8217;ells a l&#8217;UCI; i 1.599 a la prov\u00edncia de Val\u00e8ncia, 317 d&#8217;ells a UCI.<\/p>\n\n\n\n<p>A m\u00e9s, des de l&#8217;\u00faltima actualitzaci\u00f3 s&#8217;han registrat 7.565 altes a pacients amb coronavirus. D&#8217;aquesta manera, ja s\u00f3n 307.269 persones a la Comunitat Valenciana les que han superat la malaltia des que va comen\u00e7ar la pand\u00e8mia. Per prov\u00edncies, les altes es distribueixen de la seg\u00fcent manera: 31.677 a Castell\u00f3, 113.971 a Alacant i 161.562 a Val\u00e8ncia, a m\u00e9s de 59 no assignades.<\/p>\n\n\n\n<p>D&#8217;acord amb les dades registrades, a hores d&#8217;ara hi ha 51.129 casos actius, la qual cosa suposa un 14,05% el total de positius.<\/p>\n\n\n\n<p><strong>Actualitzaci\u00f3 de la situaci\u00f3 en resid\u00e8ncies<\/strong><\/p>\n\n\n\n<p>Des de l&#8217;\u00faltima actualitzaci\u00f3, hi ha algun cas positiu en 168 resid\u00e8ncies de gent gran (16 a la prov\u00edncia de Castell\u00f3, 56 a la prov\u00edncia d&#8217;Alacant i 96 a la prov\u00edncia de Val\u00e8ncia), 40 centres de diversitat funcional (2 a la prov\u00edncia de Castell\u00f3, 11 a la prov\u00edncia d&#8217;Alacant i 27 a la prov\u00edncia de Val\u00e8ncia) i 8 centres de menors (5 a la prov\u00edncia d&#8217;Alacant i 3 a la prov\u00edncia de Val\u00e8ncia).<\/p>\n\n\n\n<ul class=\"wp-block-list\"><li>Residents nous positius: 19<\/li><li>Treballadors i treballadores nous positius: 6<\/li><li>Residents que han mort: 38<\/li><\/ul>\n\n\n\n<p>Actualment, es troben sota vigil\u00e0ncia activa de control sanitari 69 resid\u00e8ncies a la Comunitat Valenciana: 9 a la prov\u00edncia de Castell\u00f3, 24 a la prov\u00edncia d&#8217;Alacant i 36 a la prov\u00edncia de Val\u00e8ncia.<\/p>\n\n\n\n<p><strong>Actualitzaci\u00f3 brots de coronavirus<\/strong><\/p>\n\n\n\n<p>S&#8217;han registrat 70 brots des de l&#8217;\u00faltima actualitzaci\u00f3. Per prov\u00edncies: 6 a Castell\u00f3; 24 a Alacant i 40 a la prov\u00edncia de Val\u00e8ncia.<\/p>\n\n\n\n<ul class=\"wp-block-list\"><li>Val\u00e8ncia: 3 casos. Origen social<\/li><li>Genov\u00e9s: 6 casos. Origen social<\/li><li>Sagunto: 4 casos. Origen social<\/li><li>Onil: 3 casos. \u00c1mbito educativo<\/li><li>San Miguel de Salinas: 3 casos. \u00c1mbito educativo<\/li><li>Concentaina: 5 casos. \u00c1mbito educativo<\/li><li>T\u00e1rbena: 5 casos. Origen social<\/li><li>Rafelguaraf: 6 casos. Origen social<\/li><li>Torrevieja: 3 casos. \u00c1mbito educativo<\/li><li>Pe\u00f1\u00edscola: 3 casos. Origen social<\/li><li>Albatera: 6 casos. \u00c1mbito educativo<\/li><li>Val\u00e8ncia: 4 casos. Origen social<\/li><li>Vinar\u00f2s: 4 casos. Origen social<\/li><li>Torrevieja: 3 casos. Origen social<\/li><li>Pego: 3 casos. Origen social<\/li><li>Castell\u00f3: 5 casos. \u00c1mbito educativo<\/li><li>Finestrat: 4 casos. Origen social<\/li><li>Ibi: 4 casos. \u00c1mbito educativo<\/li><li>Orihuela: 5 casos. \u00c1mbito educativo<\/li><li>Orihuela: 7 casos. \u00c1mbito educativo<\/li><li>Quesa: 5 casos. Origen social<\/li><li>Benidorm: 9 casos. Origen social<\/li><li>Los Montesinos: 4 casos. \u00c1mbito educativo<\/li><li>La Font de la Figuera: 6 casos. Origen social<\/li><li>Vinar\u00f2s: 4 casos. Origen social<\/li><li>Bej\u00eds: 3 casos. Origen social<\/li><li>Altea: 4 casos. Origen social<\/li><li>Albaida: 6 casos. Origen social<\/li><li>Villajojoyosa: 9 casos. Origen social<\/li><li>Sagunto: 4 casos. Origen social<\/li><li>Chera: 5 casos. Origen social<\/li><li>Alboraya: 6 casos. Origen social<\/li><li>Requena: 5 casos. Origen social<\/li><li>Val\u00e8ncia: 5 casos. Origen social<\/li><li>Val\u00e8ncia: 4 casos. \u00c1mbito educativo<\/li><li>Val\u00e8ncia: 4 casos. Origen social<\/li><li>Val\u00e8ncia: 4 casos. \u00c1mbito educativo<\/li><li>Altea: 4 casos. Origen social<\/li><li>Callosa d&#8217;en Sarri\u00e0. 3 casos. Origen social<\/li><li>Castalla: 3 casos. \u00c1mbito educativo<\/li><li>Val\u00e8ncia: 6 casos. Origen social<\/li><li>Val\u00e8ncia: 4 casos. Origen social<\/li><li>La Nucia: 8 casos. Origen social<\/li><li>Pedreguer: 4 casos. Origen social<\/li><li>Callosa d&#8217;en Sarri\u00e0. 7 casos. Origen social<\/li><li>Cheste: 3 casos. \u00c1mbito educativo<\/li><li>Moncofa: 14 casos. \u00c1mbito educativo<\/li><li>Polop: 3 casos. Origen social<\/li><li>Val\u00e8ncia: 3 casos: \u00c1mbito educativo<\/li><li>Alicante: 5 casos. Origen social<\/li><li>Alzira: 4 casos. Origen laboral<\/li><li>Albal: 6 casos. Origen laboral<\/li><li>Guadass\u00e9quies: 5 casos. \u00c1mbito educativo<\/li><li>Alzira: 4 casos. Origen social<\/li><li>Carcaixent: 4 casos. Origen social<\/li><li>L&#8217;Alcora: 4 casos. \u00c1mbito educativo<\/li><li>Val\u00e8ncia: 5 casos. Origen social<\/li><li>Albalat de la Ribera: 6 casos. Origen social<\/li><li>Val\u00e8ncia: 12 casos. \u00c1mbito educativo<\/li><li>Pu\u00e7ol: 4 casos. Origen laboral<\/li><li>Almussafes: 7 casos. Origen social<\/li><li>Sagunto: 5 casos. Origen laboral<\/li><li>Albal: 4 casos. Origen social<\/li><li>Val\u00e8ncia: 3 casos. Origen social<\/li><li>Val\u00e8ncia: 4 casos. Origen social<\/li><li>Alzira: 4 casos. Origen social<\/li><li>Val\u00e8ncia: 5 casos. Origen social<\/li><li>Val\u00e8ncia: 4 casos. Origen social<\/li><li>Catadau: 3 casos. Origen social<\/li><li>Algemes\u00ed: 5 casos: Origen social<\/li><\/ul>\n","protected":false},"excerpt":{"rendered":"<div class=\"mh-excerpt\">Sanitat ha administrat ja 198.579 dosis de la vacuna contra el coronavirus Nous positius per prov\u00edncies: 606 a Castell\u00f3, 1.658 a Alacant, 2.046 a la prov\u00edncia de Val\u00e8ncia La Comunitat Valenciana ha administrat un total <a class=\"mh-excerpt-more\" href=\"https:\/\/www.tucomarca.com\/wordpress\/segunda\/ca\/la-comunitat-valenciana-registra-4-310-nous-casos-de-coronavirus-7-565-altes-i-104-defuncions\/\" title=\"La Comunitat Valenciana registra 4.310 nous casos de coronavirus, 7.565 altes i 104 defuncions\">[+] <\/a><\/div>\n","protected":false},"author":12,"featured_media":126095,"comment_status":"open","ping_status":"open","sticky":false,"template":"","format":"standard","meta":{"footnotes":""},"categories":[10983,10889,11010,10991,12202,11046,10898,10948,10894,10904,10902,10947,10908,10909,10896,10897,11037],"tags":[12165,11939,11940,13563],"class_list":{"0":"post-126096","1":"post","2":"type-post","3":"status-publish","4":"format-standard","5":"has-post-thumbnail","7":"category-algemesi-ca","8":"category-alzira-cat","9":"category-canal-salud","10":"category-catadau-ca","11":"category-covid-19-ca","12":"category-los-serranos-ca","13":"category-ventana-ca","14":"category-infraestructuras-ca","15":"category-la-comarca-ca","16":"category-sin-categorizar-ca","17":"category-la-ribera-ca","18":"category-politica","19":"category-requena-ca","20":"category-requena-utiel-ca","21":"category-seccion-ca","22":"category-sucesos-la-comarca-ca","23":"category-chera-los-serranos-ca","24":"tag-conselleria-de-sanitat-ca","25":"tag-coronavirus-ca","26":"tag-covid-19-ca","27":"tag-datos-contagio-ca"},"_links":{"self":[{"href":"https:\/\/www.tucomarca.com\/wordpress\/segunda\/ca\/wp-json\/wp\/v2\/posts\/126096","targetHints":{"allow":["GET"]}}],"collection":[{"href":"https:\/\/www.tucomarca.com\/wordpress\/segunda\/ca\/wp-json\/wp\/v2\/posts"}],"about":[{"href":"https:\/\/www.tucomarca.com\/wordpress\/segunda\/ca\/wp-json\/wp\/v2\/types\/post"}],"author":[{"embeddable":true,"href":"https:\/\/www.tucomarca.com\/wordpress\/segunda\/ca\/wp-json\/wp\/v2\/users\/12"}],"replies":[{"embeddable":true,"href":"https:\/\/www.tucomarca.com\/wordpress\/segunda\/ca\/wp-json\/wp\/v2\/comments?post=126096"}],"version-history":[{"count":0,"href":"https:\/\/www.tucomarca.com\/wordpress\/segunda\/ca\/wp-json\/wp\/v2\/posts\/126096\/revisions"}],"wp:featuredmedia":[{"embeddable":true,"href":"https:\/\/www.tucomarca.com\/wordpress\/segunda\/ca\/wp-json\/wp\/v2\/media\/126095"}],"wp:attachment":[{"href":"https:\/\/www.tucomarca.com\/wordpress\/segunda\/ca\/wp-json\/wp\/v2\/media?parent=126096"}],"wp:term":[{"taxonomy":"category","embeddable":true,"href":"https:\/\/www.tucomarca.com\/wordpress\/segunda\/ca\/wp-json\/wp\/v2\/categories?post=126096"},{"taxonomy":"post_tag","embeddable":true,"href":"https:\/\/www.tucomarca.com\/wordpress\/segunda\/ca\/wp-json\/wp\/v2\/tags?post=126096"}],"curies":[{"name":"wp","href":"https:\/\/api.w.org\/{rel}","templated":true}]}}