{"id":126254,"date":"2021-02-12T18:00:00","date_gmt":"2021-02-12T17:00:00","guid":{"rendered":"http:\/\/www.tucomarca.com\/wordpress\/segunda\/?p=126254"},"modified":"2021-02-13T00:53:31","modified_gmt":"2021-02-12T23:53:31","slug":"la-comunitat-valenciana-registra-2-205-nous-casos-de-coronavirus-6-757-altes-i-91-defuncions","status":"publish","type":"post","link":"https:\/\/www.tucomarca.com\/wordpress\/segunda\/ca\/la-comunitat-valenciana-registra-2-205-nous-casos-de-coronavirus-6-757-altes-i-91-defuncions\/","title":{"rendered":"La Comunitat Valenciana registra 2.205 nous casos de coronavirus, 6.757 altes i 91 defuncions"},"content":{"rendered":"\n<h4 class=\"wp-block-heading\"><strong>Sanitat ha administrat ja 216.885 dosi de la vacuna contra el coronavirus<\/strong><\/h4>\n\n\n\n<h4 class=\"wp-block-heading\"><strong>Nous positius per prov\u00edncies: 217 a Castell\u00f3, 722 a Alacant i 1.266 en la prov\u00edncia de Val\u00e8ncia<\/strong><\/h4>\n\n\n\n<p>La Comunitat Valenciana ha administrat un total de 216.885 dosis de la vacuna contra el coronavirus. Per prov\u00edncies, 28.964 a Castell\u00f3, 80.043 a Alacant i 107.878 a Val\u00e8ncia. Han rebut les dues dosis de la vacuna 93.612 persones.<\/p>\n\n\n\n<p>D&#8217;altra banda, s&#8217;han registrat 2.205 casos nous de coronavirus confirmats per prova PCR o mitjan\u00e7ant test d&#8217;ant\u00edgens des de l&#8217;\u00faltima actualitzaci\u00f3, que situen la xifra total de positius en 360.649 persones. Per prov\u00edncies, la distribuci\u00f3 de nous positius \u00e9s la seg\u00fcent: 217 a Castell\u00f3 (36.763 en total), 722 a Alacant (135.697 en total) i 1.266 a la prov\u00edncia de Val\u00e8ncia (188.187 en total). A m\u00e9s, el total de casos sense assignar en tota la Comunitat Valenciana puja a 2.<\/p>\n\n\n\n<p>Des de l&#8217;\u00faltima actualitzaci\u00f3 s&#8217;han registrat 6.757 altes a pacients amb coronavirus. D&#8217;aquesta manera, ja s\u00f3n 328.849 persones a la Comunitat Valenciana les que han superat la malaltia des que va comen\u00e7ar la pand\u00e8mia. Per prov\u00edncies, les altes es distribueixen de la seg\u00fcent manera: 33.702 a Castell\u00f3, 122.560 a Alacant i 172.529 a Val\u00e8ncia, a m\u00e9s de 58 no assignades.<\/p>\n\n\n\n<p>Els hospitals valencians tenen, actualment, 2.598 persones ingressades: 270 a la prov\u00edncia de Castell\u00f3, amb 47 pacients en UCI; 1.070 a la prov\u00edncia d&#8217;Alacant, 202 d&#8217;ells a l&#8217;UCI; i 1.258 a la prov\u00edncia de Val\u00e8ncia, 281 d&#8217;ells a UCI.<\/p>\n\n\n\n<p>A m\u00e9s, s&#8217;han registrat 91 morts per coronavirus des de l&#8217;\u00faltima actualitzaci\u00f3, de manera que el total de defuncions des de l&#8217;inici de la pand\u00e8mia \u00e9s de 5.887 persones: 682 a la prov\u00edncia de Castell\u00f3, 2.199 a la d&#8217;Alacant i 3.006 a la de Val\u00e8ncia .<\/p>\n\n\n\n<p>D&#8217;acord amb les dades registrades, a hores d&#8217;ara hi ha 37.387 casos actius, la qual cosa suposa un 10,05% de l&#8217;total de positius.<\/p>\n\n\n\n<p><strong>Actualitzaci\u00f3 de la situaci\u00f3 en resid\u00e8ncies<\/strong><\/p>\n\n\n\n<p>Des de l&#8217;\u00faltima actualitzaci\u00f3, hi ha algun cas positiu en 158 resid\u00e8ncies de gent gran (15 a la prov\u00edncia de Castell\u00f3, 51 a la prov\u00edncia d&#8217;Alacant i 92 a la prov\u00edncia de Val\u00e8ncia), 37 centres de diversitat funcional (3 a la prov\u00edncia de Castell\u00f3, 12 a la prov\u00edncia d&#8217;Alacant i 22 a la prov\u00edncia de Val\u00e8ncia) i 8 centres de menors (5 a la prov\u00edncia d&#8217;Alacant i 3 a la prov\u00edncia de Val\u00e8ncia).<\/p>\n\n\n\n<ul class=\"wp-block-list\"><li>Residents nous positius: 50<\/li><li>Treballadors i treballadores nous positius: 13<\/li><li>Residents que han mort: 26<\/li><\/ul>\n\n\n\n<p>Actualment, es troben sota vigil\u00e0ncia activa de control sanitari 65 resid\u00e8ncies a la Comunitat Valenciana: 9 a la prov\u00edncia de Castell\u00f3, 22 a la prov\u00edncia d&#8217;Alacant i 34 a la prov\u00edncia de Val\u00e8ncia.<\/p>\n\n\n\n<p><strong>Actualitzaci\u00f3 brots de coronavirus<\/strong><\/p>\n\n\n\n<p>S&#8217;han registrat 64 nous brots des de l&#8217;\u00faltima actualitzaci\u00f3. Per prov\u00edncies: 32 a Val\u00e8ncia; 28 a Alacant i 4 a Castell\u00f3.<\/p>\n\n\n\n<ul class=\"wp-block-list\"><li>Sagunto: 4 casos. Origen social<\/li><li>&nbsp;Albatera: 3 casos. \u00c1mbito educativo<\/li><li>&nbsp;Val\u00e8ncia: 4 casos. Origen social<\/li><li>&nbsp;Orihuela: 5 casos. \u00c1mbito educativo<\/li><li>&nbsp;Almorad\u00ed: 3 casos. \u00c1mbito educativo<\/li><li>&nbsp;Orihuela: 4 casos. \u00c1mbito educativo<\/li><li>&nbsp;Sagunto: 3 casos. Origen social<\/li><li>&nbsp;Sagunto: 4 casos. Origen social<\/li><li>&nbsp;San Vicente del Raspeig: 11 casos. Origen laboral<\/li><li>&nbsp;Val\u00e8ncia: 5 casos. \u00c1mbito educativo<\/li><li>&nbsp;Riba-roja de T\u00faria: 3 casos. \u00c1mbito educativo<\/li><li>&nbsp;Torrevieja: 7 casos. \u00c1mbito educativo<\/li><li>&nbsp;Alicante: 3 casos. \u00c1mbito educativo<\/li><li>&nbsp;Alicante: 5 casos. \u00c1mbito educativo<\/li><li>&nbsp;Altea: 10 casos. Origen social<\/li><li>&nbsp;San Rafael del R\u00edo: 3 casos. Origen social<\/li><li>&nbsp;Mon\u00f3var: 3 casos. \u00c1mbito educativo<\/li><li>&nbsp;Benicarl\u00f3: 3 casos. Origen social<\/li><li>&nbsp;San Isidro: 3 casos. \u00c1mbito educativo<\/li><li>&nbsp;Elche: 4 casos. Origen social<\/li><li>&nbsp;Alicante: 4 casos. \u00c1mbito educativo<\/li><li>&nbsp;Villena: 3 casos. \u00c1mbito educativo<\/li><li>&nbsp;Elche: 7 casos. Origen social<\/li><li>&nbsp;Crevillent: 3 casos. Origen laboral<\/li><li>&nbsp;Santa Pola: 6 casos. Origen social<\/li><li>&nbsp;Utiel: 3 casos. Origen social<\/li><li>&nbsp;Elche: 9 casos. Origen social<\/li><li>&nbsp;San Vicente del Raspeig: 3 casos. \u00c1mbito educativo<\/li><li>&nbsp;Sagunto: 3 casos. Origen social<\/li><li>&nbsp;Benicarl\u00f3: 3 casos. Origen social<\/li><li>&nbsp;Utiel: 9 casos. \u00c1mbito educativo<\/li><li>&nbsp;Val\u00e8ncia: 3 casos. Origen social<\/li><li>&nbsp;Benifair\u00f3 de la Valldigna: 4 casos. Origen social<\/li><li>&nbsp;Benifair\u00f3 de les Valls: 3 casos. Origen social<\/li><li>&nbsp;Novelda: 5 casos. \u00c1mbito educativo<\/li><li>&nbsp;Benej\u00fazar: 4 casos. \u00c1mbito educativo<\/li><li>&nbsp;Sagunto: 5 casos. \u00c1mbito educativo<\/li><li>&nbsp;Aldaia: 3 casos. Origen laboral<\/li><li>&nbsp;Elche: 5 casos. Origen social<\/li><li>&nbsp;Elche: 4 casos. Origen social<\/li><li>&nbsp;Val\u00e8ncia: 4 casos. Origen laboral<\/li><li>&nbsp;Benicarl\u00f3: 4 casos. Origen social<\/li><li>&nbsp;Elche: 4 casos. Origen social<\/li><li>&nbsp;Villena: 8 casos. \u00c1mbito educativo<\/li><li>&nbsp;Val\u00e8ncia: 5 casos. Origen social<\/li><li>&nbsp;B\u00e9tera: 5 casos. \u00c1mbito educativo<\/li><li>&nbsp;Val\u00e8ncia: 9 casos. Origen social<\/li><li>&nbsp;Val\u00e8ncia: 6 casos. Origen social<\/li><li>&nbsp;Elche: 7 casos. Origen social<\/li><li>&nbsp;Novelda: 8 casos. \u00c1mbito educativo<\/li><li>&nbsp;Val\u00e8ncia: 4 casos. Origen social<\/li><li>&nbsp;El Puig de Santa Maria: 3 casos. Origen social<\/li><li>&nbsp;Benidorm: 3 casos. \u00c1mbito educativo<\/li><li>&nbsp;Albuixech: 4 casos. \u00c1mbito educativo<\/li><li>&nbsp;Sagunto: 4 casos. Origen social<\/li><li>&nbsp;Catadau: 4 casos. Origen social<\/li><li>&nbsp;Sueca: 4 casos. Origen social<\/li><li>&nbsp;Sueca: 3 casos. Origen social<\/li><li>&nbsp;Val\u00e8ncia: 4 casos. Origen social<\/li><li>&nbsp;Faura: 9 casos. Origen social<\/li><li>&nbsp;Alfafar: 4 casos. Origen social<\/li><li>&nbsp;Catarroja: 7 casos. Origen social<\/li><li>&nbsp;Val\u00e8ncia: 4 casos. Origen social<\/li><li>&nbsp;Sagunto: 4 casos. Origen laboral<br><\/li><\/ul>\n","protected":false},"excerpt":{"rendered":"<div class=\"mh-excerpt\">Sanitat ha administrat ja 216.885 dosi de la vacuna contra el coronavirus Nous positius per prov\u00edncies: 217 a Castell\u00f3, 722 a Alacant i 1.266 en la prov\u00edncia de Val\u00e8ncia La Comunitat Valenciana ha administrat un <a class=\"mh-excerpt-more\" href=\"https:\/\/www.tucomarca.com\/wordpress\/segunda\/ca\/la-comunitat-valenciana-registra-2-205-nous-casos-de-coronavirus-6-757-altes-i-91-defuncions\/\" title=\"La Comunitat Valenciana registra 2.205 nous casos de coronavirus, 6.757 altes i 91 defuncions\">[+] <\/a><\/div>\n","protected":false},"author":12,"featured_media":123709,"comment_status":"open","ping_status":"open","sticky":false,"template":"","format":"standard","meta":{"footnotes":""},"categories":[10937,10892,11010,10991,12202,10898,10948,10894,10904,10902,10947,10909,10906,10896,10897,11059],"tags":[12165,11939,11940,13477],"class_list":{"0":"post-126254","1":"post","2":"type-post","3":"status-publish","4":"format-standard","5":"has-post-thumbnail","7":"category-betera-ca","8":"category-camp-de-turia-ca","9":"category-canal-salud","10":"category-catadau-ca","11":"category-covid-19-ca","12":"category-ventana-ca","13":"category-infraestructuras-ca","14":"category-la-comarca-ca","15":"category-sin-categorizar-ca","16":"category-la-ribera-ca","17":"category-politica","18":"category-requena-utiel-ca","19":"category-riba-roja-ca","20":"category-seccion-ca","21":"category-sucesos-la-comarca-ca","22":"category-utiel-ca","23":"tag-conselleria-de-sanitat-ca","24":"tag-coronavirus-ca","25":"tag-covid-19-ca","26":"tag-datos-de-contagios-ca"},"_links":{"self":[{"href":"https:\/\/www.tucomarca.com\/wordpress\/segunda\/ca\/wp-json\/wp\/v2\/posts\/126254","targetHints":{"allow":["GET"]}}],"collection":[{"href":"https:\/\/www.tucomarca.com\/wordpress\/segunda\/ca\/wp-json\/wp\/v2\/posts"}],"about":[{"href":"https:\/\/www.tucomarca.com\/wordpress\/segunda\/ca\/wp-json\/wp\/v2\/types\/post"}],"author":[{"embeddable":true,"href":"https:\/\/www.tucomarca.com\/wordpress\/segunda\/ca\/wp-json\/wp\/v2\/users\/12"}],"replies":[{"embeddable":true,"href":"https:\/\/www.tucomarca.com\/wordpress\/segunda\/ca\/wp-json\/wp\/v2\/comments?post=126254"}],"version-history":[{"count":0,"href":"https:\/\/www.tucomarca.com\/wordpress\/segunda\/ca\/wp-json\/wp\/v2\/posts\/126254\/revisions"}],"wp:featuredmedia":[{"embeddable":true,"href":"https:\/\/www.tucomarca.com\/wordpress\/segunda\/ca\/wp-json\/wp\/v2\/media\/123709"}],"wp:attachment":[{"href":"https:\/\/www.tucomarca.com\/wordpress\/segunda\/ca\/wp-json\/wp\/v2\/media?parent=126254"}],"wp:term":[{"taxonomy":"category","embeddable":true,"href":"https:\/\/www.tucomarca.com\/wordpress\/segunda\/ca\/wp-json\/wp\/v2\/categories?post=126254"},{"taxonomy":"post_tag","embeddable":true,"href":"https:\/\/www.tucomarca.com\/wordpress\/segunda\/ca\/wp-json\/wp\/v2\/tags?post=126254"}],"curies":[{"name":"wp","href":"https:\/\/api.w.org\/{rel}","templated":true}]}}