{"id":126263,"date":"2021-02-12T18:10:00","date_gmt":"2021-02-12T17:10:00","guid":{"rendered":"http:\/\/www.tucomarca.com\/wordpress\/segunda\/?p=126263"},"modified":"2021-02-13T01:13:27","modified_gmt":"2021-02-13T00:13:27","slug":"continuen-els-treballs-de-poda-darbres-a-utiel","status":"publish","type":"post","link":"https:\/\/www.tucomarca.com\/wordpress\/segunda\/ca\/continuen-els-treballs-de-poda-darbres-a-utiel\/","title":{"rendered":"Continuen els treballs de poda d&#8217;arbres a Utiel"},"content":{"rendered":"\n<h4 class=\"wp-block-heading\"><strong>Esta setmana els operaris estan tallant el brancatge de l&#8217;arbratge d&#8217;Av. de l&#8217;Esport<\/strong><\/h4>\n\n\n\n<p>Despr\u00e9s de la poda executada amb \u00fas de m\u00e0quina elevadora en arbres de gran al\u00e7ada i dimensions, els operaris de l&#8217;Ajuntament d&#8217;Utiel estan desenvolupant les tasques de poda regular d&#8217;arbres en avingudes, carrers, passejos i zones verdes del municipi.<\/p>\n\n\n\n<p>En concret, aquesta setmana la brigada municipal est\u00e0 treballant en l&#8217;arbrat de l&#8217;Avinguda de l&#8217;Esport i continuaran amb la supervisi\u00f3 d&#8217;aquells arbres que requerisquen l&#8217;eliminaci\u00f3 de branques en les diferents barriades.<\/p>\n\n\n\n<p>El creixement excessiu de branques i varetones obliga a preparar la vegetaci\u00f3 dels arbres no nom\u00e9s per motius mediambientals, relacionats amb la salut dels arbres, sin\u00f3 tamb\u00e9 per la seguretat a la via p\u00fablica, evitant la possible caiguda de branques a les voreres o zones de pas de vianants i vehicles.<\/p>\n","protected":false},"excerpt":{"rendered":"<div class=\"mh-excerpt\">Esta setmana els operaris estan tallant el brancatge de l&#8217;arbratge d&#8217;Av. de l&#8217;Esport Despr\u00e9s de la poda executada amb \u00fas de m\u00e0quina elevadora en arbres de gran al\u00e7ada i dimensions, els operaris de l&#8217;Ajuntament d&#8217;Utiel <a class=\"mh-excerpt-more\" href=\"https:\/\/www.tucomarca.com\/wordpress\/segunda\/ca\/continuen-els-treballs-de-poda-darbres-a-utiel\/\" title=\"Continuen els treballs de poda d&#8217;arbres a Utiel\">[+] <\/a><\/div>\n","protected":false},"author":12,"featured_media":126262,"comment_status":"open","ping_status":"open","sticky":false,"template":"","format":"standard","meta":{"footnotes":""},"categories":[10948,10894,10903,10909,10896,11059],"tags":[13850,11174,11459],"class_list":{"0":"post-126263","1":"post","2":"type-post","3":"status-publish","4":"format-standard","5":"has-post-thumbnail","7":"category-infraestructuras-ca","8":"category-la-comarca-ca","9":"category-medio-ambiente-la-comarca-ca","10":"category-requena-utiel-ca","11":"category-seccion-ca","12":"category-utiel-ca","13":"tag-poda-de-arboles-ca","14":"tag-utiel-ca","15":"tag-utiel-requena-ca"},"_links":{"self":[{"href":"https:\/\/www.tucomarca.com\/wordpress\/segunda\/ca\/wp-json\/wp\/v2\/posts\/126263","targetHints":{"allow":["GET"]}}],"collection":[{"href":"https:\/\/www.tucomarca.com\/wordpress\/segunda\/ca\/wp-json\/wp\/v2\/posts"}],"about":[{"href":"https:\/\/www.tucomarca.com\/wordpress\/segunda\/ca\/wp-json\/wp\/v2\/types\/post"}],"author":[{"embeddable":true,"href":"https:\/\/www.tucomarca.com\/wordpress\/segunda\/ca\/wp-json\/wp\/v2\/users\/12"}],"replies":[{"embeddable":true,"href":"https:\/\/www.tucomarca.com\/wordpress\/segunda\/ca\/wp-json\/wp\/v2\/comments?post=126263"}],"version-history":[{"count":0,"href":"https:\/\/www.tucomarca.com\/wordpress\/segunda\/ca\/wp-json\/wp\/v2\/posts\/126263\/revisions"}],"wp:featuredmedia":[{"embeddable":true,"href":"https:\/\/www.tucomarca.com\/wordpress\/segunda\/ca\/wp-json\/wp\/v2\/media\/126262"}],"wp:attachment":[{"href":"https:\/\/www.tucomarca.com\/wordpress\/segunda\/ca\/wp-json\/wp\/v2\/media?parent=126263"}],"wp:term":[{"taxonomy":"category","embeddable":true,"href":"https:\/\/www.tucomarca.com\/wordpress\/segunda\/ca\/wp-json\/wp\/v2\/categories?post=126263"},{"taxonomy":"post_tag","embeddable":true,"href":"https:\/\/www.tucomarca.com\/wordpress\/segunda\/ca\/wp-json\/wp\/v2\/tags?post=126263"}],"curies":[{"name":"wp","href":"https:\/\/api.w.org\/{rel}","templated":true}]}}