{"id":126473,"date":"2021-02-16T07:57:00","date_gmt":"2021-02-16T06:57:00","guid":{"rendered":"http:\/\/www.tucomarca.com\/wordpress\/segunda\/?p=126473"},"modified":"2021-02-16T20:55:37","modified_gmt":"2021-02-16T19:55:37","slug":"podem-bunyol-demana-la-no-renovacio-de-la-concessio-a-iberdrola-i-el-tancament-de-la-nuclear-de-cofrents","status":"publish","type":"post","link":"https:\/\/www.tucomarca.com\/wordpress\/segunda\/ca\/podem-bunyol-demana-la-no-renovacio-de-la-concessio-a-iberdrola-i-el-tancament-de-la-nuclear-de-cofrents\/","title":{"rendered":"Podem Bunyol demana la no renovaci\u00f3 de la concessi\u00f3 a Iberdrola i el tancament de la nuclear de Cofrents"},"content":{"rendered":"\n<h4 class=\"wp-block-heading\">Mantener que l&#8217;energia nuclear &#8220;no pot ser una opci\u00f3&#8221;<\/h4>\n\n\n\n<p>El Consell Municipal de Podem Bunyol d\u00f3na suport a la Proposici\u00f3 No de Llei per a la no renovaci\u00f3 de la concessi\u00f3 a Iberdrola i la sol\u00b7licitud del tancament definitiu de la central nuclear de Cofrents.<\/p>\n\n\n\n<p>&#8220;Los diputados valencianos en el grupo parlamentario de Unidas Podemos en el Congreso, han anunciado la tramitaci\u00f3n en \u00e9l, de una Proposici\u00f3n No de Ley para la no renovaci\u00f3n de la concesi\u00f3n a Iberdrola y solicitar el cierre definitivo de la central nuclear de Cofrentes.<br>Este ya es un tema que viene de atr\u00e1s, en el a\u00f1o 2011ya se prorrog\u00f3 su funcionamiento por 10 a\u00f1os, despu\u00e9s de 25 que es el tiempo medio de funcionamiento de las centrales nucleares europeas. En el 2024 se cumplir\u00e1 el periodo de 40 a\u00f1os de su puesta en marcha, lo que la convertir\u00e1 en una central, al limite de su vida \u00fatil&#8221;, han asegurat.<\/p>\n\n\n\n<p>&#8220;El cierre de la central nuclear como elemento de riesgo para la poblaci\u00f3n esta m\u00e1s que justificado, m\u00e1s a\u00fan cumplido su per\u00edodo de vida \u00fatil, por la fatiga de sus materiales y por los riesgos que pueden suponer elementos no controlados como se\u00edsmos.<br>Adem\u00e1s la recuperaci\u00f3n de los residuos que genera y su tratamiento tambi\u00e9n se han demostrado ineficaces, ya en marzo de 2017 de forma conjunta los grupos parlamentarios de PODEM, PSOE y Comprom\u00eds aprobaron una PLN (Proposici\u00f3n No de Ley) en las Cortes Valencianas instando al gobierno de la naci\u00f3n para que no autorizara la construcci\u00f3n del Almac\u00e9n Temporal de residuos Individualizados, que finalmente se aprob\u00f3 desoyendo la petici\u00f3n de Nuestra Instituci\u00f3n Auton\u00f3mica&#8221;.<\/p>\n\n\n\n<p>&#8220;Sabemos que hay muchos intereses de por medio, pero la salud y la seguridad de los ciudadanos debe de estar por encima de cualquier inter\u00e9s particular, por eso apostamos por implementar esfuerzos para la desarrollar al m\u00e1ximo las energ\u00edas limpias, alternativas y renovables.<\/p>\n\n\n\n<p>Cuidando de nuestros vecinos, nos cuidamos todos. Esperamos que esta Proposici\u00f3n No de Ley, no caiga en saco roto&#8221;, han finalitzat des del Consejo Municipal de Podemos Bu\u00f1ol.<\/p>\n","protected":false},"excerpt":{"rendered":"<div class=\"mh-excerpt\">Mantener que l&#8217;energia nuclear &#8220;no pot ser una opci\u00f3&#8221; El Consell Municipal de Podem Bunyol d\u00f3na suport a la Proposici\u00f3 No de Llei per a la no renovaci\u00f3 de la concessi\u00f3 a Iberdrola i la <a class=\"mh-excerpt-more\" href=\"https:\/\/www.tucomarca.com\/wordpress\/segunda\/ca\/podem-bunyol-demana-la-no-renovacio-de-la-concessio-a-iberdrola-i-el-tancament-de-la-nuclear-de-cofrents\/\" title=\"Podem Bunyol demana la no renovaci\u00f3 de la concessi\u00f3 a Iberdrola i el tancament de la nuclear de Cofrents\">[+] <\/a><\/div>\n","protected":false},"author":12,"featured_media":126478,"comment_status":"open","ping_status":"open","sticky":false,"template":"","format":"standard","meta":{"footnotes":""},"categories":[10951,10911,10955,10894,10912,10903,10947,10896],"tags":[13247,12446,11480,10914,13025,11440],"class_list":{"0":"post-126473","1":"post","2":"type-post","3":"status-publish","4":"format-standard","5":"has-post-thumbnail","7":"category-ayora-cofrentes-ca","8":"category-bunol-ca","9":"category-cofrentes-ca","10":"category-la-comarca-ca","11":"category-la-hoya-ca","12":"category-medio-ambiente-la-comarca-ca","13":"category-politica","14":"category-seccion-ca","15":"tag-central-de-cofrentes-ca","16":"tag-central-nuclear-ca","17":"tag-cofrentes-ca","18":"tag-la-hoya-de-bunol-chiva-ca","19":"tag-podemos-bunol-ca","20":"tag-valle-de-ayora-cofrentes-ca"},"_links":{"self":[{"href":"https:\/\/www.tucomarca.com\/wordpress\/segunda\/ca\/wp-json\/wp\/v2\/posts\/126473","targetHints":{"allow":["GET"]}}],"collection":[{"href":"https:\/\/www.tucomarca.com\/wordpress\/segunda\/ca\/wp-json\/wp\/v2\/posts"}],"about":[{"href":"https:\/\/www.tucomarca.com\/wordpress\/segunda\/ca\/wp-json\/wp\/v2\/types\/post"}],"author":[{"embeddable":true,"href":"https:\/\/www.tucomarca.com\/wordpress\/segunda\/ca\/wp-json\/wp\/v2\/users\/12"}],"replies":[{"embeddable":true,"href":"https:\/\/www.tucomarca.com\/wordpress\/segunda\/ca\/wp-json\/wp\/v2\/comments?post=126473"}],"version-history":[{"count":0,"href":"https:\/\/www.tucomarca.com\/wordpress\/segunda\/ca\/wp-json\/wp\/v2\/posts\/126473\/revisions"}],"wp:featuredmedia":[{"embeddable":true,"href":"https:\/\/www.tucomarca.com\/wordpress\/segunda\/ca\/wp-json\/wp\/v2\/media\/126478"}],"wp:attachment":[{"href":"https:\/\/www.tucomarca.com\/wordpress\/segunda\/ca\/wp-json\/wp\/v2\/media?parent=126473"}],"wp:term":[{"taxonomy":"category","embeddable":true,"href":"https:\/\/www.tucomarca.com\/wordpress\/segunda\/ca\/wp-json\/wp\/v2\/categories?post=126473"},{"taxonomy":"post_tag","embeddable":true,"href":"https:\/\/www.tucomarca.com\/wordpress\/segunda\/ca\/wp-json\/wp\/v2\/tags?post=126473"}],"curies":[{"name":"wp","href":"https:\/\/api.w.org\/{rel}","templated":true}]}}