{"id":126976,"date":"2021-02-22T20:00:00","date_gmt":"2021-02-22T19:00:00","guid":{"rendered":"http:\/\/www.tucomarca.com\/wordpress\/segunda\/?p=126976"},"modified":"2021-02-22T20:12:35","modified_gmt":"2021-02-22T19:12:35","slug":"la-comunitat-valenciana-baixa-al-nivell-de-risc-3-amb-189-casos-i-35-defuncions","status":"publish","type":"post","link":"https:\/\/www.tucomarca.com\/wordpress\/segunda\/ca\/la-comunitat-valenciana-baixa-al-nivell-de-risc-3-amb-189-casos-i-35-defuncions\/","title":{"rendered":"La Comunitat Valenciana baixa al nivell de risc 3 amb 189 casos i 35 defuncions"},"content":{"rendered":"\n<h4 class=\"wp-block-heading\">La incid\u00e8ncia acumulada se situa en 224 casos per cada 100.000 habitants<\/h4>\n\n\n\n<h4 class=\"wp-block-heading\"><strong>Sanitat registra 189 nous casos de coronavirus i 2.689 altes<\/strong><\/h4>\n\n\n\n<p>La Comunitat Valenciana ha baixat aquest dilluns per primera vegada des del 16 de desembre al nivell de risc 3 marcat pel Ministeri de Sanitat en reduir la incid\u00e8ncia acumulada en els \u00faltims 14 dies a 224 casos. D&#8217;aquesta manera, s&#8217;estableix un &#8220;risc alt&#8221; de contagi de coronavirus en la Comunitat i abandona la zona de &#8220;risc extrem&#8221; per a incid\u00e8ncies superiors als 250 casos.<\/p>\n\n\n\n<p>Fins al moment, s&#8217;han administrat un total de 271.608 dosi de la vacuna contra el coronavirus. Per prov\u00edncies, 34.066 a Castell\u00f3, 96.953 a Alacant i 140.589 a Val\u00e8ncia. Han rebut les dues dosis de la vacuna 99.364 persones.<\/p>\n\n\n\n<p>D&#8217;altra banda, s&#8217;han registrat 189 casos nous de coronavirus confirmats per prova *PCR o a trav\u00e9s de test d&#8217;ant\u00edgens des de l&#8217;\u00faltima actualitzaci\u00f3, que situen la xifra total de positius en 375.223 persones. Per prov\u00edncies, la distribuci\u00f3 de nous positius \u00e9s la seg\u00fcent: 35 a Castell\u00f3 (38.441 en total), 65 a Alacant (141.061 en total) i 89 a la prov\u00edncia de Val\u00e8ncia (195.719 en total). A m\u00e9s, el total de casos sense assignar en tota la Comunitat Valenciana es mant\u00e9 en 2.<\/p>\n\n\n\n<p>Des de l&#8217;\u00faltima actualitzaci\u00f3 s&#8217;han registrat 2.689 altes a pacients amb coronavirus. D&#8217;aquesta manera, ja s\u00f3n 364.655 persones en la Comunitat Valenciana les que han superat la malaltia des que va comen\u00e7ar la pand\u00e8mia. Per prov\u00edncies, les altes es distribueixen de la seg\u00fcent manera: 37.383 a Castell\u00f3, 136.839 a Alacant i 190.377 a Val\u00e8ncia, a m\u00e9s de 56 no assignades.<\/p>\n\n\n\n<p>Els hospitals valencians tenen, actualment, 1.587 persones ingressades: 156 a la prov\u00edncia de Castell\u00f3, amb 24 pacients en UCI; 667 a la prov\u00edncia d&#8217;Alacant, 142 d&#8217;ells en l&#8217;UCI; i 764 a la prov\u00edncia de Val\u00e8ncia, 202 d&#8217;ells en UCI.<\/p>\n\n\n\n<p>A m\u00e9s, s&#8217;han registrat 35 defuncions per coronavirus des de l&#8217;\u00faltima actualitzaci\u00f3, per la qual cosa el total de defuncions des de l&#8217;inici de la pand\u00e8mia \u00e9s de 6.437 persones: 739 a la prov\u00edncia de Castell\u00f3, 2.414 en la d&#8217;Alacant i 3.284 en la de Val\u00e8ncia.<\/p>\n\n\n\n<p>D&#8217;acord amb les dades registrades, en aquests moments hi ha 15.613 casos actius, la qual cosa suposa un 4,04% del total de positius.<\/p>\n\n\n\n<p><strong>Actualitzaci\u00f3 de la situaci\u00f3 en resid\u00e8ncies<\/strong><\/p>\n\n\n\n<p>Des de l&#8217;\u00faltima actualitzaci\u00f3, hi ha algun cas positiu en 123 resid\u00e8ncies de majors (13 a la prov\u00edncia de Castell\u00f3, 37 a la prov\u00edncia d&#8217;Alacant i 73 a la prov\u00edncia de Val\u00e8ncia), 24 centres de diversitat funcional (2 a la prov\u00edncia de Castell\u00f3, 6 a la prov\u00edncia d&#8217;Alacant i 16 a la prov\u00edncia de Val\u00e8ncia) i 6 centres de menors (1 a la prov\u00edncia d&#8217;Alacant i 5 a la prov\u00edncia de Val\u00e8ncia).<\/p>\n\n\n\n<p>\u00b7 Residents nous positius: 91<\/p>\n\n\n\n<p>\u00b7 Treballadors i treballadores nous positius: 81<\/p>\n\n\n\n<p>\u00b7 Residents que han mort: 47<\/p>\n\n\n\n<p>Actualment, es troben sota vigil\u00e0ncia activa de control sanitari 53 resid\u00e8ncies en la Comunitat Valenciana: 7 a la prov\u00edncia de Castell\u00f3, 18 a la prov\u00edncia d&#8217;Alacant i 28 a la prov\u00edncia de Val\u00e8ncia.<\/p>\n\n\n\n<p><strong>Actualitzaci\u00f3 brots de coronavirus<\/strong><\/p>\n\n\n\n<p>S&#8217;han registrat 5 nous brots des de l&#8217;\u00faltima actualitzaci\u00f3, tots a la prov\u00edncia de Val\u00e8ncia.<\/p>\n\n\n\n<p>\u00b7 Alfafar: 3 casos. Origen social<\/p>\n\n\n\n<p>\u00b7 Sagunt: 6 casos. Origen social<\/p>\n\n\n\n<p>\u00b7 Val\u00e8ncia: 3 casos. Origen social<\/p>\n\n\n\n<p>\u00b7 Xiva: 4 casos. Origen social<\/p>\n\n\n\n<p>\u00b7 Val\u00e8ncia: 4 casos. Origen social<\/p>\n","protected":false},"excerpt":{"rendered":"<div class=\"mh-excerpt\">La incid\u00e8ncia acumulada se situa en 224 casos per cada 100.000 habitants Sanitat registra 189 nous casos de coronavirus i 2.689 altes La Comunitat Valenciana ha baixat aquest dilluns per primera vegada des del 16 <a class=\"mh-excerpt-more\" href=\"https:\/\/www.tucomarca.com\/wordpress\/segunda\/ca\/la-comunitat-valenciana-baixa-al-nivell-de-risc-3-amb-189-casos-i-35-defuncions\/\" title=\"La Comunitat Valenciana baixa al nivell de risc 3 amb 189 casos i 35 defuncions\">[+] <\/a><\/div>\n","protected":false},"author":1,"featured_media":115119,"comment_status":"open","ping_status":"open","sticky":false,"template":"","format":"standard","meta":{"footnotes":""},"categories":[11010,12202,10898,10948,10894,10904,10912,10903,10947,10896,10897,10975],"tags":[11939,11940,10914],"class_list":{"0":"post-126976","1":"post","2":"type-post","3":"status-publish","4":"format-standard","5":"has-post-thumbnail","7":"category-canal-salud","8":"category-covid-19-ca","9":"category-ventana-ca","10":"category-infraestructuras-ca","11":"category-la-comarca-ca","12":"category-sin-categorizar-ca","13":"category-la-hoya-ca","14":"category-medio-ambiente-la-comarca-ca","15":"category-politica","16":"category-seccion-ca","17":"category-sucesos-la-comarca-ca","18":"category-chiva-ca","19":"tag-coronavirus-ca","20":"tag-covid-19-ca","21":"tag-la-hoya-de-bunol-chiva-ca"},"_links":{"self":[{"href":"https:\/\/www.tucomarca.com\/wordpress\/segunda\/ca\/wp-json\/wp\/v2\/posts\/126976","targetHints":{"allow":["GET"]}}],"collection":[{"href":"https:\/\/www.tucomarca.com\/wordpress\/segunda\/ca\/wp-json\/wp\/v2\/posts"}],"about":[{"href":"https:\/\/www.tucomarca.com\/wordpress\/segunda\/ca\/wp-json\/wp\/v2\/types\/post"}],"author":[{"embeddable":true,"href":"https:\/\/www.tucomarca.com\/wordpress\/segunda\/ca\/wp-json\/wp\/v2\/users\/1"}],"replies":[{"embeddable":true,"href":"https:\/\/www.tucomarca.com\/wordpress\/segunda\/ca\/wp-json\/wp\/v2\/comments?post=126976"}],"version-history":[{"count":0,"href":"https:\/\/www.tucomarca.com\/wordpress\/segunda\/ca\/wp-json\/wp\/v2\/posts\/126976\/revisions"}],"wp:featuredmedia":[{"embeddable":true,"href":"https:\/\/www.tucomarca.com\/wordpress\/segunda\/ca\/wp-json\/wp\/v2\/media\/115119"}],"wp:attachment":[{"href":"https:\/\/www.tucomarca.com\/wordpress\/segunda\/ca\/wp-json\/wp\/v2\/media?parent=126976"}],"wp:term":[{"taxonomy":"category","embeddable":true,"href":"https:\/\/www.tucomarca.com\/wordpress\/segunda\/ca\/wp-json\/wp\/v2\/categories?post=126976"},{"taxonomy":"post_tag","embeddable":true,"href":"https:\/\/www.tucomarca.com\/wordpress\/segunda\/ca\/wp-json\/wp\/v2\/tags?post=126976"}],"curies":[{"name":"wp","href":"https:\/\/api.w.org\/{rel}","templated":true}]}}