{"id":127294,"date":"2021-02-28T14:02:00","date_gmt":"2021-02-28T13:02:00","guid":{"rendered":"http:\/\/www.tucomarca.com\/wordpress\/segunda\/?p=127294"},"modified":"2021-03-01T12:12:57","modified_gmt":"2021-03-01T11:12:57","slug":"la-comunitat-valenciana-registra-335-nous-casos-de-coronavirus","status":"publish","type":"post","link":"https:\/\/www.tucomarca.com\/wordpress\/segunda\/ca\/la-comunitat-valenciana-registra-335-nous-casos-de-coronavirus\/","title":{"rendered":"La Comunitat Valenciana registra 335 nous casos de coronavirus"},"content":{"rendered":"\n<p><strong class=\"\">Per prov\u00edncies, s&#8217;han comptabilitzat 32 nous positius a Castell\u00f3, 135 a Alacant i 168 a la prov\u00edncia de Val\u00e8ncia<\/strong><\/p>\n\n\n\n<p>La Comunitat Valenciana ha registrat 335 casos nous de coronavirus confirmats per prova *PCR o a trav\u00e9s de test d&#8217;ant\u00edgens des de l&#8217;\u00faltima actualitzaci\u00f3, que situen la xifra total de positius en 378.604 persones. Per prov\u00edncies, la distribuci\u00f3 de nous positius \u00e9s la seg\u00fcent: 32 a Castell\u00f3 (38.710 en total), 135 a Alacant (142.417 en total) i 168 a la prov\u00edncia de Val\u00e8ncia (197.476 en total). S&#8217;ha reassignat un cas, de manera que el nombre de casos sense assignar \u00e9s de 1.<\/p>\n\n\n\n<p>Els hospitals valencians tenen, actualment, 1.096 persones ingressades: 102 a la prov\u00edncia de Castell\u00f3, amb 20 pacients en UCI; 486 a la prov\u00edncia d&#8217;Alacant, 126 d&#8217;ells en l&#8217;UCI; i 508 a la prov\u00edncia de Val\u00e8ncia, 130 d&#8217;ells en UCI.<\/p>\n\n\n\n<p>No s&#8217;ha pogut reportar el n\u00famero de morts, que es recuperar\u00e0 en l&#8217;actualitzaci\u00f3 d&#8217;aquest dilluns.<\/p>\n","protected":false},"excerpt":{"rendered":"<div class=\"mh-excerpt\">Per prov\u00edncies, s&#8217;han comptabilitzat 32 nous positius a Castell\u00f3, 135 a Alacant i 168 a la prov\u00edncia de Val\u00e8ncia La Comunitat Valenciana ha registrat 335 casos nous de coronavirus confirmats per prova *PCR o a <a class=\"mh-excerpt-more\" href=\"https:\/\/www.tucomarca.com\/wordpress\/segunda\/ca\/la-comunitat-valenciana-registra-335-nous-casos-de-coronavirus\/\" title=\"La Comunitat Valenciana registra 335 nous casos de coronavirus\">[+] <\/a><\/div>\n","protected":false},"author":12,"featured_media":125783,"comment_status":"open","ping_status":"open","sticky":false,"template":"","format":"standard","meta":{"footnotes":""},"categories":[11010,12202,10898,10948,10904,10903,10947,10896,10897],"tags":[12165,11939,11940,13477],"class_list":{"0":"post-127294","1":"post","2":"type-post","3":"status-publish","4":"format-standard","5":"has-post-thumbnail","7":"category-canal-salud","8":"category-covid-19-ca","9":"category-ventana-ca","10":"category-infraestructuras-ca","11":"category-sin-categorizar-ca","12":"category-medio-ambiente-la-comarca-ca","13":"category-politica","14":"category-seccion-ca","15":"category-sucesos-la-comarca-ca","16":"tag-conselleria-de-sanitat-ca","17":"tag-coronavirus-ca","18":"tag-covid-19-ca","19":"tag-datos-de-contagios-ca"},"_links":{"self":[{"href":"https:\/\/www.tucomarca.com\/wordpress\/segunda\/ca\/wp-json\/wp\/v2\/posts\/127294","targetHints":{"allow":["GET"]}}],"collection":[{"href":"https:\/\/www.tucomarca.com\/wordpress\/segunda\/ca\/wp-json\/wp\/v2\/posts"}],"about":[{"href":"https:\/\/www.tucomarca.com\/wordpress\/segunda\/ca\/wp-json\/wp\/v2\/types\/post"}],"author":[{"embeddable":true,"href":"https:\/\/www.tucomarca.com\/wordpress\/segunda\/ca\/wp-json\/wp\/v2\/users\/12"}],"replies":[{"embeddable":true,"href":"https:\/\/www.tucomarca.com\/wordpress\/segunda\/ca\/wp-json\/wp\/v2\/comments?post=127294"}],"version-history":[{"count":0,"href":"https:\/\/www.tucomarca.com\/wordpress\/segunda\/ca\/wp-json\/wp\/v2\/posts\/127294\/revisions"}],"wp:featuredmedia":[{"embeddable":true,"href":"https:\/\/www.tucomarca.com\/wordpress\/segunda\/ca\/wp-json\/wp\/v2\/media\/125783"}],"wp:attachment":[{"href":"https:\/\/www.tucomarca.com\/wordpress\/segunda\/ca\/wp-json\/wp\/v2\/media?parent=127294"}],"wp:term":[{"taxonomy":"category","embeddable":true,"href":"https:\/\/www.tucomarca.com\/wordpress\/segunda\/ca\/wp-json\/wp\/v2\/categories?post=127294"},{"taxonomy":"post_tag","embeddable":true,"href":"https:\/\/www.tucomarca.com\/wordpress\/segunda\/ca\/wp-json\/wp\/v2\/tags?post=127294"}],"curies":[{"name":"wp","href":"https:\/\/api.w.org\/{rel}","templated":true}]}}