{"id":127581,"date":"2021-03-03T10:30:00","date_gmt":"2021-03-03T09:30:00","guid":{"rendered":"http:\/\/www.tucomarca.com\/wordpress\/segunda\/?p=127581"},"modified":"2021-03-03T21:43:25","modified_gmt":"2021-03-03T20:43:25","slug":"la-regidoria-digualtat-de-xest-presenta-el-programa-dactes-amb-motiu-del-8m","status":"publish","type":"post","link":"https:\/\/www.tucomarca.com\/wordpress\/segunda\/ca\/la-regidoria-digualtat-de-xest-presenta-el-programa-dactes-amb-motiu-del-8m\/","title":{"rendered":"La regidoria d&#8217;Igualtat de Xest presenta el programa d&#8217;actes amb motiu del 8M"},"content":{"rendered":"\n<h4 class=\"wp-block-heading\">La regidoria d&#8217;Igualtat ha preparat un programa d&#8217;actes per a celebrar el Dia Internacional de la Dona.<\/h4>\n\n\n\n<p>Les activitats comen\u00e7aran dem\u00e0, dimecres 3 de mar\u00e7, amb una exposici\u00f3 a l&#8217;aire lliure en la pla\u00e7a Doctor Cajal. Els balcons de l&#8217;Ajuntament seran el suport de la mostra \u201cDones l\u00edders\u201d, a c\u00e0rrec de la il\u00b7lustradora i artista urbana La Xiqueta Wapa Wapa.&nbsp;<\/p>\n\n\n\n<p>El divendres, 5 de mar\u00e7, a les 19 hores en el sal\u00f3 polivalent de la biblioteca municipal es projectar\u00e0 el documental La pla\u00e7a de les xestanes i es retr\u00e0 homenatge a dones emprenedores de la localitat.<\/p>\n\n\n\n<p>El dissabte 6 de mar\u00e7, a les 19 hores, tindr\u00e0 lloc l&#8217;estrena del musical Foc violeta, amb m\u00fasica i veus en directe. \u201cAquesta proposta esc\u00e8nica fa un recorregut per la hist\u00f2ria de les dones que van canviar el m\u00f3n amb la seua veu\u201d, explica el regidor, Ra\u00fal Mota. \u201cI tot el recaptat en taquilla anir\u00e0 destinat a l&#8217;Associaci\u00f3 Espanyola Contra el C\u00e0ncer\u201d.<\/p>\n\n\n\n<p>El dia 8 de mar\u00e7 s&#8217;ha convocat una concentraci\u00f3 en la qual es retr\u00e0 homenatge al 90 aniversari del vot femen\u00ed, a les 13.30 hores en la pla\u00e7a Doctor Cajal, guardant les mesures de dist\u00e0ncia i seguretat, complint amb les normativa sanit\u00e0ria. Aqueix mateix dia, s&#8217;ha programat la presentaci\u00f3 en l\u00ednia del projecte \u201cXest, urbanisme inclusiu\u201d, premiat en la V Edici\u00f3 dels Premis Urbanisme, Mobilitat, Paisatge, Habitatge i Arquitectura amb Perspectiva de G\u00e8nere de la Generalitat Valenciana.<\/p>\n\n\n\n<p>Els actes finalitzaran el 9 de mar\u00e7, dimarts, amb el *Webinar \u201c8M: dona i lideratge\u201d, organitzat per CMRI de Y\u00e1tova, a les 19 hores.&nbsp;<\/p>\n\n\n\n<p><strong>Informaci\u00f3 d&#8217;acc\u00e9s \u00b7 Presentaci\u00f3 de projecte \u201cXest, urbanisme inclusiu\u201d<\/strong><br>Enlla\u00e7: <a href=\"https:\/\/meet.jit.si\/cheste.urbanismo.inclusivo\" data-type=\"URL\" data-id=\"https:\/\/meet.jit.si\/cheste.urbanismo.inclusivo\">https:\/\/meet.jit.si\/cheste.urbanismo.inclusivo<\/a><\/p>\n\n\n\n<p><strong>Informaci\u00f3 d&#8217;acc\u00e9s \u00b7 Webinar<\/strong><br>Enlla\u00e7: <a href=\"http:\/\/bit.ly\/3uthjxk\" data-type=\"URL\" data-id=\"http:\/\/bit.ly\/3uthjxk\">http:\/\/bit.ly\/3uthjxk<\/a><br>N\u00famero de reuni\u00f3: 181 269 0057&nbsp;<br>Contrasenya: CHESTEENIGUALDAD<\/p>\n","protected":false},"excerpt":{"rendered":"<div class=\"mh-excerpt\">La regidoria d&#8217;Igualtat ha preparat un programa d&#8217;actes per a celebrar el Dia Internacional de la Dona. Les activitats comen\u00e7aran dem\u00e0, dimecres 3 de mar\u00e7, amb una exposici\u00f3 a l&#8217;aire lliure en la pla\u00e7a Doctor <a class=\"mh-excerpt-more\" href=\"https:\/\/www.tucomarca.com\/wordpress\/segunda\/ca\/la-regidoria-digualtat-de-xest-presenta-el-programa-dactes-amb-motiu-del-8m\/\" title=\"La regidoria d&#8217;Igualtat de Xest presenta el programa d&#8217;actes amb motiu del 8M\">[+] <\/a><\/div>\n","protected":false},"author":12,"featured_media":127574,"comment_status":"open","ping_status":"open","sticky":false,"template":"","format":"standard","meta":{"footnotes":""},"categories":[11019,10948,10894,10912,10947,10896,10974],"tags":[11508,11071,13057,11512,10914],"class_list":{"0":"post-127581","1":"post","2":"type-post","3":"status-publish","4":"format-standard","5":"has-post-thumbnail","7":"category-agenda-ca","8":"category-infraestructuras-ca","9":"category-la-comarca-ca","10":"category-la-hoya-ca","11":"category-politica","12":"category-seccion-ca","13":"category-cheste-ca","14":"tag-8m-ca","15":"tag-cheste","16":"tag-concejalia-igualdad-ca","17":"tag-dia-internacional-de-la-mujer-ca","18":"tag-la-hoya-de-bunol-chiva-ca"},"_links":{"self":[{"href":"https:\/\/www.tucomarca.com\/wordpress\/segunda\/ca\/wp-json\/wp\/v2\/posts\/127581","targetHints":{"allow":["GET"]}}],"collection":[{"href":"https:\/\/www.tucomarca.com\/wordpress\/segunda\/ca\/wp-json\/wp\/v2\/posts"}],"about":[{"href":"https:\/\/www.tucomarca.com\/wordpress\/segunda\/ca\/wp-json\/wp\/v2\/types\/post"}],"author":[{"embeddable":true,"href":"https:\/\/www.tucomarca.com\/wordpress\/segunda\/ca\/wp-json\/wp\/v2\/users\/12"}],"replies":[{"embeddable":true,"href":"https:\/\/www.tucomarca.com\/wordpress\/segunda\/ca\/wp-json\/wp\/v2\/comments?post=127581"}],"version-history":[{"count":0,"href":"https:\/\/www.tucomarca.com\/wordpress\/segunda\/ca\/wp-json\/wp\/v2\/posts\/127581\/revisions"}],"wp:featuredmedia":[{"embeddable":true,"href":"https:\/\/www.tucomarca.com\/wordpress\/segunda\/ca\/wp-json\/wp\/v2\/media\/127574"}],"wp:attachment":[{"href":"https:\/\/www.tucomarca.com\/wordpress\/segunda\/ca\/wp-json\/wp\/v2\/media?parent=127581"}],"wp:term":[{"taxonomy":"category","embeddable":true,"href":"https:\/\/www.tucomarca.com\/wordpress\/segunda\/ca\/wp-json\/wp\/v2\/categories?post=127581"},{"taxonomy":"post_tag","embeddable":true,"href":"https:\/\/www.tucomarca.com\/wordpress\/segunda\/ca\/wp-json\/wp\/v2\/tags?post=127581"}],"curies":[{"name":"wp","href":"https:\/\/api.w.org\/{rel}","templated":true}]}}