{"id":127586,"date":"2021-03-03T10:00:00","date_gmt":"2021-03-03T09:00:00","guid":{"rendered":"http:\/\/www.tucomarca.com\/wordpress\/segunda\/?p=127586"},"modified":"2021-03-04T15:21:50","modified_gmt":"2021-03-04T14:21:50","slug":"xest-comenca-la-vacunacio-covid-19-per-a-la-poblacio-dentre-80-i-89-anys","status":"publish","type":"post","link":"https:\/\/www.tucomarca.com\/wordpress\/segunda\/ca\/xest-comenca-la-vacunacio-covid-19-per-a-la-poblacio-dentre-80-i-89-anys\/","title":{"rendered":"Xest comen\u00e7a la vacunaci\u00f3 Covid-19 per a la poblaci\u00f3 d&#8217;entre 80 i 89 anys"},"content":{"rendered":"\n<p>El centre de salut de Cheste ha informat que dilluns passat, 1 de mar\u00e7, es va iniciar el per\u00edode de vacunaci\u00f3 per a la poblaci\u00f3 d&#8217;entre 80 a 89 anys, amb 54 primeres dosis de la vacuna de Pfizer. \u201cFa dues setmanes que comencem la vacunaci\u00f3 a la poblaci\u00f3 a Cheste i ja s&#8217;han administrat 150 dosi de la vacuna Pfizer, completant la vacunaci\u00f3 en primera dosi de la poblaci\u00f3 de 90 anys o m\u00e9s i dels grans dependents. Tamb\u00e9 han arribat les primeres vacunes de *Astra Zenecan que s&#8217;han administrat a la poblaci\u00f3 dependent menor de 55 anys\u201d, ha explicat el coordinador m\u00e8dic del centre, Esteban Rosero.<\/p>\n\n\n\n<p>Aquesta setmana est\u00e0 previst que tamb\u00e9 es vacune de la segona dosi a residents i treballadors i treballadores de la resid\u00e8ncia Saba de Cheste, aix\u00ed com a la resta del personal sanitari de l&#8217;ambulatori, de manera que en uns dies estaran vacunats, excepte casos puntuals, els grups de resid\u00e8ncies i tot el personal sanitari, mancant la segona dosi per als grups de 90 o m\u00e9s anys i de grans dependents. \u201cS&#8217;esperen m\u00e9s vacunes per a finals de setmana\u201d, han anunciat des del centre de salut.<\/p>\n\n\n\n<p><strong>Criteris de vacunaci\u00f3<\/strong><\/p>\n\n\n\n<p>Segons les fonts del centre de salut se segueix el criteri del Ministeri de Sanitat, segons el document d&#8217;estrat\u00e8gia de vacunaci\u00f3 Covid-19 (<a href=\"https:\/\/bit.ly\/2mczmbe\">https:\/\/bit.ly\/2mczmbe<\/a>), encara que aquest pot ser modificat per les comunitats aut\u00f2nomes. Aix\u00ed mateix, la disponibilitat d&#8217;un tipus o un altre de vacunes, assegurar la segona dosi a pacients que ja han rebut la primera, o estrat\u00e8gies de cada comunitat aut\u00f2noma en vacunaci\u00f3, poden fer que s&#8217;avancen alguns grups de vacunaci\u00f3.&nbsp;<\/p>\n\n\n\n<p>Com es gestionen les vacunes en el centre de salut<br>La conselleria de Sanitat, a trav\u00e9s de Salut P\u00fablica, envia al centre de salut les vacunes i els llistats dels grups de poblaci\u00f3 a vacunar perqu\u00e8 l&#8217;ambulatori puga donar cita telef\u00f2nicament als i les pacients.<\/p>\n\n\n\n<p>En cas que alguna persona no puga despla\u00e7ar-se o tinga limitaci\u00f3 de mobilitat per a acudir a la carpa instal\u00b7lada al costat de l&#8217;ambulatori, s&#8217;opta per la vacunaci\u00f3 en el domicili o fins i tot dins del vehicle del pacient o la pacient.<\/p>\n\n\n\n<p>\u201cLa vacuna \u00e9s gratu\u00efta i volunt\u00e0ria i sempre ser\u00e0 administrada per personal del centre de salut\u201d, explica el personal del ambulatori. \u201cSi alg\u00fa desconfia de la crida pot confirmar la cita telefonant-nos\u201d.<\/p>\n\n\n\n<p>Una vegada administrada la vacuna, s&#8217;ha de romandre en la carpa durant 15 minuts, passat aquest temps, el\/la pacient pot tornar al seu domicili. \u201cNo hi ha hagut efectes adversos importants en les dosis de vacunes administrades, m\u00e9s enll\u00e0 de dolor en el lloc d&#8217;injecci\u00f3 i mol\u00e8sties tipus gripals lleus en les seg\u00fcents 24 hores a la seua administraci\u00f3\u201d, apunten des del centre de salut.<\/p>\n\n\n\n<p>La vacuna de Pfizer t\u00e9 una segona dosi entre 19 i 23 dies i la de Astra Zeneca entre 10-12 setmanes.&nbsp;<\/p>\n\n\n\n<p><strong>Preguntes freq\u00fcents<\/strong><\/p>\n\n\n\n<p><strong>Qu\u00e8 ocorre si no em criden, no em localitzen o no estic a Xest?<br><\/strong>Comunique la seua incid\u00e8ncia al centre de salut, una vegada solucionada, es vacunar\u00e0 quan hi haja vacunes disponibles.<\/p>\n\n\n\n<p><strong>I si he dit que no volia vacunar-me i he canviat d&#8217;opini\u00f3?<\/strong><br>Comunique la seua incid\u00e8ncia al centre de salut, una vegada solucionada, es vacunar\u00e0 quan hi haja vacunes disponibles.<\/p>\n\n\n\n<p><strong>Puc infectar-me o transmetre la Covid-19 estant vacunat\/a?&nbsp;<\/strong><br>No hi ha estudis que confirmen que \u00e9s impossible patir la infecci\u00f3 o transmetre la Covid-19 despr\u00e9s de la vacunaci\u00f3 i cap vacuna t\u00e9 el 100% d&#8217;efectivitat, per la qual cosa malgrat estar vacunats\/as, s&#8217;han de mantindre totes les mesures de prevenci\u00f3 (m\u00e0scara, dist\u00e0ncia social, higiene de mans, ventilaci\u00f3, etc\u00e8tera).<\/p>\n\n\n\n<p><strong>Que ocorre si he passat la malaltia recentment?<\/strong><br>Si \u00e9s major de 55 anys es procedeix a la vacunaci\u00f3 de dues dosi passat el per\u00edode d&#8217;a\u00efllament i\/o recuperaci\u00f3. Si \u00e9s menor de 55 anys s&#8217;administrar\u00e0 una dosis passats sis mesos del per\u00edode d&#8217;a\u00efllament i\/o recuperaci\u00f3.<\/p>\n","protected":false},"excerpt":{"rendered":"<div class=\"mh-excerpt\">El centre de salut de Cheste ha informat que dilluns passat, 1 de mar\u00e7, es va iniciar el per\u00edode de vacunaci\u00f3 per a la poblaci\u00f3 d&#8217;entre 80 a 89 anys, amb 54 primeres dosis de <a class=\"mh-excerpt-more\" href=\"https:\/\/www.tucomarca.com\/wordpress\/segunda\/ca\/xest-comenca-la-vacunacio-covid-19-per-a-la-poblacio-dentre-80-i-89-anys\/\" title=\"Xest comen\u00e7a la vacunaci\u00f3 Covid-19 per a la poblaci\u00f3 d&#8217;entre 80 i 89 anys\">[+] <\/a><\/div>\n","protected":false},"author":12,"featured_media":123779,"comment_status":"open","ping_status":"open","sticky":false,"template":"","format":"standard","meta":{"footnotes":""},"categories":[11010,12202,10948,10894,10912,10947,10896,10974],"tags":[11071,11939,11940,10914,13963],"class_list":{"0":"post-127586","1":"post","2":"type-post","3":"status-publish","4":"format-standard","5":"has-post-thumbnail","7":"category-canal-salud","8":"category-covid-19-ca","9":"category-infraestructuras-ca","10":"category-la-comarca-ca","11":"category-la-hoya-ca","12":"category-politica","13":"category-seccion-ca","14":"category-cheste-ca","15":"tag-cheste","16":"tag-coronavirus-ca","17":"tag-covid-19-ca","18":"tag-la-hoya-de-bunol-chiva-ca","19":"tag-vacunacion-ca"},"_links":{"self":[{"href":"https:\/\/www.tucomarca.com\/wordpress\/segunda\/ca\/wp-json\/wp\/v2\/posts\/127586","targetHints":{"allow":["GET"]}}],"collection":[{"href":"https:\/\/www.tucomarca.com\/wordpress\/segunda\/ca\/wp-json\/wp\/v2\/posts"}],"about":[{"href":"https:\/\/www.tucomarca.com\/wordpress\/segunda\/ca\/wp-json\/wp\/v2\/types\/post"}],"author":[{"embeddable":true,"href":"https:\/\/www.tucomarca.com\/wordpress\/segunda\/ca\/wp-json\/wp\/v2\/users\/12"}],"replies":[{"embeddable":true,"href":"https:\/\/www.tucomarca.com\/wordpress\/segunda\/ca\/wp-json\/wp\/v2\/comments?post=127586"}],"version-history":[{"count":0,"href":"https:\/\/www.tucomarca.com\/wordpress\/segunda\/ca\/wp-json\/wp\/v2\/posts\/127586\/revisions"}],"wp:featuredmedia":[{"embeddable":true,"href":"https:\/\/www.tucomarca.com\/wordpress\/segunda\/ca\/wp-json\/wp\/v2\/media\/123779"}],"wp:attachment":[{"href":"https:\/\/www.tucomarca.com\/wordpress\/segunda\/ca\/wp-json\/wp\/v2\/media?parent=127586"}],"wp:term":[{"taxonomy":"category","embeddable":true,"href":"https:\/\/www.tucomarca.com\/wordpress\/segunda\/ca\/wp-json\/wp\/v2\/categories?post=127586"},{"taxonomy":"post_tag","embeddable":true,"href":"https:\/\/www.tucomarca.com\/wordpress\/segunda\/ca\/wp-json\/wp\/v2\/tags?post=127586"}],"curies":[{"name":"wp","href":"https:\/\/api.w.org\/{rel}","templated":true}]}}