{"id":127601,"date":"2021-03-04T08:30:00","date_gmt":"2021-03-04T07:30:00","guid":{"rendered":"http:\/\/www.tucomarca.com\/wordpress\/segunda\/?p=127601"},"modified":"2021-03-04T18:20:24","modified_gmt":"2021-03-04T17:20:24","slug":"mes-de-la-meitat-dels-llibres-mes-prestats-a-leliana-en-2020-estan-escrits-per-dones","status":"publish","type":"post","link":"https:\/\/www.tucomarca.com\/wordpress\/segunda\/ca\/mes-de-la-meitat-dels-llibres-mes-prestats-a-leliana-en-2020-estan-escrits-per-dones\/","title":{"rendered":"M\u00e9s de la meitat dels llibres m\u00e9s prestats a l&#8217;Eliana en 2020 estan escrits per dones"},"content":{"rendered":"\n<h4 class=\"wp-block-heading\"><strong><strong>Els usuaris i usu\u00e0ries de la Biblioteca han llegit majorit\u00e0riament obres de Carmelina S\u00e1nchez-Cutillas, Isabel Allende o Almudena Grandes.<\/strong><\/strong><\/h4>\n\n\n\n<p>La Biblioteca P\u00fablica de l&#8217;Eliana ha donat a con\u00e9ixer aquesta setmana la llista dels 14 llibres m\u00e9s prestats de les seccions d&#8217;adult l&#8217;any 2020, 8 de quals estan escrits per dones i tres d&#8217;ells escrits en valenci\u00e0. El t\u00edtol m\u00e9s llegit l&#8217;any de la pand\u00e8mia ha sigut \u2018Terra Alta\u2019 de Javier Cercas, premi Planeta 2019. L&#8217;obra \u2018Trafalgar\u2019 de Benito P\u00e9rez Gald\u00f3s, un dels t\u00edtols triats pel Club de Lectura, ha sigut la segona obra m\u00e9s llegida aquest any passat en el context del \u201cAny Galdosiano\u201d, que rememorava la figura del gran periodista, pol\u00edtic i escriptor espanyol en el centenari de la seua mort. En el top tres \u2018Loba negra\u2019 de Juan G\u00f3mez-Jurado, seguit de \u2018Todo lo que sucedi\u00f3 con Miranda Huff\u2019 de Javier Castillo.&nbsp;<\/p>\n\n\n\n<p>En valenci\u00e0, la novel\u00b7la m\u00e9s llegida va ser \u2018Mat\u00e8ria de Bretanya\u2019 de Carmelina S\u00e1nchez-Cutillas, amb motiu el seu nomenament com a Escriptora de l&#8217;Any per l&#8217;Acad\u00e8mia Valenciana de la Llengua (AVL). I \u00e9s que, la Biblioteca va organitzar el mes de setembre passat una tert\u00falia entorn de la figura de la gran escriptora, investigadora i intel\u00b7lectual valenciana del segle XX. En aquesta mateixa llengua, la segona obra m\u00e9s llegida ha sigut \u2018Canto jo i la muntanya balla\u2019 d&#8217;Irene Sol\u00e0, premi Llibres Anagrama de novel\u00b7la, seguit de \u2018El senyal\u2019 de Marta Meneu-Borja, llibre presentat en el centre poc abans de la irrupci\u00f3 de la pand\u00e8mia.<\/p>\n\n\n\n<p>Entre els llibres m\u00e9s prestats en 2020 a m\u00e9s, es troben altres t\u00edtols escrits per dones com \u2018Largo p\u00e9talo de mar\u2019 de Isabel Allende, \u2018La novia gitana\u2019 de Carmen Mola, \u2018La herida perpetua\u2019 de Almudena Grandes, \u2018El infinito en un junco\u2019 de Irene Vallejo i \u2018La cara norte del coraz\u00f3n\u2019 de Dolores Redondo.<\/p>\n\n\n\n<p><strong>Altres dades de 2020<\/strong><\/p>\n\n\n\n<p>La Biblioteca ha tancat 2020 amb un total de 16.073 usuaris i usu\u00e0ries, una reducci\u00f3 d&#8217;un 68% respecte a l&#8217;any anterior a causa del tancament durant la pand\u00e8mia. No obstant aix\u00f2, durant tot aquest l\u2019any i, malgrat la situaci\u00f3, ha prestat 9.137 llibres, 358 pel\u00b7l\u00edcules i 1.651 peri\u00f2dics i revistes.<\/p>\n\n\n\n<p>A m\u00e9s, els accessos a la plataforma eBiblio de diferents perfils d&#8217;edat no han deixat de cr\u00e9ixer durant aquest any, reduint la bretxa digital. Aix\u00ed com el servei de &#8216;La Biblio a casa&#8217;, que busca acostar els llibres a les llars de majors i persones amb mobilitat redu\u00efda. Les persones interessades en qualsevol d&#8217;aquests servei poden fer-ho a trav\u00e9s del correu electr\u00f2nic <a href=\"mailto:biblioteca@leliana.es\">biblioteca@leliana.es<\/a> o per tel\u00e8fon en el 96 274 23 71.<\/p>\n\n\n\n<p>Aix\u00ed mateix, durant el curt per\u00edode de temps en el qual ha pogut albergar actes ha organitzat un total de 57 activitats entre contacontes, clubs de lectura, xarrades, exposicions i lectures p\u00fabliques.<\/p>\n\n\n\n<p>El regidor de Biblioteca, Jorge P\u00e9rez Comeche, ha celebrat que la literatura en clau femenina i en valenci\u00e0 siga un referent per a elianers i elianeres i ha posat en valor la labor d&#8217;aquest centre cultural durant la pand\u00e8mia, ajudant a mantindre la ment activa a trav\u00e9s de la cultura i la lectura durant el temps de confinament. \u201c<em>2021 ser\u00e0 l&#8217;any en qu\u00e8 arrancaran les obres d&#8217;ampliaci\u00f3 de la Biblioteca, que modernitzaran les instal\u00b7lacions i donaran cobertura a les necessitats del municipi despr\u00e9s de 50 anys al servei de la ciutadania<\/em>\u201d, ha recordat.<\/p>\n","protected":false},"excerpt":{"rendered":"<div class=\"mh-excerpt\">Els usuaris i usu\u00e0ries de la Biblioteca han llegit majorit\u00e0riament obres de Carmelina S\u00e1nchez-Cutillas, Isabel Allende o Almudena Grandes. La Biblioteca P\u00fablica de l&#8217;Eliana ha donat a con\u00e9ixer aquesta setmana la llista dels 14 llibres <a class=\"mh-excerpt-more\" href=\"https:\/\/www.tucomarca.com\/wordpress\/segunda\/ca\/mes-de-la-meitat-dels-llibres-mes-prestats-a-leliana-en-2020-estan-escrits-per-dones\/\" title=\"M\u00e9s de la meitat dels llibres m\u00e9s prestats a l&#8217;Eliana en 2020 estan escrits per dones\">[+] <\/a><\/div>\n","protected":false},"author":12,"featured_media":109039,"comment_status":"open","ping_status":"open","sticky":false,"template":"","format":"standard","meta":{"footnotes":""},"categories":[10892,10894,10893,11007,10896],"tags":[2053,10395,10433],"class_list":{"0":"post-127601","1":"post","2":"type-post","3":"status-publish","4":"format-standard","5":"has-post-thumbnail","7":"category-camp-de-turia-ca","8":"category-la-comarca-ca","9":"category-leliana-ca","10":"category-ocio-y-cultura-ca","11":"category-seccion-ca","12":"tag-biblioteca-municipal","13":"tag-camp-de-turia","14":"tag-leliana"},"_links":{"self":[{"href":"https:\/\/www.tucomarca.com\/wordpress\/segunda\/ca\/wp-json\/wp\/v2\/posts\/127601","targetHints":{"allow":["GET"]}}],"collection":[{"href":"https:\/\/www.tucomarca.com\/wordpress\/segunda\/ca\/wp-json\/wp\/v2\/posts"}],"about":[{"href":"https:\/\/www.tucomarca.com\/wordpress\/segunda\/ca\/wp-json\/wp\/v2\/types\/post"}],"author":[{"embeddable":true,"href":"https:\/\/www.tucomarca.com\/wordpress\/segunda\/ca\/wp-json\/wp\/v2\/users\/12"}],"replies":[{"embeddable":true,"href":"https:\/\/www.tucomarca.com\/wordpress\/segunda\/ca\/wp-json\/wp\/v2\/comments?post=127601"}],"version-history":[{"count":0,"href":"https:\/\/www.tucomarca.com\/wordpress\/segunda\/ca\/wp-json\/wp\/v2\/posts\/127601\/revisions"}],"wp:featuredmedia":[{"embeddable":true,"href":"https:\/\/www.tucomarca.com\/wordpress\/segunda\/ca\/wp-json\/wp\/v2\/media\/109039"}],"wp:attachment":[{"href":"https:\/\/www.tucomarca.com\/wordpress\/segunda\/ca\/wp-json\/wp\/v2\/media?parent=127601"}],"wp:term":[{"taxonomy":"category","embeddable":true,"href":"https:\/\/www.tucomarca.com\/wordpress\/segunda\/ca\/wp-json\/wp\/v2\/categories?post=127601"},{"taxonomy":"post_tag","embeddable":true,"href":"https:\/\/www.tucomarca.com\/wordpress\/segunda\/ca\/wp-json\/wp\/v2\/tags?post=127601"}],"curies":[{"name":"wp","href":"https:\/\/api.w.org\/{rel}","templated":true}]}}