{"id":127662,"date":"2021-03-03T17:59:00","date_gmt":"2021-03-03T16:59:00","guid":{"rendered":"http:\/\/www.tucomarca.com\/wordpress\/segunda\/?p=127662"},"modified":"2021-03-03T22:14:12","modified_gmt":"2021-03-03T21:14:12","slug":"el-centre-de-salut-vacuna-a-grans-dependents-de-leliana","status":"publish","type":"post","link":"https:\/\/www.tucomarca.com\/wordpress\/segunda\/ca\/el-centre-de-salut-vacuna-a-grans-dependents-de-leliana\/","title":{"rendered":"El Centre de Salut vacuna a grans dependents de l&#8217;Eliana"},"content":{"rendered":"\n<h4 class=\"wp-block-heading\"><strong>60 persones d&#8217;aquest grup de risc, i majors d&#8217;entre 87 i 89 anys, seran immunitzats aquesta setmana en l\u2019EPA o en els seus domicilis.<\/strong><\/h4>\n\n\n\n<p>La Zona B\u00e0sica de Salut de l&#8217;Eliana ha informat que aquest passat diumenge ha finalitzat la vacunaci\u00f3 de majors de 90 anys i que, seguint l&#8217;estrat\u00e8gia dissenyada pel Ministeri de Sanitat, el proc\u00e9s continuar\u00e0 aquesta setmana amb les 60 persones de la localitat considerades com a grans dependents, de graus 2 i 3 segons la Llei de Depend\u00e8ncia.<\/p>\n\n\n\n<p>La vacunaci\u00f3 enfront de la COVID-19 continuar\u00e0 en els pr\u00f2xims dies amb els majors de 80 anys. En concret, aquest grup d&#8217;edat, s&#8217;iniciar\u00e0 amb 192 ve\u00efns i ve\u00efnes de 87, 88 i 89 anys. Aquest grup de poblaci\u00f3 de majors de 80 anys i grans dependents&nbsp;<\/p>\n\n\n\n<p>estan rebent la vacuna de Pfizer-comirnaty.<\/p>\n\n\n\n<p>El Centre de Salut est\u00e0 vacunant al dia entre 50 i 60 pacients en el punt de vacunaci\u00f3 de refer\u00e8ncia del Centre de Formaci\u00f3 de Persones Adultes (EPA), en horari de matins i mantenint en tot moment les mesures preventives, mentre que per a aquells ciutadans i ciutadanes que presenten mobilitat limitada un equip compost per un metge i una infermera es despla\u00e7a fins als seus domicilis. En tot cas, tots els pacients han de romandre m\u00ednim 15 minuts en observaci\u00f3 per si apareguera alguna reacci\u00f3 adversa.<\/p>\n\n\n\n<p>D&#8217;aquesta manera, usuaris i usu\u00e0ries de resid\u00e8ncies, personal sanitari i sociosanitari i majors de 90 de l&#8217;Eliana estan ja inoculats amb la primera dosi. A aquests grups s&#8217;inclou la immunitzaci\u00f3 d&#8217;11 agents de la Policia Local i li seguir\u00e0 pr\u00f2ximament la resta de la plantilla. En aquest punt la Conselleria de Sanitat ha informat que rebran la dosi de la vacuna els i les professionals nascuts l&#8217;any 1966 o posterior fins als nascuts i nascudes l&#8217;any 2003, ja que s&#8217;empra la vacuna de AstraZeneca, que est\u00e0 recomanada per a les persones d&#8217;entre 18 i 55 anys. A les persones majors de 55 anys se&#8217;ls vacunar\u00e0 quan els corresponga pel seu grup d&#8217;edat.<\/p>\n\n\n\n<p>Com en altres ocasions, la ciutadania major de 80 que disposa de SIP en aquesta zona de salut rebr\u00e0 una cridada telef\u00f2nica per a donar-li cita o acudir al domicili. La poblaci\u00f3 d&#8217;aquesta franja d&#8217;edat amb bona mobilitat i despla\u00e7ats a l&#8217;Eliana hauran d&#8217;acudir als seus centres quan els criden. Aquells amb problemes de mobilitat no assignats en la localitat poden obtindre un SIP de despla\u00e7ament provisional en el 96 271 84 40.<\/p>\n\n\n\n<p>L&#8217;alcalde de l&#8217;Eliana, Salva Torrent, ha agra\u00eft al personal sanitari l&#8217;enorme esfor\u00e7 que est\u00e0 realitzant per a immunitzar a la poblaci\u00f3 i ha instat a elianers i elianeres a no baixar la gu\u00e0rdia davant l&#8217;arribada de la vacunaci\u00f3 massiva, prevista a partir del pr\u00f2xim mes d&#8217;abril.<\/p>\n","protected":false},"excerpt":{"rendered":"<div class=\"mh-excerpt\">60 persones d&#8217;aquest grup de risc, i majors d&#8217;entre 87 i 89 anys, seran immunitzats aquesta setmana en l\u2019EPA o en els seus domicilis. La Zona B\u00e0sica de Salut de l&#8217;Eliana ha informat que aquest <a class=\"mh-excerpt-more\" href=\"https:\/\/www.tucomarca.com\/wordpress\/segunda\/ca\/el-centre-de-salut-vacuna-a-grans-dependents-de-leliana\/\" title=\"El Centre de Salut vacuna a grans dependents de l&#8217;Eliana\">[+] <\/a><\/div>\n","protected":false},"author":12,"featured_media":127661,"comment_status":"open","ping_status":"open","sticky":false,"template":"","format":"standard","meta":{"footnotes":""},"categories":[10892,11010,12202,10894,10893,10947,10896],"tags":[10395,11937,11938,10433,1973],"class_list":{"0":"post-127662","1":"post","2":"type-post","3":"status-publish","4":"format-standard","5":"has-post-thumbnail","7":"category-camp-de-turia-ca","8":"category-canal-salud","9":"category-covid-19-ca","10":"category-la-comarca-ca","11":"category-leliana-ca","12":"category-politica","13":"category-seccion-ca","14":"tag-camp-de-turia","15":"tag-coronavirus","16":"tag-covid-19","17":"tag-leliana","18":"tag-vacunacion"},"_links":{"self":[{"href":"https:\/\/www.tucomarca.com\/wordpress\/segunda\/ca\/wp-json\/wp\/v2\/posts\/127662","targetHints":{"allow":["GET"]}}],"collection":[{"href":"https:\/\/www.tucomarca.com\/wordpress\/segunda\/ca\/wp-json\/wp\/v2\/posts"}],"about":[{"href":"https:\/\/www.tucomarca.com\/wordpress\/segunda\/ca\/wp-json\/wp\/v2\/types\/post"}],"author":[{"embeddable":true,"href":"https:\/\/www.tucomarca.com\/wordpress\/segunda\/ca\/wp-json\/wp\/v2\/users\/12"}],"replies":[{"embeddable":true,"href":"https:\/\/www.tucomarca.com\/wordpress\/segunda\/ca\/wp-json\/wp\/v2\/comments?post=127662"}],"version-history":[{"count":0,"href":"https:\/\/www.tucomarca.com\/wordpress\/segunda\/ca\/wp-json\/wp\/v2\/posts\/127662\/revisions"}],"wp:featuredmedia":[{"embeddable":true,"href":"https:\/\/www.tucomarca.com\/wordpress\/segunda\/ca\/wp-json\/wp\/v2\/media\/127661"}],"wp:attachment":[{"href":"https:\/\/www.tucomarca.com\/wordpress\/segunda\/ca\/wp-json\/wp\/v2\/media?parent=127662"}],"wp:term":[{"taxonomy":"category","embeddable":true,"href":"https:\/\/www.tucomarca.com\/wordpress\/segunda\/ca\/wp-json\/wp\/v2\/categories?post=127662"},{"taxonomy":"post_tag","embeddable":true,"href":"https:\/\/www.tucomarca.com\/wordpress\/segunda\/ca\/wp-json\/wp\/v2\/tags?post=127662"}],"curies":[{"name":"wp","href":"https:\/\/api.w.org\/{rel}","templated":true}]}}