{"id":127799,"date":"2021-03-05T13:14:00","date_gmt":"2021-03-05T12:14:00","guid":{"rendered":"http:\/\/www.tucomarca.com\/wordpress\/segunda\/?p=127799"},"modified":"2021-03-05T21:16:17","modified_gmt":"2021-03-05T20:16:17","slug":"requena-recicla-loli-domiciliari","status":"publish","type":"post","link":"https:\/\/www.tucomarca.com\/wordpress\/segunda\/ca\/requena-recicla-loli-domiciliari\/","title":{"rendered":"Requena recicla l&#8217;oli domiciliari"},"content":{"rendered":"\n<p>L&#8217;Ajuntament de Requena, dins del servei de recollida de residus s\u00f2lids urbans, ha instal\u00b7lat 6 nous contenidors per al reciclatge d&#8217;oli domiciliari en el municipi.<br>Les persones que no sabien qu\u00e8 fer amb l&#8217;oli usat, ara el tenen molt f\u00e0cil.<br>Els sis nous contenidors aconsegueixen un sistema efica\u00e7 de recollida d&#8217;oli usat generat en els domicilis particulars, evitant aix\u00ed que acabe en el desgu\u00e0s de les cuines.<br>Una vegada depositat l&#8217;oli en el nou contenidor, una empresa externa el recollir\u00e0 i el reciclar\u00e0 per complet generant biodi\u00e8sel.<br>Els nous contenidors estan situats en el nucli urb\u00e0 de Requena i en les pedanies de Sant Antoni i el Pont\u00f3. Informa, <strong>Luis Ib\u00e1\u00f1e<\/strong>z.<\/p>\n","protected":false},"excerpt":{"rendered":"<div class=\"mh-excerpt\">L&#8217;Ajuntament de Requena, dins del servei de recollida de residus s\u00f2lids urbans, ha instal\u00b7lat 6 nous contenidors per al reciclatge d&#8217;oli domiciliari en el municipi.Les persones que no sabien qu\u00e8 fer amb l&#8217;oli usat, ara <a class=\"mh-excerpt-more\" href=\"https:\/\/www.tucomarca.com\/wordpress\/segunda\/ca\/requena-recicla-loli-domiciliari\/\" title=\"Requena recicla l&#8217;oli domiciliari\">[+] <\/a><\/div>\n","protected":false},"author":1,"featured_media":127757,"comment_status":"open","ping_status":"open","sticky":false,"template":"","format":"standard","meta":{"footnotes":""},"categories":[10948,10894,10903,10947,10908,10909,10896],"tags":[13987,12166,10910],"class_list":{"0":"post-127799","1":"post","2":"type-post","3":"status-publish","4":"format-standard","5":"has-post-thumbnail","7":"category-infraestructuras-ca","8":"category-la-comarca-ca","9":"category-medio-ambiente-la-comarca-ca","10":"category-politica","11":"category-requena-ca","12":"category-requena-utiel-ca","13":"category-seccion-ca","14":"tag-aceite-ca","15":"tag-medio-ambiente-ca","16":"tag-requena-utiel-ca"},"_links":{"self":[{"href":"https:\/\/www.tucomarca.com\/wordpress\/segunda\/ca\/wp-json\/wp\/v2\/posts\/127799","targetHints":{"allow":["GET"]}}],"collection":[{"href":"https:\/\/www.tucomarca.com\/wordpress\/segunda\/ca\/wp-json\/wp\/v2\/posts"}],"about":[{"href":"https:\/\/www.tucomarca.com\/wordpress\/segunda\/ca\/wp-json\/wp\/v2\/types\/post"}],"author":[{"embeddable":true,"href":"https:\/\/www.tucomarca.com\/wordpress\/segunda\/ca\/wp-json\/wp\/v2\/users\/1"}],"replies":[{"embeddable":true,"href":"https:\/\/www.tucomarca.com\/wordpress\/segunda\/ca\/wp-json\/wp\/v2\/comments?post=127799"}],"version-history":[{"count":0,"href":"https:\/\/www.tucomarca.com\/wordpress\/segunda\/ca\/wp-json\/wp\/v2\/posts\/127799\/revisions"}],"wp:featuredmedia":[{"embeddable":true,"href":"https:\/\/www.tucomarca.com\/wordpress\/segunda\/ca\/wp-json\/wp\/v2\/media\/127757"}],"wp:attachment":[{"href":"https:\/\/www.tucomarca.com\/wordpress\/segunda\/ca\/wp-json\/wp\/v2\/media?parent=127799"}],"wp:term":[{"taxonomy":"category","embeddable":true,"href":"https:\/\/www.tucomarca.com\/wordpress\/segunda\/ca\/wp-json\/wp\/v2\/categories?post=127799"},{"taxonomy":"post_tag","embeddable":true,"href":"https:\/\/www.tucomarca.com\/wordpress\/segunda\/ca\/wp-json\/wp\/v2\/tags?post=127799"}],"curies":[{"name":"wp","href":"https:\/\/api.w.org\/{rel}","templated":true}]}}