{"id":127835,"date":"2021-03-06T09:15:00","date_gmt":"2021-03-06T08:15:00","guid":{"rendered":"http:\/\/www.tucomarca.com\/wordpress\/segunda\/?p=127835"},"modified":"2021-03-06T18:49:38","modified_gmt":"2021-03-06T17:49:38","slug":"requena-acull-lexposicio-memoria-dun-lloc-concret","status":"publish","type":"post","link":"https:\/\/www.tucomarca.com\/wordpress\/segunda\/ca\/requena-acull-lexposicio-memoria-dun-lloc-concret\/","title":{"rendered":"Requena acull l&#8217;exposici\u00f3 &#8220;Mem\u00f2ria d&#8217;un lloc concret&#8221;"},"content":{"rendered":"\n<p>La sala d&#8217;exposicions Antic Mercat de Requena acollir\u00e0 l&#8217;exposici\u00f3 de la 24 beca Pedro Marco, &#8220;Mem\u00f2ria d&#8217;un lloc concret&#8221;, d&#8217;Alex Gambin. <\/p>\n\n\n\n<p>Es podr\u00e0 visitar des del divendres 12 de mar\u00e7, fins al 12 d&#8217;abril. L&#8217;horari de visites ser\u00e0 de dimarts a diumenge de 17,00 a 20,00 hores. Informa, <strong>Luis Ib\u00e1\u00f1ez.<\/strong><\/p>\n","protected":false},"excerpt":{"rendered":"<div class=\"mh-excerpt\">La sala d&#8217;exposicions Antic Mercat de Requena acollir\u00e0 l&#8217;exposici\u00f3 de la 24 beca Pedro Marco, &#8220;Mem\u00f2ria d&#8217;un lloc concret&#8221;, d&#8217;Alex Gambin. Es podr\u00e0 visitar des del divendres 12 de mar\u00e7, fins al 12 d&#8217;abril. L&#8217;horari <a class=\"mh-excerpt-more\" href=\"https:\/\/www.tucomarca.com\/wordpress\/segunda\/ca\/requena-acull-lexposicio-memoria-dun-lloc-concret\/\" title=\"Requena acull l&#8217;exposici\u00f3 &#8220;Mem\u00f2ria d&#8217;un lloc concret&#8221;\">[+] <\/a><\/div>\n","protected":false},"author":12,"featured_media":127834,"comment_status":"open","ping_status":"open","sticky":false,"template":"","format":"standard","meta":{"footnotes":""},"categories":[11019,10894,11007,11063,10908,10909,10896],"tags":[12792,11099,10910],"class_list":{"0":"post-127835","1":"post","2":"type-post","3":"status-publish","4":"format-standard","5":"has-post-thumbnail","7":"category-agenda-ca","8":"category-la-comarca-ca","9":"category-ocio-y-cultura-ca","10":"category-pintura-ca","11":"category-requena-ca","12":"category-requena-utiel-ca","13":"category-seccion-ca","14":"tag-exposicion-ca","15":"tag-requena-ca","16":"tag-requena-utiel-ca"},"_links":{"self":[{"href":"https:\/\/www.tucomarca.com\/wordpress\/segunda\/ca\/wp-json\/wp\/v2\/posts\/127835","targetHints":{"allow":["GET"]}}],"collection":[{"href":"https:\/\/www.tucomarca.com\/wordpress\/segunda\/ca\/wp-json\/wp\/v2\/posts"}],"about":[{"href":"https:\/\/www.tucomarca.com\/wordpress\/segunda\/ca\/wp-json\/wp\/v2\/types\/post"}],"author":[{"embeddable":true,"href":"https:\/\/www.tucomarca.com\/wordpress\/segunda\/ca\/wp-json\/wp\/v2\/users\/12"}],"replies":[{"embeddable":true,"href":"https:\/\/www.tucomarca.com\/wordpress\/segunda\/ca\/wp-json\/wp\/v2\/comments?post=127835"}],"version-history":[{"count":0,"href":"https:\/\/www.tucomarca.com\/wordpress\/segunda\/ca\/wp-json\/wp\/v2\/posts\/127835\/revisions"}],"wp:featuredmedia":[{"embeddable":true,"href":"https:\/\/www.tucomarca.com\/wordpress\/segunda\/ca\/wp-json\/wp\/v2\/media\/127834"}],"wp:attachment":[{"href":"https:\/\/www.tucomarca.com\/wordpress\/segunda\/ca\/wp-json\/wp\/v2\/media?parent=127835"}],"wp:term":[{"taxonomy":"category","embeddable":true,"href":"https:\/\/www.tucomarca.com\/wordpress\/segunda\/ca\/wp-json\/wp\/v2\/categories?post=127835"},{"taxonomy":"post_tag","embeddable":true,"href":"https:\/\/www.tucomarca.com\/wordpress\/segunda\/ca\/wp-json\/wp\/v2\/tags?post=127835"}],"curies":[{"name":"wp","href":"https:\/\/api.w.org\/{rel}","templated":true}]}}