{"id":127933,"date":"2021-03-07T21:00:00","date_gmt":"2021-03-07T20:00:00","guid":{"rendered":"http:\/\/www.tucomarca.com\/wordpress\/segunda\/?p=127933"},"modified":"2021-03-08T11:00:50","modified_gmt":"2021-03-08T10:00:50","slug":"la-generalitat-premia-lajuntament-de-xest-per-les-seues-iniciatives-durbanisme-inclusiu","status":"publish","type":"post","link":"https:\/\/www.tucomarca.com\/wordpress\/segunda\/ca\/la-generalitat-premia-lajuntament-de-xest-per-les-seues-iniciatives-durbanisme-inclusiu\/","title":{"rendered":"La Generalitat premia l&#8217;Ajuntament de Xest per les seues iniciatives d&#8217;urbanisme inclusiu"},"content":{"rendered":"\n<p>Dimecres passat, 3 de mar\u00e7, va tenir lloc el lliurament dels V Premis d&#8217;Urbanisme, Mobilitat, Paisatge, Habitatge i Arquitectura amb perspectiva de g\u00e8nere promoguts per la Generalitat Valenciana, en la qual Xest ha estat premiat en la categoria d&#8217;Ajuntaments d&#8217;entre 5.000 i 20.000 habitants per un projecte que contempla diverses iniciatives sota el nom &#8220;Xest, urbanisme inclusiu&#8221; i que s&#8217;ha de presentar de forma online dilluns que ve, 8 de mar\u00e7, a les 19 hores.<\/p>\n\n\n\n<figure class=\"wp-block-gallery columns-2 is-cropped wp-block-gallery-1 is-layout-flex wp-block-gallery-is-layout-flex\"><ul class=\"blocks-gallery-grid\"><li class=\"blocks-gallery-item\"><figure><img loading=\"lazy\" decoding=\"async\" width=\"787\" height=\"525\" src=\"http:\/\/www.tucomarca.com\/wordpress\/segunda\/wp-content\/uploads\/2021\/03\/ChestePremiosGVA2-1.jpg\" alt=\"\" data-id=\"127930\" data-full-url=\"http:\/\/www.tucomarca.com\/wordpress\/segunda\/wp-content\/uploads\/2021\/03\/ChestePremiosGVA2-1.jpg\" data-link=\"https:\/\/www.tucomarca.com\/wordpress\/segunda\/ca\/?attachment_id=127930\" class=\"wp-image-127930\" srcset=\"https:\/\/www.tucomarca.com\/wordpress\/segunda\/wp-content\/uploads\/2021\/03\/ChestePremiosGVA2-1.jpg 787w, https:\/\/www.tucomarca.com\/wordpress\/segunda\/wp-content\/uploads\/2021\/03\/ChestePremiosGVA2-1-300x200.jpg 300w, https:\/\/www.tucomarca.com\/wordpress\/segunda\/wp-content\/uploads\/2021\/03\/ChestePremiosGVA2-1-768x512.jpg 768w\" sizes=\"auto, (max-width: 787px) 100vw, 787px\" \/><\/figure><\/li><li class=\"blocks-gallery-item\"><figure><img loading=\"lazy\" decoding=\"async\" width=\"787\" height=\"525\" src=\"http:\/\/www.tucomarca.com\/wordpress\/segunda\/wp-content\/uploads\/2021\/03\/ChestePremiosGVA3.jpg\" alt=\"\" data-id=\"127932\" data-full-url=\"http:\/\/www.tucomarca.com\/wordpress\/segunda\/wp-content\/uploads\/2021\/03\/ChestePremiosGVA3.jpg\" data-link=\"https:\/\/www.tucomarca.com\/wordpress\/segunda\/ca\/?attachment_id=127932\" class=\"wp-image-127932\" srcset=\"https:\/\/www.tucomarca.com\/wordpress\/segunda\/wp-content\/uploads\/2021\/03\/ChestePremiosGVA3.jpg 787w, https:\/\/www.tucomarca.com\/wordpress\/segunda\/wp-content\/uploads\/2021\/03\/ChestePremiosGVA3-300x200.jpg 300w, https:\/\/www.tucomarca.com\/wordpress\/segunda\/wp-content\/uploads\/2021\/03\/ChestePremiosGVA3-768x512.jpg 768w\" sizes=\"auto, (max-width: 787px) 100vw, 787px\" \/><\/figure><\/li><\/ul><\/figure>\n\n\n\n<p>&#8220;\u00c9s un orgull rebre aquest reconeixement a nivell de Comunitat Valenciana pel treball desenvolupat a l&#8217;Ajuntament en els \u00faltims anys en mat\u00e8ria d&#8217;urbanisme&#8221;, ha declarat l&#8217;alcalde, Jos\u00e9 Morell. &#8220;S&#8217;ha valorat el nostre projecte integral d&#8217;urbanisme sostenible; una aposta centrada en les persones de tota condici\u00f3 i edat que persevera en l&#8217;accessibilitat, la inclusi\u00f3 i la participaci\u00f3 ciutadana; i aix\u00f2 ens anima a continuar treballant per aprofundir en aquesta l\u00ednia &#8220;.<\/p>\n\n\n\n<p>Les iniciatives que s&#8217;han presentat a concurs han estat el Cat\u00e0leg Urb\u00e0, que recull la perspectiva de g\u00e8nere en la planificaci\u00f3 i desenvolupament urban\u00edstic del municipi; el documental La Pla\u00e7a de les Chestanas, que es presentar\u00e0 aquesta tarda, divendres 5 de mar\u00e7, emmarcat en els actes de l&#8217;8M; i la revisi\u00f3 dels noms dels carrers del municipi, arran d&#8217;un estudi realitzat per l&#8217;alumnat de l&#8217;IES Ricardo Mar\u00edn, que posava de relleu la manca de referents femenines en el recorregut urb\u00e0. En aquest sentit, la Generalitat ha reconegut el comprom\u00eds de l&#8217;Ajuntament de Xest per visibilitzar a dones relacionades amb la ci\u00e8ncia i la tecnologia, donant nom als carrers de el nou Parc Empresarial de Circuit de Xest; aix\u00ed mateix, s&#8217;ha valorat el projecte de municipi &#8216;Decideix teu pati&#8217;, en qu\u00e8 els i les escolars han participat en el disseny de patis educatius i igualitaris.<\/p>\n\n\n\n<p>En l&#8217;acte de lliurament, que ha tingut lloc al Palau de Pineda, ha participat la vicepresidenta i consellera d&#8217;Igualtat i Pol\u00edtiques Inclusives, M\u00f3nica Oltra, el vicepresident segon i conseller d&#8217;Habitatge i Arquitectura Bioclim\u00e0tica, Rub\u00e9n Mart\u00ednez Dalmau, i el conseller d&#8217; pol\u00edtica Territorial, Obres P\u00fabliques i Mobilitat, Arcadi Espanya, que han coincidit a destacar la import\u00e0ncia d&#8217;aplicar la perspectiva de g\u00e8nere per promoure la igualtat.<\/p>\n\n\n\n<p>&#8220;Vull agrair a l&#8217;equip d&#8217;urbanisme de l&#8217;Ajuntament el seu treball constant i als gabinets d&#8217;arquitectura Eseiesa i Fent Estudi per col\u00b7laborar amb l&#8217;Ajuntament en fer-ho possible; i destacar la incorporaci\u00f3 transversal de les propostes en coordinaci\u00f3 amb les regidories de Serveis, Igualtat, Educaci\u00f3, Participaci\u00f3, entre d&#8217;altres &#8220;, ha afegit Morell.<\/p>\n\n\n\n<p>Informaci\u00f3 d&#8217;acc\u00e9s \u00b7 Presentaci\u00f3 de projecte &#8220;Xest, urbanisme inclusiu&#8221;<br>Enlla\u00e7: <a href=\"https:\/\/meet.jit.si\/Cheste.urbanismo.inclusivo\">https:\/\/meet.jit.si\/Cheste.urbanismo.inclusivo<\/a><\/p>\n","protected":false},"excerpt":{"rendered":"<div class=\"mh-excerpt\">Dimecres passat, 3 de mar\u00e7, va tenir lloc el lliurament dels V Premis d&#8217;Urbanisme, Mobilitat, Paisatge, Habitatge i Arquitectura amb perspectiva de g\u00e8nere promoguts per la Generalitat Valenciana, en la qual Xest ha estat premiat <a class=\"mh-excerpt-more\" href=\"https:\/\/www.tucomarca.com\/wordpress\/segunda\/ca\/la-generalitat-premia-lajuntament-de-xest-per-les-seues-iniciatives-durbanisme-inclusiu\/\" title=\"La Generalitat premia l&#8217;Ajuntament de Xest per les seues iniciatives d&#8217;urbanisme inclusiu\">[+] <\/a><\/div>\n","protected":false},"author":12,"featured_media":127928,"comment_status":"open","ping_status":"open","sticky":false,"template":"","format":"standard","meta":{"footnotes":""},"categories":[10948,10894,10912,10947,10896,10974],"tags":[11071,11498,10914,14010],"class_list":{"0":"post-127933","1":"post","2":"type-post","3":"status-publish","4":"format-standard","5":"has-post-thumbnail","7":"category-infraestructuras-ca","8":"category-la-comarca-ca","9":"category-la-hoya-ca","10":"category-politica","11":"category-seccion-ca","12":"category-cheste-ca","13":"tag-cheste","14":"tag-generalitat-valenciana-ca","15":"tag-la-hoya-de-bunol-chiva-ca","16":"tag-urbanismo-inclusivo-ca"},"_links":{"self":[{"href":"https:\/\/www.tucomarca.com\/wordpress\/segunda\/ca\/wp-json\/wp\/v2\/posts\/127933","targetHints":{"allow":["GET"]}}],"collection":[{"href":"https:\/\/www.tucomarca.com\/wordpress\/segunda\/ca\/wp-json\/wp\/v2\/posts"}],"about":[{"href":"https:\/\/www.tucomarca.com\/wordpress\/segunda\/ca\/wp-json\/wp\/v2\/types\/post"}],"author":[{"embeddable":true,"href":"https:\/\/www.tucomarca.com\/wordpress\/segunda\/ca\/wp-json\/wp\/v2\/users\/12"}],"replies":[{"embeddable":true,"href":"https:\/\/www.tucomarca.com\/wordpress\/segunda\/ca\/wp-json\/wp\/v2\/comments?post=127933"}],"version-history":[{"count":0,"href":"https:\/\/www.tucomarca.com\/wordpress\/segunda\/ca\/wp-json\/wp\/v2\/posts\/127933\/revisions"}],"wp:featuredmedia":[{"embeddable":true,"href":"https:\/\/www.tucomarca.com\/wordpress\/segunda\/ca\/wp-json\/wp\/v2\/media\/127928"}],"wp:attachment":[{"href":"https:\/\/www.tucomarca.com\/wordpress\/segunda\/ca\/wp-json\/wp\/v2\/media?parent=127933"}],"wp:term":[{"taxonomy":"category","embeddable":true,"href":"https:\/\/www.tucomarca.com\/wordpress\/segunda\/ca\/wp-json\/wp\/v2\/categories?post=127933"},{"taxonomy":"post_tag","embeddable":true,"href":"https:\/\/www.tucomarca.com\/wordpress\/segunda\/ca\/wp-json\/wp\/v2\/tags?post=127933"}],"curies":[{"name":"wp","href":"https:\/\/api.w.org\/{rel}","templated":true}]}}