{"id":128027,"date":"2021-03-08T10:00:00","date_gmt":"2021-03-08T09:00:00","guid":{"rendered":"http:\/\/www.tucomarca.com\/wordpress\/segunda\/?p=128027"},"modified":"2021-03-08T21:49:46","modified_gmt":"2021-03-08T20:49:46","slug":"el-pp-de-la-provincia-de-valencia-completa-leleccio-de-46-presidencies-locals","status":"publish","type":"post","link":"https:\/\/www.tucomarca.com\/wordpress\/segunda\/ca\/el-pp-de-la-provincia-de-valencia-completa-leleccio-de-46-presidencies-locals\/","title":{"rendered":"El PP de la prov\u00edncia de Val\u00e8ncia completa l&#8217;elecci\u00f3 de 46 presid\u00e8ncies locals"},"content":{"rendered":"\n<h4 class=\"wp-block-heading\">En la segona setmana de celebraci\u00f3 dels congressos locals han sigut un total de 18 els conclaves que s&#8217;han desenvolupat<\/h4>\n\n\n\n<h4 class=\"wp-block-heading\">Aquesta primera fase s&#8217;estendr\u00e0 fins al pr\u00f2xim 28 de mar\u00e7 i permetr\u00e0 elegir a m\u00e9s de 120 direccions en l&#8217;\u00e0mbit municipal<\/h4>\n\n\n\n<figure class=\"wp-block-gallery columns-2 is-cropped wp-block-gallery-1 is-layout-flex wp-block-gallery-is-layout-flex\"><ul class=\"blocks-gallery-grid\"><li class=\"blocks-gallery-item\"><figure><img loading=\"lazy\" decoding=\"async\" width=\"768\" height=\"1024\" src=\"http:\/\/www.tucomarca.com\/wordpress\/segunda\/wp-content\/uploads\/2021\/03\/PPcongresos03-1-768x1024.jpg\" alt=\"\" data-id=\"128022\" data-full-url=\"https:\/\/www.tucomarca.com\/wordpress\/segunda\/wp-content\/uploads\/2021\/03\/PPcongresos03-1.jpg\" data-link=\"https:\/\/www.tucomarca.com\/wordpress\/segunda\/?attachment_id=128022\" class=\"wp-image-128022\" srcset=\"https:\/\/www.tucomarca.com\/wordpress\/segunda\/wp-content\/uploads\/2021\/03\/PPcongresos03-1-768x1024.jpg 768w, https:\/\/www.tucomarca.com\/wordpress\/segunda\/wp-content\/uploads\/2021\/03\/PPcongresos03-1-225x300.jpg 225w, https:\/\/www.tucomarca.com\/wordpress\/segunda\/wp-content\/uploads\/2021\/03\/PPcongresos03-1.jpg 787w\" sizes=\"auto, (max-width: 768px) 100vw, 768px\" \/><\/figure><\/li><li class=\"blocks-gallery-item\"><figure><img loading=\"lazy\" decoding=\"async\" width=\"787\" height=\"590\" src=\"http:\/\/www.tucomarca.com\/wordpress\/segunda\/wp-content\/uploads\/2021\/03\/PPcongresos02-1.jpg\" alt=\"\" data-id=\"128024\" data-full-url=\"http:\/\/www.tucomarca.com\/wordpress\/segunda\/wp-content\/uploads\/2021\/03\/PPcongresos02-1.jpg\" data-link=\"https:\/\/www.tucomarca.com\/wordpress\/segunda\/?attachment_id=128024\" class=\"wp-image-128024\" srcset=\"https:\/\/www.tucomarca.com\/wordpress\/segunda\/wp-content\/uploads\/2021\/03\/PPcongresos02-1.jpg 787w, https:\/\/www.tucomarca.com\/wordpress\/segunda\/wp-content\/uploads\/2021\/03\/PPcongresos02-1-300x225.jpg 300w, https:\/\/www.tucomarca.com\/wordpress\/segunda\/wp-content\/uploads\/2021\/03\/PPcongresos02-1-768x576.jpg 768w, https:\/\/www.tucomarca.com\/wordpress\/segunda\/wp-content\/uploads\/2021\/03\/PPcongresos02-1-678x509.jpg 678w, https:\/\/www.tucomarca.com\/wordpress\/segunda\/wp-content\/uploads\/2021\/03\/PPcongresos02-1-326x245.jpg 326w, https:\/\/www.tucomarca.com\/wordpress\/segunda\/wp-content\/uploads\/2021\/03\/PPcongresos02-1-80x60.jpg 80w\" sizes=\"auto, (max-width: 787px) 100vw, 787px\" \/><\/figure><\/li><\/ul><\/figure>\n\n\n\n<p>El PP de la prov\u00edncia de Val\u00e8ncia ha celebrat aquesta setmana un total de 18 congressos locals que se sumen als 28 de la passada per a completar un total de 46 eleccions de presidents i presidentes del partit en l&#8217;\u00e0mbit local i que contribueixen a continuar enfortint l&#8217;estructura amb vista als pr\u00f2xims processos electorals.<\/p>\n\n\n\n<p>L&#8217;alta participaci\u00f3 i l&#8217;abs\u00e8ncia d&#8217;incid\u00e8ncies ha sigut la t\u00f2nica dominant en la celebraci\u00f3 d&#8217;aquests conclaves locals que, en aquesta primera fase, s&#8217;estendran fins al pr\u00f2xim 28 de mar\u00e7 quan est\u00e0 previst que s&#8217;hagen elegit m\u00e9s de 120 direccions locals.<\/p>\n\n\n\n<p>Aix\u00ed a la comarca de l&#8217;Horta Nord ha resultat triat Javier Valero, al capdavant del PP de Bonrep\u00f2s i Mirambell, mentre que a Tavernes Blanques s&#8217;ha imposat Arturo Ros.<\/p>\n\n\n\n<p>En el Rac\u00f3 d&#8217;Ademuz s&#8217;han celebrat tres congressos. El primer a Castielfabib on s&#8217;ha imposat Eduardo Aguilar; el segon a Casas Altas en el qual el president local triat \u00e9s C\u00e9sar S\u00e1nchez i a Vallanca ha guanyat l&#8217;actual alcaldessa, Ruth S\u00e1nchez.<\/p>\n\n\n\n<p>La coordinadora comarcal de la Canal de Navarr\u00e9s, Estela Darocas, ha sigut elegida com a presidenta local de Navarr\u00e9s, localitat de la qual tamb\u00e9 \u00e9s alcaldessa. Mentrestant, a la Ribera Alta, Vicente Estruch ha sigut elegit al capdavant de la direcci\u00f3 local de Guadassuar.<br>L&#8217;alcaldessa de Pedralba, Sandra Tur\u00e9gano, ha sigut elegida com a presidenta local del partit en aquest municipi del Camp de T\u00faria. A La Costera, per part seua, s&#8217;han celebrat dos congressos locals. En el primer Jos\u00e9 Luis Ortiz ha guanyat a Moixent, i en el segon Gustavo Aznar ha sigut elegit president local de Llosa de Ranes.<\/p>\n\n\n\n<p>A la Vall d&#8217;Albaida, Carolina Mengual ha guanyat en el congr\u00e9s local de R\u00e1fol de Salem i \u00d3scar Bataller en el de la Pobla del Duc.<br>Silvia Gonz\u00e1lez ha sigut elegida presidenta local del PP de Bu\u00f1ol, mentre que a la comarca de la Regi\u00f3 muntanyenca, Teresa Cervera ha guanyat en el congr\u00e9s celebrat a Bugarra, localitat de la qual \u00e9s alcaldessa i a la comarca de la Safor ha sigut Mar\u00eda Elena Tellecha qui ha guanyat en el conclave celebrat a Barx.<\/p>\n\n\n\n<p>Finalment, al Camp de Morvedre s&#8217;han celebrat quatre congressos. Leandro Mart\u00ednez ha sigut elegit president local de Canet d&#8217;en Berenguer; Francisco Aicart ha guanyat a Gilet; Mariano Condomina a Benifair\u00f3 de les Valls i Javier Torres en Torres-Torres.<\/p>\n","protected":false},"excerpt":{"rendered":"<div class=\"mh-excerpt\">En la segona setmana de celebraci\u00f3 dels congressos locals han sigut un total de 18 els conclaves que s&#8217;han desenvolupat Aquesta primera fase s&#8217;estendr\u00e0 fins al pr\u00f2xim 28 de mar\u00e7 i permetr\u00e0 elegir a m\u00e9s <a class=\"mh-excerpt-more\" href=\"https:\/\/www.tucomarca.com\/wordpress\/segunda\/ca\/el-pp-de-la-provincia-de-valencia-completa-leleccio-de-46-presidencies-locals\/\" title=\"El PP de la prov\u00edncia de Val\u00e8ncia completa l&#8217;elecci\u00f3 de 46 presid\u00e8ncies locals\">[+] <\/a><\/div>\n","protected":false},"author":12,"featured_media":128017,"comment_status":"open","ping_status":"open","sticky":false,"template":"","format":"standard","meta":{"footnotes":""},"categories":[10890,11040,10911,10923,10925,11046,10898,10994,10948,10963,10894,10904,10912,10971,11025,10947,10896,10962],"tags":[13397,11978,13398,11344],"class_list":{"0":"post-128027","1":"post","2":"type-post","3":"status-publish","4":"format-standard","5":"has-post-thumbnail","7":"category-ademus","8":"category-bugarra-ca","9":"category-bunol-ca","10":"category-cases-altes","11":"category-castielfabib-ca","12":"category-los-serranos-ca","13":"category-ventana-ca","14":"category-guadassuar-ca","15":"category-infraestructuras-ca","16":"category-la-canal-de-navarres-ca","17":"category-la-comarca-ca","18":"category-sin-categorizar-ca","19":"category-la-hoya-ca","20":"category-navarres-ca","21":"category-pedralba-ca","22":"category-politica","23":"category-seccion-ca","24":"category-vallanca-ca","25":"tag-congresos-locales-ca","26":"tag-partido-popular-ca","27":"tag-populares-provincia-de-valencia-ca","28":"tag-pp-ca"},"_links":{"self":[{"href":"https:\/\/www.tucomarca.com\/wordpress\/segunda\/ca\/wp-json\/wp\/v2\/posts\/128027","targetHints":{"allow":["GET"]}}],"collection":[{"href":"https:\/\/www.tucomarca.com\/wordpress\/segunda\/ca\/wp-json\/wp\/v2\/posts"}],"about":[{"href":"https:\/\/www.tucomarca.com\/wordpress\/segunda\/ca\/wp-json\/wp\/v2\/types\/post"}],"author":[{"embeddable":true,"href":"https:\/\/www.tucomarca.com\/wordpress\/segunda\/ca\/wp-json\/wp\/v2\/users\/12"}],"replies":[{"embeddable":true,"href":"https:\/\/www.tucomarca.com\/wordpress\/segunda\/ca\/wp-json\/wp\/v2\/comments?post=128027"}],"version-history":[{"count":0,"href":"https:\/\/www.tucomarca.com\/wordpress\/segunda\/ca\/wp-json\/wp\/v2\/posts\/128027\/revisions"}],"wp:featuredmedia":[{"embeddable":true,"href":"https:\/\/www.tucomarca.com\/wordpress\/segunda\/ca\/wp-json\/wp\/v2\/media\/128017"}],"wp:attachment":[{"href":"https:\/\/www.tucomarca.com\/wordpress\/segunda\/ca\/wp-json\/wp\/v2\/media?parent=128027"}],"wp:term":[{"taxonomy":"category","embeddable":true,"href":"https:\/\/www.tucomarca.com\/wordpress\/segunda\/ca\/wp-json\/wp\/v2\/categories?post=128027"},{"taxonomy":"post_tag","embeddable":true,"href":"https:\/\/www.tucomarca.com\/wordpress\/segunda\/ca\/wp-json\/wp\/v2\/tags?post=128027"}],"curies":[{"name":"wp","href":"https:\/\/api.w.org\/{rel}","templated":true}]}}