{"id":128226,"date":"2021-03-10T09:30:00","date_gmt":"2021-03-10T08:30:00","guid":{"rendered":"http:\/\/www.tucomarca.com\/wordpress\/segunda\/?p=128226"},"modified":"2021-03-10T13:18:39","modified_gmt":"2021-03-10T12:18:39","slug":"requena-limita-a-dues-hores-laparcament-gratuit-en-la-via-publica","status":"publish","type":"post","link":"https:\/\/www.tucomarca.com\/wordpress\/segunda\/ca\/requena-limita-a-dues-hores-laparcament-gratuit-en-la-via-publica\/","title":{"rendered":"Requena limita a dues hores l&#8217;aparcament gratu\u00eft en la via p\u00fablica"},"content":{"rendered":"\n<p>A Requena ha entrat en vigor l&#8217;estacionament limitat per a vehicles en la via p\u00fablica. Aquesta regulaci\u00f3 s&#8217;aplicar\u00e0 als empla\u00e7aments coneguts com a zona blava. D&#8217;aquesta manera, els vehicles podran aparcar de manera gratu\u00efta durant un per\u00edode m\u00e0xim de 2 hores en una pla\u00e7a i no el podran fer en la mateixa la resta del dia.<\/p>\n\n\n\n<p>Per a combinar la gratu\u00eftat del servei amb la seua efectivitat, el consistori ha instal\u00b7lat sensors de pres\u00e8ncia en les diferents places, per la qual cosa els vehicles que aparquen en les mateixes hauran de respectar els seus l\u00edmits ajustant-se a la senyalitzaci\u00f3 establida.<\/p>\n\n\n\n<p>L&#8217;horari en el qual ser\u00e0 efectiva aquesta norma en totes les zones ORA ser\u00e0 de dilluns a divendres, de 9.00 hores a.m a 14.00 hores p. m. i de 17.00 hores p.m a 20.00 hores p. m.i els dissabtes de 9.00 hores a.m a 14.00 hores p. m.<\/p>\n\n\n\n<p>Els dies oficialment declarats festius no ser\u00e0 aplicable la regulaci\u00f3.<\/p>\n\n\n\n<p>En principi i amb l&#8217;objectiu d&#8217;assegurar que el m\u00e0xim n\u00famero de poblaci\u00f3 coneix la nova regulaci\u00f3, les persones que incomplisquen la norma no seran sancionades econ\u00f2micament, sin\u00f3 que simplement se&#8217;ls avisar\u00e0 de la seua infracci\u00f3. Informa, Luis Ib\u00e1\u00f1ez.<\/p>\n","protected":false},"excerpt":{"rendered":"<div class=\"mh-excerpt\">A Requena ha entrat en vigor l&#8217;estacionament limitat per a vehicles en la via p\u00fablica. Aquesta regulaci\u00f3 s&#8217;aplicar\u00e0 als empla\u00e7aments coneguts com a zona blava. D&#8217;aquesta manera, els vehicles podran aparcar de manera gratu\u00efta durant <a class=\"mh-excerpt-more\" href=\"https:\/\/www.tucomarca.com\/wordpress\/segunda\/ca\/requena-limita-a-dues-hores-laparcament-gratuit-en-la-via-publica\/\" title=\"Requena limita a dues hores l&#8217;aparcament gratu\u00eft en la via p\u00fablica\">[+] <\/a><\/div>\n","protected":false},"author":12,"featured_media":107591,"comment_status":"open","ping_status":"open","sticky":false,"template":"","format":"standard","meta":{"footnotes":""},"categories":[10898,10948,10894,10947,10908,10909,10896],"tags":[14039,11099,10910],"class_list":{"0":"post-128226","1":"post","2":"type-post","3":"status-publish","4":"format-standard","5":"has-post-thumbnail","7":"category-ventana-ca","8":"category-infraestructuras-ca","9":"category-la-comarca-ca","10":"category-politica","11":"category-requena-ca","12":"category-requena-utiel-ca","13":"category-seccion-ca","14":"tag-aparcamiento-gratuito-ca","15":"tag-requena-ca","16":"tag-requena-utiel-ca"},"_links":{"self":[{"href":"https:\/\/www.tucomarca.com\/wordpress\/segunda\/ca\/wp-json\/wp\/v2\/posts\/128226","targetHints":{"allow":["GET"]}}],"collection":[{"href":"https:\/\/www.tucomarca.com\/wordpress\/segunda\/ca\/wp-json\/wp\/v2\/posts"}],"about":[{"href":"https:\/\/www.tucomarca.com\/wordpress\/segunda\/ca\/wp-json\/wp\/v2\/types\/post"}],"author":[{"embeddable":true,"href":"https:\/\/www.tucomarca.com\/wordpress\/segunda\/ca\/wp-json\/wp\/v2\/users\/12"}],"replies":[{"embeddable":true,"href":"https:\/\/www.tucomarca.com\/wordpress\/segunda\/ca\/wp-json\/wp\/v2\/comments?post=128226"}],"version-history":[{"count":0,"href":"https:\/\/www.tucomarca.com\/wordpress\/segunda\/ca\/wp-json\/wp\/v2\/posts\/128226\/revisions"}],"wp:featuredmedia":[{"embeddable":true,"href":"https:\/\/www.tucomarca.com\/wordpress\/segunda\/ca\/wp-json\/wp\/v2\/media\/107591"}],"wp:attachment":[{"href":"https:\/\/www.tucomarca.com\/wordpress\/segunda\/ca\/wp-json\/wp\/v2\/media?parent=128226"}],"wp:term":[{"taxonomy":"category","embeddable":true,"href":"https:\/\/www.tucomarca.com\/wordpress\/segunda\/ca\/wp-json\/wp\/v2\/categories?post=128226"},{"taxonomy":"post_tag","embeddable":true,"href":"https:\/\/www.tucomarca.com\/wordpress\/segunda\/ca\/wp-json\/wp\/v2\/tags?post=128226"}],"curies":[{"name":"wp","href":"https:\/\/api.w.org\/{rel}","templated":true}]}}