{"id":128311,"date":"2021-03-10T09:01:00","date_gmt":"2021-03-10T08:01:00","guid":{"rendered":"http:\/\/www.tucomarca.com\/wordpress\/segunda\/?p=128311"},"modified":"2021-03-11T02:18:56","modified_gmt":"2021-03-11T01:18:56","slug":"arranca-la-campanya-contra-el-mosquit-tigre-a-leliana","status":"publish","type":"post","link":"https:\/\/www.tucomarca.com\/wordpress\/segunda\/ca\/arranca-la-campanya-contra-el-mosquit-tigre-a-leliana\/","title":{"rendered":"Arranca la campanya contra el mosquit tigre a l&#8217;Eliana"},"content":{"rendered":"\n<h4 class=\"wp-block-heading\"><strong>Les piscines i basses de la localitat hauran de mantindre&#8217;s tractades per a evitar la proliferaci\u00f3 de larves.<\/strong>&nbsp;<\/h4>\n\n\n\n<p>La Regidoria de Sostenibilitat Ambiental ha comen\u00e7at aquesta setmana una campanya d&#8217;informaci\u00f3 sobre l&#8217;obligaci\u00f3 de mantindre les piscines o basses particulars per a evitar la proliferaci\u00f3 de mosquits tigre. I \u00e9s que d&#8217;acord amb la nova ordenan\u00e7a de neteja i clos de parcel\u00b7les i solars de l&#8217;Ajuntament, l&#8217;aigua d&#8217;aquestes piscines haur\u00e0 de romandre en condicions higi\u00e8niques durant tot l&#8217;any, havent d&#8217;efectuar-se necess\u00e0riament els tractaments sanitaris adequats per a evitar la proliferaci\u00f3 de larves de mosquit.<\/p>\n\n\n\n<p>Quant a les piscines i basses buides \u00e9s necessari preservar-les completament seques, amb especial atenci\u00f3 a les zones que puguen retindre xicotetes quantitats d&#8217;aigua com els desguassos del fons, els <em>skimmers<\/em>, etc. El fullet informatiu, que arribar\u00e0 a totes les \u00e0rees residencials, recorda que l&#8217;incompliment d&#8217;aquesta obligaci\u00f3 constitueix una infracci\u00f3 greu, que podr\u00e0 ser sancionada amb una multa de 750 a 1500 euros.&nbsp;<\/p>\n\n\n\n<p>La Regidoria recorda tamb\u00e9 que per a eliminar possibles focus de cria, la ciutadania ha de revisar peri\u00f2dicament els llocs i objectes on poden produir-se xicotetes acumulacions d&#8217;aigua com per exemple poals, plats de tests, \u00fatils d&#8217;animals de companyia, peus de para-sols, piques d&#8217;exterior, canals de desgu\u00e0s, aix\u00ed com clots en el paviment exterior on puga estancar-se aigua.&nbsp;<\/p>\n\n\n\n<p>Per part seua, el Consistori iniciar\u00e0 el mes vinent d&#8217;abril la seua campanya anual de lluita contra aquesta plaga que reapareix amb el comen\u00e7ament del bon temps i es prolonga durant tot l&#8217;estiu, amb el tractament d&#8217;embornals i fonts municipals. Els larvicides preventius s&#8217;apliquen quinzenalment fins a novembre sobre embornals, fonts i basses en zones cr\u00edtiques dels espais p\u00fablics.&nbsp;<\/p>\n\n\n\n<p>Tal com ha explicat la regidora de Sostenibilitat Ambiental, Cristina D\u00edaz, la prevenci\u00f3 i informaci\u00f3 \u00e9s el millor m\u00e8tode contra el mosquit tigre, <em>\u201cper aix\u00f2 necessitem la col\u00b7laboraci\u00f3 de tota la ciutadania per a evitar la seua proliferaci\u00f3 en el nostre municipi<\/em>\u201d.<\/p>\n","protected":false},"excerpt":{"rendered":"<div class=\"mh-excerpt\">Les piscines i basses de la localitat hauran de mantindre&#8217;s tractades per a evitar la proliferaci\u00f3 de larves.&nbsp; La Regidoria de Sostenibilitat Ambiental ha comen\u00e7at aquesta setmana una campanya d&#8217;informaci\u00f3 sobre l&#8217;obligaci\u00f3 de mantindre les <a class=\"mh-excerpt-more\" href=\"https:\/\/www.tucomarca.com\/wordpress\/segunda\/ca\/arranca-la-campanya-contra-el-mosquit-tigre-a-leliana\/\" title=\"Arranca la campanya contra el mosquit tigre a l&#8217;Eliana\">[+] <\/a><\/div>\n","protected":false},"author":12,"featured_media":111919,"comment_status":"open","ping_status":"open","sticky":false,"template":"","format":"standard","meta":{"footnotes":""},"categories":[10892,11010,10948,10894,10893,10903,10896,10897],"tags":[10395,10433,8551],"class_list":{"0":"post-128311","1":"post","2":"type-post","3":"status-publish","4":"format-standard","5":"has-post-thumbnail","7":"category-camp-de-turia-ca","8":"category-canal-salud","9":"category-infraestructuras-ca","10":"category-la-comarca-ca","11":"category-leliana-ca","12":"category-medio-ambiente-la-comarca-ca","13":"category-seccion-ca","14":"category-sucesos-la-comarca-ca","15":"tag-camp-de-turia","16":"tag-leliana","17":"tag-mosquito-tigre"},"_links":{"self":[{"href":"https:\/\/www.tucomarca.com\/wordpress\/segunda\/ca\/wp-json\/wp\/v2\/posts\/128311","targetHints":{"allow":["GET"]}}],"collection":[{"href":"https:\/\/www.tucomarca.com\/wordpress\/segunda\/ca\/wp-json\/wp\/v2\/posts"}],"about":[{"href":"https:\/\/www.tucomarca.com\/wordpress\/segunda\/ca\/wp-json\/wp\/v2\/types\/post"}],"author":[{"embeddable":true,"href":"https:\/\/www.tucomarca.com\/wordpress\/segunda\/ca\/wp-json\/wp\/v2\/users\/12"}],"replies":[{"embeddable":true,"href":"https:\/\/www.tucomarca.com\/wordpress\/segunda\/ca\/wp-json\/wp\/v2\/comments?post=128311"}],"version-history":[{"count":0,"href":"https:\/\/www.tucomarca.com\/wordpress\/segunda\/ca\/wp-json\/wp\/v2\/posts\/128311\/revisions"}],"wp:featuredmedia":[{"embeddable":true,"href":"https:\/\/www.tucomarca.com\/wordpress\/segunda\/ca\/wp-json\/wp\/v2\/media\/111919"}],"wp:attachment":[{"href":"https:\/\/www.tucomarca.com\/wordpress\/segunda\/ca\/wp-json\/wp\/v2\/media?parent=128311"}],"wp:term":[{"taxonomy":"category","embeddable":true,"href":"https:\/\/www.tucomarca.com\/wordpress\/segunda\/ca\/wp-json\/wp\/v2\/categories?post=128311"},{"taxonomy":"post_tag","embeddable":true,"href":"https:\/\/www.tucomarca.com\/wordpress\/segunda\/ca\/wp-json\/wp\/v2\/tags?post=128311"}],"curies":[{"name":"wp","href":"https:\/\/api.w.org\/{rel}","templated":true}]}}