{"id":128437,"date":"2021-03-05T23:30:00","date_gmt":"2021-03-05T22:30:00","guid":{"rendered":"http:\/\/www.tucomarca.com\/wordpress\/segunda\/?p=128437"},"modified":"2021-03-12T12:45:32","modified_gmt":"2021-03-12T11:45:32","slug":"pedro-morata-realitza-en-radio-bunyol-tv-el-seu-programa-especial-sobre-la-situacio-del-valencia-cf","status":"publish","type":"post","link":"https:\/\/www.tucomarca.com\/wordpress\/segunda\/ca\/pedro-morata-realitza-en-radio-bunyol-tv-el-seu-programa-especial-sobre-la-situacio-del-valencia-cf\/","title":{"rendered":"Pedro Morata realitza en R\u00e0dio Bunyol TV el seu programa especial sobre la situaci\u00f3 del Val\u00e8ncia CF"},"content":{"rendered":"\n<p>Pedro Morata ha gravat aquesta setmana en les instal\u00b7lacions de televisi\u00f3 de R\u00e0dio Bu\u00f1ol TV un programa especial sobre la delicada situaci\u00f3 institucional, econ\u00f2mica i esportiva per la qual travessa del Val\u00e8ncia CF.<\/p>\n\n\n\n<p>El programa gravat i editat en els estudis de televisi\u00f3, ja est\u00e0 disponible en el canal de Youtube de Pedro Morata. &#8220;En ell es va tractar l&#8217;actualitat del Val\u00e8ncia CF; va agrair enormement el poder gravar en unes instal\u00b7lacions de luxe com les pr\u00f2pies de R\u00e0dio Bu\u00f1ol TV, i va informar de la seua situaci\u00f3 personal i professional. No deixes de veure-ho&#8221;, com han informat des de R\u00e0dio Bu\u00f1ol TV.<\/p>\n\n\n\n<p>En la web de R\u00e0dio Bu\u00f1ol TV i en xarxes socials hi ha disponible fotos del programa i tamb\u00e9 el programa \u00edntegre. El programa es diu GAME OVER Mr. LIM<\/p>\n\n\n\n<figure class=\"wp-block-embed is-type-video is-provider-youtube wp-block-embed-youtube wp-embed-aspect-16-9 wp-has-aspect-ratio\"><div class=\"wp-block-embed__wrapper\">\n<iframe loading=\"lazy\" title=\"Game Over Mr Lim\" width=\"500\" height=\"281\" src=\"https:\/\/www.youtube.com\/embed\/KqYqiHg9guE?feature=oembed\" frameborder=\"0\" allow=\"accelerometer; autoplay; clipboard-write; encrypted-media; gyroscope; picture-in-picture; web-share\" referrerpolicy=\"strict-origin-when-cross-origin\" allowfullscreen><\/iframe>\n<\/div><\/figure>\n","protected":false},"excerpt":{"rendered":"<div class=\"mh-excerpt\">Pedro Morata ha gravat aquesta setmana en les instal\u00b7lacions de televisi\u00f3 de R\u00e0dio Bu\u00f1ol TV un programa especial sobre la delicada situaci\u00f3 institucional, econ\u00f2mica i esportiva per la qual travessa del Val\u00e8ncia CF. El programa <a class=\"mh-excerpt-more\" href=\"https:\/\/www.tucomarca.com\/wordpress\/segunda\/ca\/pedro-morata-realitza-en-radio-bunyol-tv-el-seu-programa-especial-sobre-la-situacio-del-valencia-cf\/\" title=\"Pedro Morata realitza en R\u00e0dio Bunyol TV el seu programa especial sobre la situaci\u00f3 del Val\u00e8ncia CF\">[+] <\/a><\/div>\n","protected":false},"author":1,"featured_media":128435,"comment_status":"open","ping_status":"open","sticky":false,"template":"","format":"standard","meta":{"footnotes":""},"categories":[10911,11014,11003,10904,10912,10896],"tags":[14083,12606],"class_list":{"0":"post-128437","1":"post","2":"type-post","3":"status-publish","4":"format-standard","5":"has-post-thumbnail","7":"category-bunol-ca","8":"category-canal-valencia-cf-ca","9":"category-sports","10":"category-sin-categorizar-ca","11":"category-la-hoya-ca","12":"category-seccion-ca","13":"tag-pedro-morata-ca","14":"tag-valencia-cf-ca"},"_links":{"self":[{"href":"https:\/\/www.tucomarca.com\/wordpress\/segunda\/ca\/wp-json\/wp\/v2\/posts\/128437","targetHints":{"allow":["GET"]}}],"collection":[{"href":"https:\/\/www.tucomarca.com\/wordpress\/segunda\/ca\/wp-json\/wp\/v2\/posts"}],"about":[{"href":"https:\/\/www.tucomarca.com\/wordpress\/segunda\/ca\/wp-json\/wp\/v2\/types\/post"}],"author":[{"embeddable":true,"href":"https:\/\/www.tucomarca.com\/wordpress\/segunda\/ca\/wp-json\/wp\/v2\/users\/1"}],"replies":[{"embeddable":true,"href":"https:\/\/www.tucomarca.com\/wordpress\/segunda\/ca\/wp-json\/wp\/v2\/comments?post=128437"}],"version-history":[{"count":0,"href":"https:\/\/www.tucomarca.com\/wordpress\/segunda\/ca\/wp-json\/wp\/v2\/posts\/128437\/revisions"}],"wp:featuredmedia":[{"embeddable":true,"href":"https:\/\/www.tucomarca.com\/wordpress\/segunda\/ca\/wp-json\/wp\/v2\/media\/128435"}],"wp:attachment":[{"href":"https:\/\/www.tucomarca.com\/wordpress\/segunda\/ca\/wp-json\/wp\/v2\/media?parent=128437"}],"wp:term":[{"taxonomy":"category","embeddable":true,"href":"https:\/\/www.tucomarca.com\/wordpress\/segunda\/ca\/wp-json\/wp\/v2\/categories?post=128437"},{"taxonomy":"post_tag","embeddable":true,"href":"https:\/\/www.tucomarca.com\/wordpress\/segunda\/ca\/wp-json\/wp\/v2\/tags?post=128437"}],"curies":[{"name":"wp","href":"https:\/\/api.w.org\/{rel}","templated":true}]}}